{"id":99864,"date":"2022-01-05T11:52:30","date_gmt":"2022-01-05T10:52:30","guid":{"rendered":"https:\/\/www.yvesbeck.wine\/?p=99864"},"modified":"2026-01-04T18:30:42","modified_gmt":"2026-01-04T17:30:42","slug":"angelus-se-retire-du-classement-2022","status":"publish","type":"post","link":"https:\/\/www.yvesbeck.wine\/fr\/angelus-se-retire-du-classement-2022\/","title":{"rendered":"Ang\u00e9lus se retire du classement 2022"},"content":{"rendered":"<p style=\"text-align: justify;\">Ce n&rsquo;est pas vraiment une surprise, mais cela m\u00e9rite n\u00e9anmoins d&rsquo;\u00eatre relev\u00e9 : Ch\u00e2teau Ang\u00e9lus sort du classement de Saint-Emilion !<\/p>\n<h5 style=\"text-align: justify;\"><strong>Situation d\u00e9licate ?<\/strong><\/h5>\n<p style=\"text-align: justify;\">Poser la question est y r\u00e9pondre, car il est \u00e9vident qu&rsquo;avec le d\u00e9part de trois des quatre 1er Grands Crus Class\u00e9s A, le classement officiel 2022 de Saint-Emilion perd trois propri\u00e9t\u00e9s prestigieuses, mondialement connues.<\/p>\n<h5 style=\"text-align: justify;\"><strong>Quo Vadis ?<\/strong><\/h5>\n<p style=\"text-align: justify;\">Plus que jamais, la cr\u00e9dibilit\u00e9 du nouveau classement, qui n&rsquo;est pas encore paru, semble bien entam\u00e9e. Il est fort \u00e0 parier que nous ne sommes pas au bout de nos surprises. Ne manquez pas de suivre les publications de <a href=\"https:\/\/www.yvesbeck.wine\/fr\" target=\"_blank\" rel=\"noopener\">yvesbeck.wine<\/a> au cours des semaines \u00e0 venir.<\/p>\n<hr \/>\n<h5 style=\"text-align: justify;\"><strong>Communiqu\u00e9 de presse officiel<\/strong><\/h5>\n<p style=\"text-align: justify;\">Le classement de Saint-Emilion a longtemps \u00e9t\u00e9 un formidable outil d\u2019\u00e9mulation collective qui a permis de promouvoir efficacement l\u2019appellation.<\/p>\n<p style=\"text-align: justify;\">Les enjeux qu\u2019il porte en son sein ont valu \u00e0 ce classement de nombreuses critiques, et en ont fait la cible d\u2019un syst\u00e8me de d\u00e9nigrement ayant culmin\u00e9 avec de nombreux recours en justice. En 2006 bien s\u00fbr, mais aussi en 2012 (des proc\u00e9dures sont toujours en cours presque 10 ans plus tard), et nous venons d\u2019apprendre que le classement de 2022, en cours d\u2019\u00e9laboration, est attaqu\u00e9 en r\u00e9f\u00e9r\u00e9 devant les tribunaux par deux propri\u00e9t\u00e9s.<\/p>\n<p style=\"text-align: justify;\">De source de progr\u00e8s, le classement de Saint-Emilion est devenu vecteur d\u2019antagonisme et d\u2019instabilit\u00e9.<\/p>\n<p style=\"text-align: justify;\">Tout en d\u00e9plorant ce contexte d\u00e9l\u00e9t\u00e8re, Ang\u00e9lus en prend acte et quitte ce syst\u00e8me en se retirant du classement de 2022.<\/p>\n<p style=\"text-align: justify;\">Naturellement, la d\u00e9cision r\u00e9cente qui, apr\u00e8s plus de dix ann\u00e9es de proc\u00e9dure, a sanctionn\u00e9 Hubert de Bo\u00fcard au paiement d\u2019une amende en lui reprochant sa participation aux instances professionnelles, nous conforte dans ce choix de nous extraire d\u2019une proc\u00e9dure dont la viabilit\u00e9 ne parait plus assur\u00e9e, et dont les avantages n\u2019\u00e9quilibrent plus les risques de mises en cause injustes.<\/p>\n<p style=\"text-align: justify;\">Avec humilit\u00e9, Ang\u00e9lus continuera d\u2019inscrire sa trajectoire dans la m\u00eame qu\u00eate d\u2019excellence et se consacrera plus que jamais \u00e0 sa vocation premi\u00e8re, que perp\u00e9tue la famille de Bo\u00fcard de Laforest depuis huit g\u00e9n\u00e9rations : produire de grands vins propres \u00e0 traverser les \u00e9poques, qui soient le reflet de leur appellation, de leur terroir et de chaque mill\u00e9sime.<\/p>\n<p style=\"text-align: justify;\">\u00ab <em>Si les valeurs qui nous sont ch\u00e8res et la dynamique dans laquelle Ang\u00e9lus est aujourd\u2019hui engag\u00e9 nous conduisent \u00e0 consid\u00e9rer le syst\u00e8me actuel comme inadapt\u00e9 aux enjeux de notre domaine et de son appellation, l\u2019attachement de notre famille \u00e0 la r\u00e9gion et \u00e0 la r\u00e9putation de ses vins demeure intact. Ang\u00e9lus continuera \u00e0 faire rayonner Saint-Emilion et les grands crus du bordelais sur tous les continents, et sous toutes les latitudes \u00bb <\/em>d\u00e9clare St\u00e9phanie de Bo\u00fcard-Rivoal, Pr\u00e9sidente d\u2019Ang\u00e9lus.<\/p>\n<div style=\"text-align: justify;\">\n<hr \/>\n<\/div>\n<div style=\"text-align: justify;\"><a href=\"https:\/\/www.angelus.com\/\" target=\"_blank\" rel=\"noopener\">Visitez le site du Ch\u00e2teau Ang\u00e9lus<\/a><\/div>\n<div style=\"text-align: justify;\"><\/div>\n<div style=\"text-align: justify;\">Cr\u00e9dit photo titre : Ch\u00e2teau Ang\u00e9lus<\/div>\n<div style=\"text-align: justify;\">\n<hr \/>\n<\/div>\n<p><a href=\"https:\/\/www.yvesbeck.wine\/fr\/produkt\/swissabo-basic\/\">Abonnez-vous \u00e0 yvesbeck.wine \u00e0 partir de CHF. 98.00 par ann\u00e9e et acc\u00e9dez \u00e0<strong> 38599 notes de d\u00e9gustation en ligne<\/strong><\/a><\/p>\n<p>&nbsp;<\/p>\n","protected":false},"excerpt":{"rendered":"<p>Ce n&rsquo;est pas vraiment une surprise, mais cela m\u00e9rite n\u00e9anmoins d&rsquo;\u00eatre relev\u00e9 : Ch\u00e2teau Ang\u00e9lus sort du classement de Saint-Emilion ! Situation d\u00e9licate ? Poser la question est y r\u00e9pondre, car il est \u00e9vident qu&rsquo;avec le d\u00e9part de trois des quatre 1er Grands Crus Class\u00e9s A, le classement officiel 2022 de Saint-Emilion perd trois propri\u00e9t\u00e9s [&hellip;]<\/p>\n","protected":false},"author":14,"featured_media":163043,"comment_status":"closed","ping_status":"closed","sticky":false,"template":"","format":"standard","meta":{"_acf_changed":false,"_et_pb_use_builder":"","_et_pb_old_content":"","_et_gb_content_width":"","footnotes":""},"categories":[190,149],"tags":[],"class_list":["post-99864","post","type-post","status-publish","format-standard","has-post-thumbnail","hentry","category-bordeaux-france","category-france"],"acf":[],"yoast_head":"<!-- This site is optimized with the Yoast SEO plugin v26.9 - https:\/\/yoast.com\/product\/yoast-seo-wordpress\/ -->\n<title>Ang\u00e9lus se retire du classement 2022 - Yves Beck<\/title>\n<meta name=\"description\" content=\"En date du 5 janvier 2022, Ch\u00e2teau Ang\u00e9lus a fait part de son choix de se retirer du classement 2022 de Saint-Emilion.\" \/>\n<meta name=\"robots\" content=\"index, follow, max-snippet:-1, max-image-preview:large, max-video-preview:-1\" \/>\n<link rel=\"canonical\" href=\"https:\/\/www.yvesbeck.wine\/fr\/angelus-se-retire-du-classement-2022\/\" \/>\n<meta property=\"og:locale\" content=\"fr_FR\" \/>\n<meta property=\"og:type\" content=\"article\" \/>\n<meta property=\"og:title\" content=\"Ang\u00e9lus se retire du classement 2022 - Yves Beck\" \/>\n<meta property=\"og:description\" content=\"En date du 5 janvier 2022, Ch\u00e2teau Ang\u00e9lus a fait part de son choix de se retirer du classement 2022 de Saint-Emilion.\" \/>\n<meta property=\"og:url\" content=\"https:\/\/www.yvesbeck.wine\/fr\/angelus-se-retire-du-classement-2022\/\" \/>\n<meta property=\"og:site_name\" content=\"Yves Beck\" \/>\n<meta property=\"article:publisher\" content=\"https:\/\/www.facebook.com\/beckustator\" \/>\n<meta property=\"article:author\" content=\"https:\/\/www.facebook.com\/beckustator\" \/>\n<meta property=\"article:published_time\" content=\"2022-01-05T10:52:30+00:00\" \/>\n<meta property=\"article:modified_time\" content=\"2026-01-04T17:30:42+00:00\" \/>\n<meta property=\"og:image\" content=\"https:\/\/www.yvesbeck.wine\/wp-content\/uploads\/2022\/01\/Chateau-Angelus-scaled.jpg\" \/>\n\t<meta property=\"og:image:width\" content=\"2560\" \/>\n\t<meta property=\"og:image:height\" content=\"1706\" \/>\n\t<meta property=\"og:image:type\" content=\"image\/jpeg\" \/>\n<meta name=\"author\" content=\"Yves Beck\" \/>\n<meta name=\"twitter:card\" content=\"summary_large_image\" \/>\n<meta name=\"twitter:creator\" content=\"@beckustator\" \/>\n<meta name=\"twitter:site\" content=\"@beckustator\" \/>\n<meta name=\"twitter:label1\" content=\"\u00c9crit par\" \/>\n\t<meta name=\"twitter:data1\" content=\"Yves Beck\" \/>\n\t<meta name=\"twitter:label2\" content=\"Dur\u00e9e de lecture estim\u00e9e\" \/>\n\t<meta name=\"twitter:data2\" content=\"3 minutes\" \/>\n<script type=\"application\/ld+json\" class=\"yoast-schema-graph\">{\"@context\":\"https:\/\/schema.org\",\"@graph\":[{\"@type\":\"Article\",\"@id\":\"https:\/\/www.yvesbeck.wine\/fr\/angelus-se-retire-du-classement-2022\/#article\",\"isPartOf\":{\"@id\":\"https:\/\/www.yvesbeck.wine\/fr\/angelus-se-retire-du-classement-2022\/\"},\"author\":{\"name\":\"Yves Beck\",\"@id\":\"https:\/\/www.yvesbeck.wine\/#\/schema\/person\/33cc92b5916fa8e634fe59f0121a0cad\"},\"headline\":\"Ang\u00e9lus se retire du classement 2022\",\"datePublished\":\"2022-01-05T10:52:30+00:00\",\"dateModified\":\"2026-01-04T17:30:42+00:00\",\"mainEntityOfPage\":{\"@id\":\"https:\/\/www.yvesbeck.wine\/fr\/angelus-se-retire-du-classement-2022\/\"},\"wordCount\":532,\"publisher\":{\"@id\":\"https:\/\/www.yvesbeck.wine\/#organization\"},\"image\":{\"@id\":\"https:\/\/www.yvesbeck.wine\/fr\/angelus-se-retire-du-classement-2022\/#primaryimage\"},\"thumbnailUrl\":\"https:\/\/www.yvesbeck.wine\/wp-content\/uploads\/2022\/01\/Chateau-Angelus-scaled.jpg\",\"articleSection\":[\"Bordeaux\",\"France\"],\"inLanguage\":\"fr-FR\"},{\"@type\":\"WebPage\",\"@id\":\"https:\/\/www.yvesbeck.wine\/fr\/angelus-se-retire-du-classement-2022\/\",\"url\":\"https:\/\/www.yvesbeck.wine\/fr\/angelus-se-retire-du-classement-2022\/\",\"name\":\"Ang\u00e9lus se retire du classement 2022 - Yves Beck\",\"isPartOf\":{\"@id\":\"https:\/\/www.yvesbeck.wine\/#website\"},\"primaryImageOfPage\":{\"@id\":\"https:\/\/www.yvesbeck.wine\/fr\/angelus-se-retire-du-classement-2022\/#primaryimage\"},\"image\":{\"@id\":\"https:\/\/www.yvesbeck.wine\/fr\/angelus-se-retire-du-classement-2022\/#primaryimage\"},\"thumbnailUrl\":\"https:\/\/www.yvesbeck.wine\/wp-content\/uploads\/2022\/01\/Chateau-Angelus-scaled.jpg\",\"datePublished\":\"2022-01-05T10:52:30+00:00\",\"dateModified\":\"2026-01-04T17:30:42+00:00\",\"description\":\"En date du 5 janvier 2022, Ch\u00e2teau Ang\u00e9lus a fait part de son choix de se retirer du classement 2022 de Saint-Emilion.\",\"breadcrumb\":{\"@id\":\"https:\/\/www.yvesbeck.wine\/fr\/angelus-se-retire-du-classement-2022\/#breadcrumb\"},\"inLanguage\":\"fr-FR\",\"potentialAction\":[{\"@type\":\"ReadAction\",\"target\":[\"https:\/\/www.yvesbeck.wine\/fr\/angelus-se-retire-du-classement-2022\/\"]}]},{\"@type\":\"ImageObject\",\"inLanguage\":\"fr-FR\",\"@id\":\"https:\/\/www.yvesbeck.wine\/fr\/angelus-se-retire-du-classement-2022\/#primaryimage\",\"url\":\"https:\/\/www.yvesbeck.wine\/wp-content\/uploads\/2022\/01\/Chateau-Angelus-scaled.jpg\",\"contentUrl\":\"https:\/\/www.yvesbeck.wine\/wp-content\/uploads\/2022\/01\/Chateau-Angelus-scaled.jpg\",\"width\":2560,\"height\":1706,\"caption\":\"Ch\u00e2teau Ang\u00e9lus - yvesbeck.wine\"},{\"@type\":\"BreadcrumbList\",\"@id\":\"https:\/\/www.yvesbeck.wine\/fr\/angelus-se-retire-du-classement-2022\/#breadcrumb\",\"itemListElement\":[{\"@type\":\"ListItem\",\"position\":1,\"name\":\"Startseite\",\"item\":\"https:\/\/www.yvesbeck.wine\/fr\/\"},{\"@type\":\"ListItem\",\"position\":2,\"name\":\"Ang\u00e9lus se retire du classement 2022\"}]},{\"@type\":\"WebSite\",\"@id\":\"https:\/\/www.yvesbeck.wine\/#website\",\"url\":\"https:\/\/www.yvesbeck.wine\/\",\"name\":\"Yves Beck\",\"description\":\"Beckustator\",\"publisher\":{\"@id\":\"https:\/\/www.yvesbeck.wine\/#organization\"},\"potentialAction\":[{\"@type\":\"SearchAction\",\"target\":{\"@type\":\"EntryPoint\",\"urlTemplate\":\"https:\/\/www.yvesbeck.wine\/?s={search_term_string}\"},\"query-input\":{\"@type\":\"PropertyValueSpecification\",\"valueRequired\":true,\"valueName\":\"search_term_string\"}}],\"inLanguage\":\"fr-FR\"},{\"@type\":\"Organization\",\"@id\":\"https:\/\/www.yvesbeck.wine\/#organization\",\"name\":\"yvesbeck.wine\",\"url\":\"https:\/\/www.yvesbeck.wine\/\",\"logo\":{\"@type\":\"ImageObject\",\"inLanguage\":\"fr-FR\",\"@id\":\"https:\/\/www.yvesbeck.wine\/#\/schema\/logo\/image\/\",\"url\":\"https:\/\/www.yvesbeck.wine\/wp-content\/uploads\/frontend\/2016\/07\/20160722-Logo-Sidebar.png\",\"contentUrl\":\"https:\/\/www.yvesbeck.wine\/wp-content\/uploads\/frontend\/2016\/07\/20160722-Logo-Sidebar.png\",\"width\":376,\"height\":200,\"caption\":\"yvesbeck.wine\"},\"image\":{\"@id\":\"https:\/\/www.yvesbeck.wine\/#\/schema\/logo\/image\/\"},\"sameAs\":[\"https:\/\/www.facebook.com\/beckustator\",\"https:\/\/x.com\/beckustator\",\"https:\/\/www.instagram.com\/beckustator\",\"https:\/\/www.linkedin.com\/in\/yvesbeck\/\"]},{\"@type\":\"Person\",\"@id\":\"https:\/\/www.yvesbeck.wine\/#\/schema\/person\/33cc92b5916fa8e634fe59f0121a0cad\",\"name\":\"Yves Beck\",\"sameAs\":[\"https:\/\/www.yvesbeck.wine\",\"https:\/\/www.facebook.com\/beckustator\",\"https:\/\/www.instagram.com\/beckustator\",\"https:\/\/www.linkedin\/in\/yvesbeck\"],\"url\":\"https:\/\/www.yvesbeck.wine\/fr\/author\/ddb68\/\"}]}<\/script>\n<!-- \/ Yoast SEO plugin. -->","yoast_head_json":{"title":"Ang\u00e9lus se retire du classement 2022 - Yves Beck","description":"En date du 5 janvier 2022, Ch\u00e2teau Ang\u00e9lus a fait part de son choix de se retirer du classement 2022 de Saint-Emilion.","robots":{"index":"index","follow":"follow","max-snippet":"max-snippet:-1","max-image-preview":"max-image-preview:large","max-video-preview":"max-video-preview:-1"},"canonical":"https:\/\/www.yvesbeck.wine\/fr\/angelus-se-retire-du-classement-2022\/","og_locale":"fr_FR","og_type":"article","og_title":"Ang\u00e9lus se retire du classement 2022 - Yves Beck","og_description":"En date du 5 janvier 2022, Ch\u00e2teau Ang\u00e9lus a fait part de son choix de se retirer du classement 2022 de Saint-Emilion.","og_url":"https:\/\/www.yvesbeck.wine\/fr\/angelus-se-retire-du-classement-2022\/","og_site_name":"Yves Beck","article_publisher":"https:\/\/www.facebook.com\/beckustator","article_author":"https:\/\/www.facebook.com\/beckustator","article_published_time":"2022-01-05T10:52:30+00:00","article_modified_time":"2026-01-04T17:30:42+00:00","og_image":[{"width":2560,"height":1706,"url":"https:\/\/www.yvesbeck.wine\/wp-content\/uploads\/2022\/01\/Chateau-Angelus-scaled.jpg","type":"image\/jpeg"}],"author":"Yves Beck","twitter_card":"summary_large_image","twitter_creator":"@beckustator","twitter_site":"@beckustator","twitter_misc":{"\u00c9crit par":"Yves Beck","Dur\u00e9e de lecture estim\u00e9e":"3 minutes"},"schema":{"@context":"https:\/\/schema.org","@graph":[{"@type":"Article","@id":"https:\/\/www.yvesbeck.wine\/fr\/angelus-se-retire-du-classement-2022\/#article","isPartOf":{"@id":"https:\/\/www.yvesbeck.wine\/fr\/angelus-se-retire-du-classement-2022\/"},"author":{"name":"Yves Beck","@id":"https:\/\/www.yvesbeck.wine\/#\/schema\/person\/33cc92b5916fa8e634fe59f0121a0cad"},"headline":"Ang\u00e9lus se retire du classement 2022","datePublished":"2022-01-05T10:52:30+00:00","dateModified":"2026-01-04T17:30:42+00:00","mainEntityOfPage":{"@id":"https:\/\/www.yvesbeck.wine\/fr\/angelus-se-retire-du-classement-2022\/"},"wordCount":532,"publisher":{"@id":"https:\/\/www.yvesbeck.wine\/#organization"},"image":{"@id":"https:\/\/www.yvesbeck.wine\/fr\/angelus-se-retire-du-classement-2022\/#primaryimage"},"thumbnailUrl":"https:\/\/www.yvesbeck.wine\/wp-content\/uploads\/2022\/01\/Chateau-Angelus-scaled.jpg","articleSection":["Bordeaux","France"],"inLanguage":"fr-FR"},{"@type":"WebPage","@id":"https:\/\/www.yvesbeck.wine\/fr\/angelus-se-retire-du-classement-2022\/","url":"https:\/\/www.yvesbeck.wine\/fr\/angelus-se-retire-du-classement-2022\/","name":"Ang\u00e9lus se retire du classement 2022 - Yves Beck","isPartOf":{"@id":"https:\/\/www.yvesbeck.wine\/#website"},"primaryImageOfPage":{"@id":"https:\/\/www.yvesbeck.wine\/fr\/angelus-se-retire-du-classement-2022\/#primaryimage"},"image":{"@id":"https:\/\/www.yvesbeck.wine\/fr\/angelus-se-retire-du-classement-2022\/#primaryimage"},"thumbnailUrl":"https:\/\/www.yvesbeck.wine\/wp-content\/uploads\/2022\/01\/Chateau-Angelus-scaled.jpg","datePublished":"2022-01-05T10:52:30+00:00","dateModified":"2026-01-04T17:30:42+00:00","description":"En date du 5 janvier 2022, Ch\u00e2teau Ang\u00e9lus a fait part de son choix de se retirer du classement 2022 de Saint-Emilion.","breadcrumb":{"@id":"https:\/\/www.yvesbeck.wine\/fr\/angelus-se-retire-du-classement-2022\/#breadcrumb"},"inLanguage":"fr-FR","potentialAction":[{"@type":"ReadAction","target":["https:\/\/www.yvesbeck.wine\/fr\/angelus-se-retire-du-classement-2022\/"]}]},{"@type":"ImageObject","inLanguage":"fr-FR","@id":"https:\/\/www.yvesbeck.wine\/fr\/angelus-se-retire-du-classement-2022\/#primaryimage","url":"https:\/\/www.yvesbeck.wine\/wp-content\/uploads\/2022\/01\/Chateau-Angelus-scaled.jpg","contentUrl":"https:\/\/www.yvesbeck.wine\/wp-content\/uploads\/2022\/01\/Chateau-Angelus-scaled.jpg","width":2560,"height":1706,"caption":"Ch\u00e2teau Ang\u00e9lus - yvesbeck.wine"},{"@type":"BreadcrumbList","@id":"https:\/\/www.yvesbeck.wine\/fr\/angelus-se-retire-du-classement-2022\/#breadcrumb","itemListElement":[{"@type":"ListItem","position":1,"name":"Startseite","item":"https:\/\/www.yvesbeck.wine\/fr\/"},{"@type":"ListItem","position":2,"name":"Ang\u00e9lus se retire du classement 2022"}]},{"@type":"WebSite","@id":"https:\/\/www.yvesbeck.wine\/#website","url":"https:\/\/www.yvesbeck.wine\/","name":"Yves Beck","description":"Beckustator","publisher":{"@id":"https:\/\/www.yvesbeck.wine\/#organization"},"potentialAction":[{"@type":"SearchAction","target":{"@type":"EntryPoint","urlTemplate":"https:\/\/www.yvesbeck.wine\/?s={search_term_string}"},"query-input":{"@type":"PropertyValueSpecification","valueRequired":true,"valueName":"search_term_string"}}],"inLanguage":"fr-FR"},{"@type":"Organization","@id":"https:\/\/www.yvesbeck.wine\/#organization","name":"yvesbeck.wine","url":"https:\/\/www.yvesbeck.wine\/","logo":{"@type":"ImageObject","inLanguage":"fr-FR","@id":"https:\/\/www.yvesbeck.wine\/#\/schema\/logo\/image\/","url":"https:\/\/www.yvesbeck.wine\/wp-content\/uploads\/frontend\/2016\/07\/20160722-Logo-Sidebar.png","contentUrl":"https:\/\/www.yvesbeck.wine\/wp-content\/uploads\/frontend\/2016\/07\/20160722-Logo-Sidebar.png","width":376,"height":200,"caption":"yvesbeck.wine"},"image":{"@id":"https:\/\/www.yvesbeck.wine\/#\/schema\/logo\/image\/"},"sameAs":["https:\/\/www.facebook.com\/beckustator","https:\/\/x.com\/beckustator","https:\/\/www.instagram.com\/beckustator","https:\/\/www.linkedin.com\/in\/yvesbeck\/"]},{"@type":"Person","@id":"https:\/\/www.yvesbeck.wine\/#\/schema\/person\/33cc92b5916fa8e634fe59f0121a0cad","name":"Yves Beck","sameAs":["https:\/\/www.yvesbeck.wine","https:\/\/www.facebook.com\/beckustator","https:\/\/www.instagram.com\/beckustator","https:\/\/www.linkedin\/in\/yvesbeck"],"url":"https:\/\/www.yvesbeck.wine\/fr\/author\/ddb68\/"}]}},"_links":{"self":[{"href":"https:\/\/www.yvesbeck.wine\/fr\/wp-json\/wp\/v2\/posts\/99864","targetHints":{"allow":["GET"]}}],"collection":[{"href":"https:\/\/www.yvesbeck.wine\/fr\/wp-json\/wp\/v2\/posts"}],"about":[{"href":"https:\/\/www.yvesbeck.wine\/fr\/wp-json\/wp\/v2\/types\/post"}],"author":[{"embeddable":true,"href":"https:\/\/www.yvesbeck.wine\/fr\/wp-json\/wp\/v2\/users\/14"}],"replies":[{"embeddable":true,"href":"https:\/\/www.yvesbeck.wine\/fr\/wp-json\/wp\/v2\/comments?post=99864"}],"version-history":[{"count":5,"href":"https:\/\/www.yvesbeck.wine\/fr\/wp-json\/wp\/v2\/posts\/99864\/revisions"}],"predecessor-version":[{"id":376283,"href":"https:\/\/www.yvesbeck.wine\/fr\/wp-json\/wp\/v2\/posts\/99864\/revisions\/376283"}],"wp:featuredmedia":[{"embeddable":true,"href":"https:\/\/www.yvesbeck.wine\/fr\/wp-json\/wp\/v2\/media\/163043"}],"wp:attachment":[{"href":"https:\/\/www.yvesbeck.wine\/fr\/wp-json\/wp\/v2\/media?parent=99864"}],"wp:term":[{"taxonomy":"category","embeddable":true,"href":"https:\/\/www.yvesbeck.wine\/fr\/wp-json\/wp\/v2\/categories?post=99864"},{"taxonomy":"post_tag","embeddable":true,"href":"https:\/\/www.yvesbeck.wine\/fr\/wp-json\/wp\/v2\/tags?post=99864"}],"curies":[{"name":"wp","href":"https:\/\/api.w.org\/{rel}","templated":true}]}}