{"id":83407,"date":"2021-01-22T17:46:52","date_gmt":"2021-01-22T16:46:52","guid":{"rendered":"https:\/\/www.yvesbeck.wine\/?p=83407"},"modified":"2026-03-01T13:41:54","modified_gmt":"2026-03-01T12:41:54","slug":"cab3-trois-amis-trois-caves-un-vin-puissance-3","status":"publish","type":"post","link":"https:\/\/www.yvesbeck.wine\/fr\/cab3-trois-amis-trois-caves-un-vin-puissance-3\/","title":{"rendered":"Cab3 &#8211; Trois amis, trois caves, un vin puissance 3"},"content":{"rendered":"<p style=\"text-align: justify;\"><strong>Cab3 doit son nom aux synergies dont il r\u00e9sulte. 3 terroirs, 3 amis, 3 vinifs et le Cabernet Franc; \u00e7a fait bien Cab<sup>3\u00a0<\/sup><\/strong><\/p>\n<h4 style=\"text-align: justify;\">Pr\u00e9ambule pour Cab3<\/h4>\n<p style=\"text-align: justify;\">Le vin, fondamentalement, est le r\u00e9sultat d&rsquo;une symbiose entre diff\u00e9rents \u00e9l\u00e9ments ; il\u00a0 y a le terroir (qui inclut une s\u00e9rie de param\u00e8tres, dont le sol), le c\u00e9page et le vigneron.<\/p>\n<p style=\"text-align: justify;\">Le c\u00e9page, lui, il pousse. Il sait ce qu&rsquo;il a \u00e0 faire. Le vigneron r\u00e9colte, vinifie, \u00e9l\u00e8ve puis met en bouteille. Il sait aussi ce qu&rsquo;il a \u00e0 faire, mais \u00e7a ne vient pas tout seul et \u00e7a demande du temps. Alors imaginez un peu si tout \u00e0 coup des vignerons d\u00e9cident de faire un truc \u00e0 trois&#8230; enfin de cr\u00e9er un vin ! Cela fait quand-m\u00eame un sacr\u00e9 cumul.<\/p>\n<h4 style=\"text-align: justify;\"><img loading=\"lazy\" decoding=\"async\" class=\"size-medium wp-image-83416 alignleft\" src=\"https:\/\/www.yvesbeck.wine\/wp-content\/uploads\/2021\/01\/Cab3-bouchon-300x188.jpg\" alt=\"\" width=\"300\" height=\"188\" \/>3 terroirs, 3 amis, 3 vinifs<\/h4>\n<p style=\"text-align: justify;\">Cab3 c&rsquo;est l&rsquo;histoire de trois amis, passionn\u00e9s par la vigne, le vin et le Cabernet Franc. Parmi les nombreux d\u00e9nominateurs communs, il y a clairement une recherche de perfection. D&rsquo;ailleurs, avant m\u00eame que <a href=\"https:\/\/www.yvesbeck.wine\/fr\/beckustator\/\" target=\"_blank\" rel=\"noopener\">Beckustator<\/a> ne go\u00fbte le vin, il y a un \u00e9l\u00e9ment qui frappe d&rsquo;entr\u00e9e par sa qualit\u00e9 : le bouchon !<\/p>\n<p style=\"text-align: justify;\">C&rsquo;est s\u00fbr que lorsque l&rsquo;on se donne la peine de mener \u00e0 bien un projet r\u00e9unissant trois hommes, trois vinifications, trois visions et un \u00e9levage, \u00e7a serait quand-m\u00eame b\u00eate de se louper sur le bouchon ! Celui-ci c&rsquo;est du s\u00e9rieux, c&rsquo;est ce que l&rsquo;on utilise dans les plus prestigieux domaines du monde, donc les jalons sont pos\u00e9s avant-m\u00eame que tu ne go\u00fbtes le vin !<\/p>\n<p style=\"text-align: justify;\">Lorsque j&rsquo;\u00e9cris \u00ab\u00a0vinifs\u00a0\u00bb,vous l&rsquo;aurez compris, c&rsquo;est bien de la vinification qu&rsquo;il s&rsquo;agit. En effet, Cab3 est une cuv\u00e9e regroupant trois caves, donc trois r\u00e9coltes et trois vinifications. La fusion a eu lieu lorsque les trois vins ont \u00e9t\u00e9 assembl\u00e9s afin d&rsquo;\u00eatre commun\u00e9ment \u00e9lev\u00e9s durant 18 mois dans un f\u00fbt de ch\u00eane.<\/p>\n<p style=\"text-align: justify;\">Les trois amis, eux, ont fusionn\u00e9s bien avant, et leur amiti\u00e9 en est n\u00e9e ! Et qui sont donc les g\u00e9niteurs de Cab3 ? <strong>Fran\u00e7ois D\u00e9fayes<\/strong> (<a href=\"https:\/\/www.defayes.com\/\" target=\"_blank\" rel=\"noopener\">Caves D\u00e9fayes &amp; Crettenand<\/a>) <strong>Nicolas Jacquier<\/strong> (<a href=\"http:\/\/www.cavedebovanche.ch\/\" target=\"_blank\" rel=\"noopener\">Cave de Bovanche<\/a>) et <strong>Vincent Papilloud<\/strong> (<a href=\"https:\/\/www.papilloud.com\/\" target=\"_blank\" rel=\"noopener\">Cave du Vieux-Moulin<\/a>). Ils se trouvent tous les trois en <a href=\"https:\/\/fr.wikipedia.org\/wiki\/Canton_du_Valais\" target=\"_blank\" rel=\"noopener\">Valais<\/a> (Un \u00e9tat que la conf\u00e9d\u00e9ration a rejoint en 1815, comme se plaisent \u00e0 le souligner les Valaisans).<\/p>\n<h4 style=\"text-align: justify;\">R\u00e9sultat convaincant<\/h4>\n<p style=\"text-align: justify;\">Il y a certains vins o\u00f9 il ne faut pas chercher de midi \u00e0 quatorze heure (normalement c&rsquo;est l&rsquo;heure o\u00f9 l&rsquo;on commence de les les boire d&rsquo;ailleurs). C&rsquo;est bien le cas de Cab3 qui signale d&rsquo;entr\u00e9e de tr\u00e8s belles ambitions. Yves Beck a go\u00fbt\u00e9 et voici le fond, mais pas la fin, de sa pens\u00e9e :<\/p>\n<p style=\"text-align: justify;\">Rien que le bouchon, de haute qualit\u00e9, souligne les ambitions, souligne que l&rsquo;on veut donner le maximum de moyen \u00e0 ce vin. Le bouquet est tr\u00e8s subtil, filigrane et appelle \u00e0 prendre un peu de temps pour lui. Il r\u00e9v\u00e8le des notes de tourbe, de f\u00e8ves de cacao et de bois de r\u00e9glisse. Nuances terreuses avec un peu de racines rouges. Au fil des minutes il affiche une \u00e9vidente complexit\u00e9 au travers de notes florales, fruit\u00e9es et d\u2019une rafra\u00eechissante touche de menthe poivr\u00e9e.<\/p>\n<p style=\"text-align: justify;\">En bouche le vin se distingue par sa mani\u00e8re \u00e9galement tr\u00e8s subtile de pr\u00e9senter ses propri\u00e9t\u00e9s. Il a du corps, de la chair et, surtout, des tannins pr\u00e9cis, aptes \u00e0 aller dans le temps.<\/p>\n<p style=\"text-align: justify;\">Un peu de patience est de mise afin que le vin puisse s&rsquo;\u00e9panouir. Il manque encore d&rsquo;expression aromatique en finale. Le temps saura r\u00e9gler ceci. Un Cabernet Franc convaincant, de haut niveau, qui porte bien son nom \u00ab\u00a0Cab puissance 3\u00a0\u00bb. 2022-2033 <strong>92-94\/100<\/strong><\/p>\n<h4 style=\"text-align: justify;\">Une premi\u00e8re et certainement pas une derni\u00e8re<\/h4>\n<p>Pour cette premi\u00e8re, la quantit\u00e9 a \u00e9t\u00e9 limit\u00e9e \u00e0 &#8230; une barrique, respectivement 150 magnums, au prix de CHF. 150,00 chacun. Au vu de la qualit\u00e9 obtenue, il est certain que cette initiative va \u00eatre renouvel\u00e9e. Le Cabernet Franc a bien sa place en Valais, mais \u00e7a on le savait d\u00e9j\u00e0, entre autre gr\u00e2ce \u00e0 <a href=\"https:\/\/www.cave-biber.ch\/\" target=\"_blank\" rel=\"noopener\">J\u00fcrg Biber<\/a>.<\/p>\n<p>Les trois comp\u00e8res ont frapp\u00e9 un grand coup d&rsquo;entr\u00e9e, il n&rsquo;y aucune raison \u00e9vidente pour que cela ne se reproduise pas. Vous pouvez les suivre sur leur <a href=\"https:\/\/www.instagram.com\/cab__3\/\" target=\"_blank\" rel=\"noopener\">compte commun Instagram<\/a><\/p>\n<p>Cr\u00e9dit photo titre : <a href=\"https:\/\/www.sedriknemeth.com\/\" target=\"_blank\" rel=\"noopener\">Sedrik Nemeth Photographie<\/a><\/p>\n<hr \/>\n<p><a href=\"https:\/\/www.yvesbeck.wine\/fr\/produkt\/abonnement-prive-yvesbeck-wine\/\" target=\"_blank\" rel=\"noopener\">Abonnez-vous \u00e0 yvesbeck.wine pour seulement CHF. 98.00 par ann\u00e9e et acc\u00e9dez \u00e0 38483 notices de d\u00e9gustation<\/a><\/p>\n<p>&nbsp;<\/p>\n","protected":false},"excerpt":{"rendered":"<p>Cab3 doit son nom aux synergies dont il r\u00e9sulte. 3 terroirs, 3 amis, 3 vinifs et le Cabernet Franc; \u00e7a fait bien Cab3\u00a0 Pr\u00e9ambule pour Cab3 Le vin, fondamentalement, est le r\u00e9sultat d&rsquo;une symbiose entre diff\u00e9rents \u00e9l\u00e9ments ; il\u00a0 y a le terroir (qui inclut une s\u00e9rie de param\u00e8tres, dont le sol), le c\u00e9page et [&hellip;]<\/p>\n","protected":false},"author":14,"featured_media":162932,"comment_status":"closed","ping_status":"closed","sticky":false,"template":"","format":"standard","meta":{"_acf_changed":false,"_et_pb_use_builder":"","_et_pb_old_content":"","_et_gb_content_width":"","footnotes":""},"categories":[171],"tags":[],"class_list":["post-83407","post","type-post","status-publish","format-standard","has-post-thumbnail","hentry","category-suisse"],"acf":[],"yoast_head":"<!-- This site is optimized with the Yoast SEO plugin v26.9 - https:\/\/yoast.com\/product\/yoast-seo-wordpress\/ -->\n<title>Cab3 - Trois amis, trois caves, un vin puissance 3 - Yves Beck<\/title>\n<meta name=\"description\" content=\"Un vin est le r\u00e9sultat d&#039;une synergie entre terroirs, c\u00e9pages et vinificatieurs. Cab3 y ajoute la notion d&#039;amiti\u00e9s et de visions.\" \/>\n<meta name=\"robots\" content=\"index, follow, max-snippet:-1, max-image-preview:large, max-video-preview:-1\" \/>\n<link rel=\"canonical\" href=\"https:\/\/www.yvesbeck.wine\/fr\/cab3-trois-amis-trois-caves-un-vin-puissance-3\/\" \/>\n<meta property=\"og:locale\" content=\"fr_FR\" \/>\n<meta property=\"og:type\" content=\"article\" \/>\n<meta property=\"og:title\" content=\"Cab3 - Trois amis, trois caves, un vin puissance 3 - Yves Beck\" \/>\n<meta property=\"og:description\" content=\"Un vin est le r\u00e9sultat d&#039;une synergie entre terroirs, c\u00e9pages et vinificatieurs. Cab3 y ajoute la notion d&#039;amiti\u00e9s et de visions.\" \/>\n<meta property=\"og:url\" content=\"https:\/\/www.yvesbeck.wine\/fr\/cab3-trois-amis-trois-caves-un-vin-puissance-3\/\" \/>\n<meta property=\"og:site_name\" content=\"Yves Beck\" \/>\n<meta property=\"article:publisher\" content=\"https:\/\/www.facebook.com\/beckustator\" \/>\n<meta property=\"article:author\" content=\"https:\/\/www.facebook.com\/beckustator\" \/>\n<meta property=\"article:published_time\" content=\"2021-01-22T16:46:52+00:00\" \/>\n<meta property=\"article:modified_time\" content=\"2026-03-01T12:41:54+00:00\" \/>\n<meta property=\"og:image\" content=\"https:\/\/www.yvesbeck.wine\/wp-content\/uploads\/2021\/01\/Cab3-e1772368894781.jpg\" \/>\n\t<meta property=\"og:image:width\" content=\"2048\" \/>\n\t<meta property=\"og:image:height\" content=\"597\" \/>\n\t<meta property=\"og:image:type\" content=\"image\/jpeg\" \/>\n<meta name=\"author\" content=\"Yves Beck\" \/>\n<meta name=\"twitter:card\" content=\"summary_large_image\" \/>\n<meta name=\"twitter:creator\" content=\"@beckustator\" \/>\n<meta name=\"twitter:site\" content=\"@beckustator\" \/>\n<meta name=\"twitter:label1\" content=\"\u00c9crit par\" \/>\n\t<meta name=\"twitter:data1\" content=\"Yves Beck\" \/>\n\t<meta name=\"twitter:label2\" content=\"Dur\u00e9e de lecture estim\u00e9e\" \/>\n\t<meta name=\"twitter:data2\" content=\"4 minutes\" \/>\n<script type=\"application\/ld+json\" class=\"yoast-schema-graph\">{\"@context\":\"https:\/\/schema.org\",\"@graph\":[{\"@type\":\"Article\",\"@id\":\"https:\/\/www.yvesbeck.wine\/fr\/cab3-trois-amis-trois-caves-un-vin-puissance-3\/#article\",\"isPartOf\":{\"@id\":\"https:\/\/www.yvesbeck.wine\/fr\/cab3-trois-amis-trois-caves-un-vin-puissance-3\/\"},\"author\":{\"name\":\"Yves Beck\",\"@id\":\"https:\/\/www.yvesbeck.wine\/#\/schema\/person\/33cc92b5916fa8e634fe59f0121a0cad\"},\"headline\":\"Cab3 &#8211; Trois amis, trois caves, un vin puissance 3\",\"datePublished\":\"2021-01-22T16:46:52+00:00\",\"dateModified\":\"2026-03-01T12:41:54+00:00\",\"mainEntityOfPage\":{\"@id\":\"https:\/\/www.yvesbeck.wine\/fr\/cab3-trois-amis-trois-caves-un-vin-puissance-3\/\"},\"wordCount\":785,\"publisher\":{\"@id\":\"https:\/\/www.yvesbeck.wine\/#organization\"},\"image\":{\"@id\":\"https:\/\/www.yvesbeck.wine\/fr\/cab3-trois-amis-trois-caves-un-vin-puissance-3\/#primaryimage\"},\"thumbnailUrl\":\"https:\/\/www.yvesbeck.wine\/wp-content\/uploads\/2021\/01\/Cab3-e1772368894781.jpg\",\"articleSection\":[\"Suisse\"],\"inLanguage\":\"fr-FR\"},{\"@type\":\"WebPage\",\"@id\":\"https:\/\/www.yvesbeck.wine\/fr\/cab3-trois-amis-trois-caves-un-vin-puissance-3\/\",\"url\":\"https:\/\/www.yvesbeck.wine\/fr\/cab3-trois-amis-trois-caves-un-vin-puissance-3\/\",\"name\":\"Cab3 - Trois amis, trois caves, un vin puissance 3 - Yves Beck\",\"isPartOf\":{\"@id\":\"https:\/\/www.yvesbeck.wine\/#website\"},\"primaryImageOfPage\":{\"@id\":\"https:\/\/www.yvesbeck.wine\/fr\/cab3-trois-amis-trois-caves-un-vin-puissance-3\/#primaryimage\"},\"image\":{\"@id\":\"https:\/\/www.yvesbeck.wine\/fr\/cab3-trois-amis-trois-caves-un-vin-puissance-3\/#primaryimage\"},\"thumbnailUrl\":\"https:\/\/www.yvesbeck.wine\/wp-content\/uploads\/2021\/01\/Cab3-e1772368894781.jpg\",\"datePublished\":\"2021-01-22T16:46:52+00:00\",\"dateModified\":\"2026-03-01T12:41:54+00:00\",\"description\":\"Un vin est le r\u00e9sultat d'une synergie entre terroirs, c\u00e9pages et vinificatieurs. Cab3 y ajoute la notion d'amiti\u00e9s et de visions.\",\"breadcrumb\":{\"@id\":\"https:\/\/www.yvesbeck.wine\/fr\/cab3-trois-amis-trois-caves-un-vin-puissance-3\/#breadcrumb\"},\"inLanguage\":\"fr-FR\",\"potentialAction\":[{\"@type\":\"ReadAction\",\"target\":[\"https:\/\/www.yvesbeck.wine\/fr\/cab3-trois-amis-trois-caves-un-vin-puissance-3\/\"]}]},{\"@type\":\"ImageObject\",\"inLanguage\":\"fr-FR\",\"@id\":\"https:\/\/www.yvesbeck.wine\/fr\/cab3-trois-amis-trois-caves-un-vin-puissance-3\/#primaryimage\",\"url\":\"https:\/\/www.yvesbeck.wine\/wp-content\/uploads\/2021\/01\/Cab3-e1772368894781.jpg\",\"contentUrl\":\"https:\/\/www.yvesbeck.wine\/wp-content\/uploads\/2021\/01\/Cab3-e1772368894781.jpg\",\"width\":2048,\"height\":597,\"caption\":\"Cab3 - Trois vignerons, trois amis, un vin - yvesbeck.wine \u00a9 Sedrik Nemeth Photographie\"},{\"@type\":\"BreadcrumbList\",\"@id\":\"https:\/\/www.yvesbeck.wine\/fr\/cab3-trois-amis-trois-caves-un-vin-puissance-3\/#breadcrumb\",\"itemListElement\":[{\"@type\":\"ListItem\",\"position\":1,\"name\":\"Startseite\",\"item\":\"https:\/\/www.yvesbeck.wine\/fr\/\"},{\"@type\":\"ListItem\",\"position\":2,\"name\":\"Cab3 &#8211; Trois amis, trois caves, un vin puissance 3\"}]},{\"@type\":\"WebSite\",\"@id\":\"https:\/\/www.yvesbeck.wine\/#website\",\"url\":\"https:\/\/www.yvesbeck.wine\/\",\"name\":\"Yves Beck\",\"description\":\"Beckustator\",\"publisher\":{\"@id\":\"https:\/\/www.yvesbeck.wine\/#organization\"},\"potentialAction\":[{\"@type\":\"SearchAction\",\"target\":{\"@type\":\"EntryPoint\",\"urlTemplate\":\"https:\/\/www.yvesbeck.wine\/?s={search_term_string}\"},\"query-input\":{\"@type\":\"PropertyValueSpecification\",\"valueRequired\":true,\"valueName\":\"search_term_string\"}}],\"inLanguage\":\"fr-FR\"},{\"@type\":\"Organization\",\"@id\":\"https:\/\/www.yvesbeck.wine\/#organization\",\"name\":\"yvesbeck.wine\",\"url\":\"https:\/\/www.yvesbeck.wine\/\",\"logo\":{\"@type\":\"ImageObject\",\"inLanguage\":\"fr-FR\",\"@id\":\"https:\/\/www.yvesbeck.wine\/#\/schema\/logo\/image\/\",\"url\":\"https:\/\/www.yvesbeck.wine\/wp-content\/uploads\/frontend\/2016\/07\/20160722-Logo-Sidebar.png\",\"contentUrl\":\"https:\/\/www.yvesbeck.wine\/wp-content\/uploads\/frontend\/2016\/07\/20160722-Logo-Sidebar.png\",\"width\":376,\"height\":200,\"caption\":\"yvesbeck.wine\"},\"image\":{\"@id\":\"https:\/\/www.yvesbeck.wine\/#\/schema\/logo\/image\/\"},\"sameAs\":[\"https:\/\/www.facebook.com\/beckustator\",\"https:\/\/x.com\/beckustator\",\"https:\/\/www.instagram.com\/beckustator\",\"https:\/\/www.linkedin.com\/in\/yvesbeck\/\"]},{\"@type\":\"Person\",\"@id\":\"https:\/\/www.yvesbeck.wine\/#\/schema\/person\/33cc92b5916fa8e634fe59f0121a0cad\",\"name\":\"Yves Beck\",\"sameAs\":[\"https:\/\/www.yvesbeck.wine\",\"https:\/\/www.facebook.com\/beckustator\",\"https:\/\/www.instagram.com\/beckustator\",\"https:\/\/www.linkedin\/in\/yvesbeck\"],\"url\":\"https:\/\/www.yvesbeck.wine\/fr\/author\/ddb68\/\"}]}<\/script>\n<!-- \/ Yoast SEO plugin. -->","yoast_head_json":{"title":"Cab3 - Trois amis, trois caves, un vin puissance 3 - Yves Beck","description":"Un vin est le r\u00e9sultat d'une synergie entre terroirs, c\u00e9pages et vinificatieurs. Cab3 y ajoute la notion d'amiti\u00e9s et de visions.","robots":{"index":"index","follow":"follow","max-snippet":"max-snippet:-1","max-image-preview":"max-image-preview:large","max-video-preview":"max-video-preview:-1"},"canonical":"https:\/\/www.yvesbeck.wine\/fr\/cab3-trois-amis-trois-caves-un-vin-puissance-3\/","og_locale":"fr_FR","og_type":"article","og_title":"Cab3 - Trois amis, trois caves, un vin puissance 3 - Yves Beck","og_description":"Un vin est le r\u00e9sultat d'une synergie entre terroirs, c\u00e9pages et vinificatieurs. Cab3 y ajoute la notion d'amiti\u00e9s et de visions.","og_url":"https:\/\/www.yvesbeck.wine\/fr\/cab3-trois-amis-trois-caves-un-vin-puissance-3\/","og_site_name":"Yves Beck","article_publisher":"https:\/\/www.facebook.com\/beckustator","article_author":"https:\/\/www.facebook.com\/beckustator","article_published_time":"2021-01-22T16:46:52+00:00","article_modified_time":"2026-03-01T12:41:54+00:00","og_image":[{"width":2048,"height":597,"url":"https:\/\/www.yvesbeck.wine\/wp-content\/uploads\/2021\/01\/Cab3-e1772368894781.jpg","type":"image\/jpeg"}],"author":"Yves Beck","twitter_card":"summary_large_image","twitter_creator":"@beckustator","twitter_site":"@beckustator","twitter_misc":{"\u00c9crit par":"Yves Beck","Dur\u00e9e de lecture estim\u00e9e":"4 minutes"},"schema":{"@context":"https:\/\/schema.org","@graph":[{"@type":"Article","@id":"https:\/\/www.yvesbeck.wine\/fr\/cab3-trois-amis-trois-caves-un-vin-puissance-3\/#article","isPartOf":{"@id":"https:\/\/www.yvesbeck.wine\/fr\/cab3-trois-amis-trois-caves-un-vin-puissance-3\/"},"author":{"name":"Yves Beck","@id":"https:\/\/www.yvesbeck.wine\/#\/schema\/person\/33cc92b5916fa8e634fe59f0121a0cad"},"headline":"Cab3 &#8211; Trois amis, trois caves, un vin puissance 3","datePublished":"2021-01-22T16:46:52+00:00","dateModified":"2026-03-01T12:41:54+00:00","mainEntityOfPage":{"@id":"https:\/\/www.yvesbeck.wine\/fr\/cab3-trois-amis-trois-caves-un-vin-puissance-3\/"},"wordCount":785,"publisher":{"@id":"https:\/\/www.yvesbeck.wine\/#organization"},"image":{"@id":"https:\/\/www.yvesbeck.wine\/fr\/cab3-trois-amis-trois-caves-un-vin-puissance-3\/#primaryimage"},"thumbnailUrl":"https:\/\/www.yvesbeck.wine\/wp-content\/uploads\/2021\/01\/Cab3-e1772368894781.jpg","articleSection":["Suisse"],"inLanguage":"fr-FR"},{"@type":"WebPage","@id":"https:\/\/www.yvesbeck.wine\/fr\/cab3-trois-amis-trois-caves-un-vin-puissance-3\/","url":"https:\/\/www.yvesbeck.wine\/fr\/cab3-trois-amis-trois-caves-un-vin-puissance-3\/","name":"Cab3 - Trois amis, trois caves, un vin puissance 3 - Yves Beck","isPartOf":{"@id":"https:\/\/www.yvesbeck.wine\/#website"},"primaryImageOfPage":{"@id":"https:\/\/www.yvesbeck.wine\/fr\/cab3-trois-amis-trois-caves-un-vin-puissance-3\/#primaryimage"},"image":{"@id":"https:\/\/www.yvesbeck.wine\/fr\/cab3-trois-amis-trois-caves-un-vin-puissance-3\/#primaryimage"},"thumbnailUrl":"https:\/\/www.yvesbeck.wine\/wp-content\/uploads\/2021\/01\/Cab3-e1772368894781.jpg","datePublished":"2021-01-22T16:46:52+00:00","dateModified":"2026-03-01T12:41:54+00:00","description":"Un vin est le r\u00e9sultat d'une synergie entre terroirs, c\u00e9pages et vinificatieurs. Cab3 y ajoute la notion d'amiti\u00e9s et de visions.","breadcrumb":{"@id":"https:\/\/www.yvesbeck.wine\/fr\/cab3-trois-amis-trois-caves-un-vin-puissance-3\/#breadcrumb"},"inLanguage":"fr-FR","potentialAction":[{"@type":"ReadAction","target":["https:\/\/www.yvesbeck.wine\/fr\/cab3-trois-amis-trois-caves-un-vin-puissance-3\/"]}]},{"@type":"ImageObject","inLanguage":"fr-FR","@id":"https:\/\/www.yvesbeck.wine\/fr\/cab3-trois-amis-trois-caves-un-vin-puissance-3\/#primaryimage","url":"https:\/\/www.yvesbeck.wine\/wp-content\/uploads\/2021\/01\/Cab3-e1772368894781.jpg","contentUrl":"https:\/\/www.yvesbeck.wine\/wp-content\/uploads\/2021\/01\/Cab3-e1772368894781.jpg","width":2048,"height":597,"caption":"Cab3 - Trois vignerons, trois amis, un vin - yvesbeck.wine \u00a9 Sedrik Nemeth Photographie"},{"@type":"BreadcrumbList","@id":"https:\/\/www.yvesbeck.wine\/fr\/cab3-trois-amis-trois-caves-un-vin-puissance-3\/#breadcrumb","itemListElement":[{"@type":"ListItem","position":1,"name":"Startseite","item":"https:\/\/www.yvesbeck.wine\/fr\/"},{"@type":"ListItem","position":2,"name":"Cab3 &#8211; Trois amis, trois caves, un vin puissance 3"}]},{"@type":"WebSite","@id":"https:\/\/www.yvesbeck.wine\/#website","url":"https:\/\/www.yvesbeck.wine\/","name":"Yves Beck","description":"Beckustator","publisher":{"@id":"https:\/\/www.yvesbeck.wine\/#organization"},"potentialAction":[{"@type":"SearchAction","target":{"@type":"EntryPoint","urlTemplate":"https:\/\/www.yvesbeck.wine\/?s={search_term_string}"},"query-input":{"@type":"PropertyValueSpecification","valueRequired":true,"valueName":"search_term_string"}}],"inLanguage":"fr-FR"},{"@type":"Organization","@id":"https:\/\/www.yvesbeck.wine\/#organization","name":"yvesbeck.wine","url":"https:\/\/www.yvesbeck.wine\/","logo":{"@type":"ImageObject","inLanguage":"fr-FR","@id":"https:\/\/www.yvesbeck.wine\/#\/schema\/logo\/image\/","url":"https:\/\/www.yvesbeck.wine\/wp-content\/uploads\/frontend\/2016\/07\/20160722-Logo-Sidebar.png","contentUrl":"https:\/\/www.yvesbeck.wine\/wp-content\/uploads\/frontend\/2016\/07\/20160722-Logo-Sidebar.png","width":376,"height":200,"caption":"yvesbeck.wine"},"image":{"@id":"https:\/\/www.yvesbeck.wine\/#\/schema\/logo\/image\/"},"sameAs":["https:\/\/www.facebook.com\/beckustator","https:\/\/x.com\/beckustator","https:\/\/www.instagram.com\/beckustator","https:\/\/www.linkedin.com\/in\/yvesbeck\/"]},{"@type":"Person","@id":"https:\/\/www.yvesbeck.wine\/#\/schema\/person\/33cc92b5916fa8e634fe59f0121a0cad","name":"Yves Beck","sameAs":["https:\/\/www.yvesbeck.wine","https:\/\/www.facebook.com\/beckustator","https:\/\/www.instagram.com\/beckustator","https:\/\/www.linkedin\/in\/yvesbeck"],"url":"https:\/\/www.yvesbeck.wine\/fr\/author\/ddb68\/"}]}},"_links":{"self":[{"href":"https:\/\/www.yvesbeck.wine\/fr\/wp-json\/wp\/v2\/posts\/83407","targetHints":{"allow":["GET"]}}],"collection":[{"href":"https:\/\/www.yvesbeck.wine\/fr\/wp-json\/wp\/v2\/posts"}],"about":[{"href":"https:\/\/www.yvesbeck.wine\/fr\/wp-json\/wp\/v2\/types\/post"}],"author":[{"embeddable":true,"href":"https:\/\/www.yvesbeck.wine\/fr\/wp-json\/wp\/v2\/users\/14"}],"replies":[{"embeddable":true,"href":"https:\/\/www.yvesbeck.wine\/fr\/wp-json\/wp\/v2\/comments?post=83407"}],"version-history":[{"count":4,"href":"https:\/\/www.yvesbeck.wine\/fr\/wp-json\/wp\/v2\/posts\/83407\/revisions"}],"predecessor-version":[{"id":379106,"href":"https:\/\/www.yvesbeck.wine\/fr\/wp-json\/wp\/v2\/posts\/83407\/revisions\/379106"}],"wp:featuredmedia":[{"embeddable":true,"href":"https:\/\/www.yvesbeck.wine\/fr\/wp-json\/wp\/v2\/media\/162932"}],"wp:attachment":[{"href":"https:\/\/www.yvesbeck.wine\/fr\/wp-json\/wp\/v2\/media?parent=83407"}],"wp:term":[{"taxonomy":"category","embeddable":true,"href":"https:\/\/www.yvesbeck.wine\/fr\/wp-json\/wp\/v2\/categories?post=83407"},{"taxonomy":"post_tag","embeddable":true,"href":"https:\/\/www.yvesbeck.wine\/fr\/wp-json\/wp\/v2\/tags?post=83407"}],"curies":[{"name":"wp","href":"https:\/\/api.w.org\/{rel}","templated":true}]}}