{"id":78107,"date":"2020-08-31T21:24:27","date_gmt":"2020-08-31T20:24:27","guid":{"rendered":"https:\/\/www.yvesbeck.wine\/?p=78107"},"modified":"2026-01-04T16:00:37","modified_gmt":"2026-01-04T15:00:37","slug":"cambriolage-chez-egon-mueller-etiquettes-volees","status":"publish","type":"post","link":"https:\/\/www.yvesbeck.wine\/fr\/cambriolage-chez-egon-mueller-etiquettes-volees\/","title":{"rendered":"Cambriolage chez Egon M\u00fcller &#8211; \u00e9tiquettes vol\u00e9es"},"content":{"rendered":"<p style=\"text-align: justify;\">Le domaine Egon M\u00fcller annonce, par l&rsquo;interm\u00e9diaire des r\u00e9seaux sociaux, qu&rsquo;il a \u00e9t\u00e9 victime d&rsquo;un cambriolage durant la nuit du 28 au 29 ao\u00fbt 2020.<\/p>\n<h5 style=\"text-align: justify;\">Pas de bouteilles vol\u00e9es<\/h5>\n<p style=\"text-align: justify;\">Visiblement, le ou les auteurs de ce vol avaient une ambition bien pr\u00e9cise, puisqu&rsquo;ils ont vol\u00e9 des \u00e9tiquettes originales. Et pas n&rsquo;importe lesquelles ! En effet, ce sont des \u00e9tiquettes des \u00ab\u00a0Trockenbeerenauslese\u00a0\u00bb 2018 qui ont \u00e9t\u00e9 subtilis\u00e9es. Elles \u00e9taient destin\u00e9es aux formats 375ml, 750ml et 1500ml&#8230; ce genre de bouteilles atteignent parfois des pris unitaires de plusieurs milliers d&rsquo;euros\u00a0 l&rsquo;unit\u00e9.<\/p>\n<p>La photo utilis\u00e9 pour l&rsquo;information pr\u00e9sente est uniquement utilis\u00e9e \u00e0 titre illustratif. Elle ne correspond aux \u00e9tiquettes vol\u00e9es<\/p>\n<h5 style=\"text-align: justify;\">Attention \u00e0 la fraude<\/h5>\n<p style=\"text-align: justify;\">On peut assez ais\u00e9ment imaginer le plan vis\u00e9 par les cambrioleurs, et il \u00e0 peu pr\u00e8s certain que des faussaires vont tenter d&rsquo;\u00e9couler des fausses bouteilles munies d&rsquo;\u00e9tiquettes originales&#8230;<\/p>\n<h5>Informations du domaine Egon M\u00fcller<\/h5>\n<blockquote><p><em>NOUS AVONS \u00c9T\u00c9 CAMBRIOL\u00c9 !<\/em><\/p>\n<p><em>Durant la nuit de vendredi \u00e0 samedi (28.08.20-29.08.20), il y a eu un cambriolage dans notre cave au Scharzhof \u00e0 Wiltingen !<\/em><br \/>\n<em>Des \u00e9tiquettes de Trockenbeerenauslese 2018 ont \u00e9t\u00e9 vol\u00e9es. <\/em><em>Pas de bouteilles !<\/em><\/p>\n<p><em>Un num\u00e9ro de bouteille est imprim\u00e9 sur toutes les \u00e9tiquettes.<\/em><br \/>\n<em><strong>Les num\u00e9ros suivants ont \u00e9t\u00e9 vol\u00e9s :<\/strong><\/em><br \/>\n<em>Bouteille de 750 ml : n\u00b0 18, 19, 26, 27, 34, 38, 39, 42, 46, 47, 64-72<\/em><br \/>\n<em>taille de la bouteille 375ml : No. 3-7, 10-20, 25, 29-35<\/em><br \/>\n<em>Bouteille de 1500 ml : n\u00b0 3-8, 10-12, 14-17<\/em><\/p>\n<p><em>La probabilit\u00e9 que des bouteilles contrefaites aient d\u00e9j\u00e0 \u00e9t\u00e9 mises en vente est tr\u00e8s \u00e9lev\u00e9e. <\/em><em>Veuillez nous faire savoir si on vous offre des bouteilles de Trockenbeerenauslese 2018 avec les num\u00e9ros des bouteilles vol\u00e9es. <\/em><\/p>\n<p><em>Merci beaucoup !<\/em><\/p>\n<p><em>Veuillez envoyer vos commentaires ou questions \u00e0 <\/em><em>heiner@egon-mueller.de<\/em><\/p><\/blockquote>\n<h5>Soyez vigilants<\/h5>\n<p>Comme l&rsquo;indique le communiqu\u00e9 du domaine Egon M\u00fcller, il est tr\u00e8s probable que de contrefa\u00e7ons vont \u00eatre rapidement, ou sont d\u00e9j\u00e0, propos\u00e9es \u00e0 la vente. Prenez imm\u00e9diatement contact avec le domaine (adresse mail ci-dessus) si l&rsquo;on vous soumet une offre.<\/p>\n<h5>D\u00e9couvrez le compte-rendu de d\u00e9gustation d&rsquo;Yves Beck<\/h5>\n<p><a href=\"https:\/\/www.yvesbeck.wine\/fr\/yves-beck\/\" target=\"_blank\" rel=\"noopener noreferrer\">yvesbeck.wine<\/a> sera \u00e0 Scharzhof le 2 septembre 2020 et vous pourrez bient\u00f4t d\u00e9couvrir notre compte-rendu, d\u00e9di\u00e9 \u00e0 des bouteilles originales bien \u00e9videmment, puisque nous serons sur place \ud83d\ude09<\/p>\n<p><a href=\"http:\/\/www.scharzhof.de\/en\/\" target=\"_blank\" rel=\"noopener noreferrer\">Site officiel du domaine Egon M\u00fcller<\/a><\/p>\n<hr \/>\n<p><a href=\"https:\/\/www.yvesbeck.wine\/fr\/produkt\/abonnement-prive-yvesbeck-wine\/\">Abonnez-vous \u00e0 yvesbeck.wine \u00e0 partir de CHF. 98.00 par ann\u00e9e et acc\u00e9dez \u00e0<strong> 38483 notes de d\u00e9gustation en ligne<\/strong><\/a><\/p>\n","protected":false},"excerpt":{"rendered":"<p>Le domaine Egon M\u00fcller annonce, par l&rsquo;interm\u00e9diaire des r\u00e9seaux sociaux, qu&rsquo;il a \u00e9t\u00e9 victime d&rsquo;un cambriolage durant la nuit du 28 au 29 ao\u00fbt 2020. Pas de bouteilles vol\u00e9es Visiblement, le ou les auteurs de ce vol avaient une ambition bien pr\u00e9cise, puisqu&rsquo;ils ont vol\u00e9 des \u00e9tiquettes originales. Et pas n&rsquo;importe lesquelles ! En effet, [&hellip;]<\/p>\n","protected":false},"author":14,"featured_media":162864,"comment_status":"closed","ping_status":"closed","sticky":false,"template":"","format":"standard","meta":{"_acf_changed":false,"_et_pb_use_builder":"","_et_pb_old_content":"","_et_gb_content_width":"","footnotes":""},"categories":[816],"tags":[9714,13968,9721,13967],"class_list":["post-78107","post","type-post","status-publish","format-standard","has-post-thumbnail","hentry","category-allemagne","tag-allemagne","tag-egon-mueller-fr","tag-mosel-fr","tag-saar-fr"],"acf":[],"yoast_head":"<!-- This site is optimized with the Yoast SEO plugin v26.9 - https:\/\/yoast.com\/product\/yoast-seo-wordpress\/ -->\n<title>Cambriolage chez Egon M\u00fcller - \u00e9tiquettes vol\u00e9es - Yves Beck<\/title>\n<meta name=\"description\" content=\"Cambriolage chez Egon M\u00fcller - ce ne sont pas des bouteilles mais des \u00e9tiquettes qui ont \u00e9t\u00e9 subtilis\u00e9es. Lisez le r\u00e9sum\u00e9 de yvesbeck.wine\" \/>\n<meta name=\"robots\" content=\"index, follow, max-snippet:-1, max-image-preview:large, max-video-preview:-1\" \/>\n<link rel=\"canonical\" href=\"https:\/\/www.yvesbeck.wine\/fr\/cambriolage-chez-egon-mueller-etiquettes-volees\/\" \/>\n<meta property=\"og:locale\" content=\"fr_FR\" \/>\n<meta property=\"og:type\" content=\"article\" \/>\n<meta property=\"og:title\" content=\"Cambriolage chez Egon M\u00fcller - \u00e9tiquettes vol\u00e9es - Yves Beck\" \/>\n<meta property=\"og:description\" content=\"Cambriolage chez Egon M\u00fcller - ce ne sont pas des bouteilles mais des \u00e9tiquettes qui ont \u00e9t\u00e9 subtilis\u00e9es. Lisez le r\u00e9sum\u00e9 de yvesbeck.wine\" \/>\n<meta property=\"og:url\" content=\"https:\/\/www.yvesbeck.wine\/fr\/cambriolage-chez-egon-mueller-etiquettes-volees\/\" \/>\n<meta property=\"og:site_name\" content=\"Yves Beck\" \/>\n<meta property=\"article:publisher\" content=\"https:\/\/www.facebook.com\/beckustator\" \/>\n<meta property=\"article:author\" content=\"https:\/\/www.facebook.com\/beckustator\" \/>\n<meta property=\"article:published_time\" content=\"2020-08-31T20:24:27+00:00\" \/>\n<meta property=\"article:modified_time\" content=\"2026-01-04T15:00:37+00:00\" \/>\n<meta property=\"og:image\" content=\"https:\/\/www.yvesbeck.wine\/wp-content\/uploads\/2020\/08\/Egon-Mueller-Scharzhof-scaled.jpg\" \/>\n\t<meta property=\"og:image:width\" content=\"2560\" \/>\n\t<meta property=\"og:image:height\" content=\"1917\" \/>\n\t<meta property=\"og:image:type\" content=\"image\/jpeg\" \/>\n<meta name=\"author\" content=\"Yves Beck\" \/>\n<meta name=\"twitter:card\" content=\"summary_large_image\" \/>\n<meta name=\"twitter:creator\" content=\"@beckustator\" \/>\n<meta name=\"twitter:site\" content=\"@beckustator\" \/>\n<meta name=\"twitter:label1\" content=\"\u00c9crit par\" \/>\n\t<meta name=\"twitter:data1\" content=\"Yves Beck\" \/>\n\t<meta name=\"twitter:label2\" content=\"Dur\u00e9e de lecture estim\u00e9e\" \/>\n\t<meta name=\"twitter:data2\" content=\"2 minutes\" \/>\n<script type=\"application\/ld+json\" class=\"yoast-schema-graph\">{\"@context\":\"https:\/\/schema.org\",\"@graph\":[{\"@type\":\"Article\",\"@id\":\"https:\/\/www.yvesbeck.wine\/fr\/cambriolage-chez-egon-mueller-etiquettes-volees\/#article\",\"isPartOf\":{\"@id\":\"https:\/\/www.yvesbeck.wine\/fr\/cambriolage-chez-egon-mueller-etiquettes-volees\/\"},\"author\":{\"name\":\"Yves Beck\",\"@id\":\"https:\/\/www.yvesbeck.wine\/#\/schema\/person\/33cc92b5916fa8e634fe59f0121a0cad\"},\"headline\":\"Cambriolage chez Egon M\u00fcller &#8211; \u00e9tiquettes vol\u00e9es\",\"datePublished\":\"2020-08-31T20:24:27+00:00\",\"dateModified\":\"2026-01-04T15:00:37+00:00\",\"mainEntityOfPage\":{\"@id\":\"https:\/\/www.yvesbeck.wine\/fr\/cambriolage-chez-egon-mueller-etiquettes-volees\/\"},\"wordCount\":407,\"publisher\":{\"@id\":\"https:\/\/www.yvesbeck.wine\/#organization\"},\"image\":{\"@id\":\"https:\/\/www.yvesbeck.wine\/fr\/cambriolage-chez-egon-mueller-etiquettes-volees\/#primaryimage\"},\"thumbnailUrl\":\"https:\/\/www.yvesbeck.wine\/wp-content\/uploads\/2020\/08\/Egon-Mueller-Scharzhof-scaled.jpg\",\"keywords\":[\"Allemagne\",\"Egon M\u00fcller\",\"Mosel\",\"Saar\"],\"articleSection\":[\"Allemagne\"],\"inLanguage\":\"fr-FR\"},{\"@type\":\"WebPage\",\"@id\":\"https:\/\/www.yvesbeck.wine\/fr\/cambriolage-chez-egon-mueller-etiquettes-volees\/\",\"url\":\"https:\/\/www.yvesbeck.wine\/fr\/cambriolage-chez-egon-mueller-etiquettes-volees\/\",\"name\":\"Cambriolage chez Egon M\u00fcller - \u00e9tiquettes vol\u00e9es - Yves Beck\",\"isPartOf\":{\"@id\":\"https:\/\/www.yvesbeck.wine\/#website\"},\"primaryImageOfPage\":{\"@id\":\"https:\/\/www.yvesbeck.wine\/fr\/cambriolage-chez-egon-mueller-etiquettes-volees\/#primaryimage\"},\"image\":{\"@id\":\"https:\/\/www.yvesbeck.wine\/fr\/cambriolage-chez-egon-mueller-etiquettes-volees\/#primaryimage\"},\"thumbnailUrl\":\"https:\/\/www.yvesbeck.wine\/wp-content\/uploads\/2020\/08\/Egon-Mueller-Scharzhof-scaled.jpg\",\"datePublished\":\"2020-08-31T20:24:27+00:00\",\"dateModified\":\"2026-01-04T15:00:37+00:00\",\"description\":\"Cambriolage chez Egon M\u00fcller - ce ne sont pas des bouteilles mais des \u00e9tiquettes qui ont \u00e9t\u00e9 subtilis\u00e9es. Lisez le r\u00e9sum\u00e9 de yvesbeck.wine\",\"breadcrumb\":{\"@id\":\"https:\/\/www.yvesbeck.wine\/fr\/cambriolage-chez-egon-mueller-etiquettes-volees\/#breadcrumb\"},\"inLanguage\":\"fr-FR\",\"potentialAction\":[{\"@type\":\"ReadAction\",\"target\":[\"https:\/\/www.yvesbeck.wine\/fr\/cambriolage-chez-egon-mueller-etiquettes-volees\/\"]}]},{\"@type\":\"ImageObject\",\"inLanguage\":\"fr-FR\",\"@id\":\"https:\/\/www.yvesbeck.wine\/fr\/cambriolage-chez-egon-mueller-etiquettes-volees\/#primaryimage\",\"url\":\"https:\/\/www.yvesbeck.wine\/wp-content\/uploads\/2020\/08\/Egon-Mueller-Scharzhof-scaled.jpg\",\"contentUrl\":\"https:\/\/www.yvesbeck.wine\/wp-content\/uploads\/2020\/08\/Egon-Mueller-Scharzhof-scaled.jpg\",\"width\":2560,\"height\":1917,\"caption\":\"Egon M\u00fcller - Scharzhof - yvesbeck.wine\"},{\"@type\":\"BreadcrumbList\",\"@id\":\"https:\/\/www.yvesbeck.wine\/fr\/cambriolage-chez-egon-mueller-etiquettes-volees\/#breadcrumb\",\"itemListElement\":[{\"@type\":\"ListItem\",\"position\":1,\"name\":\"Startseite\",\"item\":\"https:\/\/www.yvesbeck.wine\/fr\/\"},{\"@type\":\"ListItem\",\"position\":2,\"name\":\"Cambriolage chez Egon M\u00fcller &#8211; \u00e9tiquettes vol\u00e9es\"}]},{\"@type\":\"WebSite\",\"@id\":\"https:\/\/www.yvesbeck.wine\/#website\",\"url\":\"https:\/\/www.yvesbeck.wine\/\",\"name\":\"Yves Beck\",\"description\":\"Beckustator\",\"publisher\":{\"@id\":\"https:\/\/www.yvesbeck.wine\/#organization\"},\"potentialAction\":[{\"@type\":\"SearchAction\",\"target\":{\"@type\":\"EntryPoint\",\"urlTemplate\":\"https:\/\/www.yvesbeck.wine\/?s={search_term_string}\"},\"query-input\":{\"@type\":\"PropertyValueSpecification\",\"valueRequired\":true,\"valueName\":\"search_term_string\"}}],\"inLanguage\":\"fr-FR\"},{\"@type\":\"Organization\",\"@id\":\"https:\/\/www.yvesbeck.wine\/#organization\",\"name\":\"yvesbeck.wine\",\"url\":\"https:\/\/www.yvesbeck.wine\/\",\"logo\":{\"@type\":\"ImageObject\",\"inLanguage\":\"fr-FR\",\"@id\":\"https:\/\/www.yvesbeck.wine\/#\/schema\/logo\/image\/\",\"url\":\"https:\/\/www.yvesbeck.wine\/wp-content\/uploads\/frontend\/2016\/07\/20160722-Logo-Sidebar.png\",\"contentUrl\":\"https:\/\/www.yvesbeck.wine\/wp-content\/uploads\/frontend\/2016\/07\/20160722-Logo-Sidebar.png\",\"width\":376,\"height\":200,\"caption\":\"yvesbeck.wine\"},\"image\":{\"@id\":\"https:\/\/www.yvesbeck.wine\/#\/schema\/logo\/image\/\"},\"sameAs\":[\"https:\/\/www.facebook.com\/beckustator\",\"https:\/\/x.com\/beckustator\",\"https:\/\/www.instagram.com\/beckustator\",\"https:\/\/www.linkedin.com\/in\/yvesbeck\/\"]},{\"@type\":\"Person\",\"@id\":\"https:\/\/www.yvesbeck.wine\/#\/schema\/person\/33cc92b5916fa8e634fe59f0121a0cad\",\"name\":\"Yves Beck\",\"sameAs\":[\"https:\/\/www.yvesbeck.wine\",\"https:\/\/www.facebook.com\/beckustator\",\"https:\/\/www.instagram.com\/beckustator\",\"https:\/\/www.linkedin\/in\/yvesbeck\"],\"url\":\"https:\/\/www.yvesbeck.wine\/fr\/author\/ddb68\/\"}]}<\/script>\n<!-- \/ Yoast SEO plugin. -->","yoast_head_json":{"title":"Cambriolage chez Egon M\u00fcller - \u00e9tiquettes vol\u00e9es - Yves Beck","description":"Cambriolage chez Egon M\u00fcller - ce ne sont pas des bouteilles mais des \u00e9tiquettes qui ont \u00e9t\u00e9 subtilis\u00e9es. Lisez le r\u00e9sum\u00e9 de yvesbeck.wine","robots":{"index":"index","follow":"follow","max-snippet":"max-snippet:-1","max-image-preview":"max-image-preview:large","max-video-preview":"max-video-preview:-1"},"canonical":"https:\/\/www.yvesbeck.wine\/fr\/cambriolage-chez-egon-mueller-etiquettes-volees\/","og_locale":"fr_FR","og_type":"article","og_title":"Cambriolage chez Egon M\u00fcller - \u00e9tiquettes vol\u00e9es - Yves Beck","og_description":"Cambriolage chez Egon M\u00fcller - ce ne sont pas des bouteilles mais des \u00e9tiquettes qui ont \u00e9t\u00e9 subtilis\u00e9es. Lisez le r\u00e9sum\u00e9 de yvesbeck.wine","og_url":"https:\/\/www.yvesbeck.wine\/fr\/cambriolage-chez-egon-mueller-etiquettes-volees\/","og_site_name":"Yves Beck","article_publisher":"https:\/\/www.facebook.com\/beckustator","article_author":"https:\/\/www.facebook.com\/beckustator","article_published_time":"2020-08-31T20:24:27+00:00","article_modified_time":"2026-01-04T15:00:37+00:00","og_image":[{"width":2560,"height":1917,"url":"https:\/\/www.yvesbeck.wine\/wp-content\/uploads\/2020\/08\/Egon-Mueller-Scharzhof-scaled.jpg","type":"image\/jpeg"}],"author":"Yves Beck","twitter_card":"summary_large_image","twitter_creator":"@beckustator","twitter_site":"@beckustator","twitter_misc":{"\u00c9crit par":"Yves Beck","Dur\u00e9e de lecture estim\u00e9e":"2 minutes"},"schema":{"@context":"https:\/\/schema.org","@graph":[{"@type":"Article","@id":"https:\/\/www.yvesbeck.wine\/fr\/cambriolage-chez-egon-mueller-etiquettes-volees\/#article","isPartOf":{"@id":"https:\/\/www.yvesbeck.wine\/fr\/cambriolage-chez-egon-mueller-etiquettes-volees\/"},"author":{"name":"Yves Beck","@id":"https:\/\/www.yvesbeck.wine\/#\/schema\/person\/33cc92b5916fa8e634fe59f0121a0cad"},"headline":"Cambriolage chez Egon M\u00fcller &#8211; \u00e9tiquettes vol\u00e9es","datePublished":"2020-08-31T20:24:27+00:00","dateModified":"2026-01-04T15:00:37+00:00","mainEntityOfPage":{"@id":"https:\/\/www.yvesbeck.wine\/fr\/cambriolage-chez-egon-mueller-etiquettes-volees\/"},"wordCount":407,"publisher":{"@id":"https:\/\/www.yvesbeck.wine\/#organization"},"image":{"@id":"https:\/\/www.yvesbeck.wine\/fr\/cambriolage-chez-egon-mueller-etiquettes-volees\/#primaryimage"},"thumbnailUrl":"https:\/\/www.yvesbeck.wine\/wp-content\/uploads\/2020\/08\/Egon-Mueller-Scharzhof-scaled.jpg","keywords":["Allemagne","Egon M\u00fcller","Mosel","Saar"],"articleSection":["Allemagne"],"inLanguage":"fr-FR"},{"@type":"WebPage","@id":"https:\/\/www.yvesbeck.wine\/fr\/cambriolage-chez-egon-mueller-etiquettes-volees\/","url":"https:\/\/www.yvesbeck.wine\/fr\/cambriolage-chez-egon-mueller-etiquettes-volees\/","name":"Cambriolage chez Egon M\u00fcller - \u00e9tiquettes vol\u00e9es - Yves Beck","isPartOf":{"@id":"https:\/\/www.yvesbeck.wine\/#website"},"primaryImageOfPage":{"@id":"https:\/\/www.yvesbeck.wine\/fr\/cambriolage-chez-egon-mueller-etiquettes-volees\/#primaryimage"},"image":{"@id":"https:\/\/www.yvesbeck.wine\/fr\/cambriolage-chez-egon-mueller-etiquettes-volees\/#primaryimage"},"thumbnailUrl":"https:\/\/www.yvesbeck.wine\/wp-content\/uploads\/2020\/08\/Egon-Mueller-Scharzhof-scaled.jpg","datePublished":"2020-08-31T20:24:27+00:00","dateModified":"2026-01-04T15:00:37+00:00","description":"Cambriolage chez Egon M\u00fcller - ce ne sont pas des bouteilles mais des \u00e9tiquettes qui ont \u00e9t\u00e9 subtilis\u00e9es. Lisez le r\u00e9sum\u00e9 de yvesbeck.wine","breadcrumb":{"@id":"https:\/\/www.yvesbeck.wine\/fr\/cambriolage-chez-egon-mueller-etiquettes-volees\/#breadcrumb"},"inLanguage":"fr-FR","potentialAction":[{"@type":"ReadAction","target":["https:\/\/www.yvesbeck.wine\/fr\/cambriolage-chez-egon-mueller-etiquettes-volees\/"]}]},{"@type":"ImageObject","inLanguage":"fr-FR","@id":"https:\/\/www.yvesbeck.wine\/fr\/cambriolage-chez-egon-mueller-etiquettes-volees\/#primaryimage","url":"https:\/\/www.yvesbeck.wine\/wp-content\/uploads\/2020\/08\/Egon-Mueller-Scharzhof-scaled.jpg","contentUrl":"https:\/\/www.yvesbeck.wine\/wp-content\/uploads\/2020\/08\/Egon-Mueller-Scharzhof-scaled.jpg","width":2560,"height":1917,"caption":"Egon M\u00fcller - Scharzhof - yvesbeck.wine"},{"@type":"BreadcrumbList","@id":"https:\/\/www.yvesbeck.wine\/fr\/cambriolage-chez-egon-mueller-etiquettes-volees\/#breadcrumb","itemListElement":[{"@type":"ListItem","position":1,"name":"Startseite","item":"https:\/\/www.yvesbeck.wine\/fr\/"},{"@type":"ListItem","position":2,"name":"Cambriolage chez Egon M\u00fcller &#8211; \u00e9tiquettes vol\u00e9es"}]},{"@type":"WebSite","@id":"https:\/\/www.yvesbeck.wine\/#website","url":"https:\/\/www.yvesbeck.wine\/","name":"Yves Beck","description":"Beckustator","publisher":{"@id":"https:\/\/www.yvesbeck.wine\/#organization"},"potentialAction":[{"@type":"SearchAction","target":{"@type":"EntryPoint","urlTemplate":"https:\/\/www.yvesbeck.wine\/?s={search_term_string}"},"query-input":{"@type":"PropertyValueSpecification","valueRequired":true,"valueName":"search_term_string"}}],"inLanguage":"fr-FR"},{"@type":"Organization","@id":"https:\/\/www.yvesbeck.wine\/#organization","name":"yvesbeck.wine","url":"https:\/\/www.yvesbeck.wine\/","logo":{"@type":"ImageObject","inLanguage":"fr-FR","@id":"https:\/\/www.yvesbeck.wine\/#\/schema\/logo\/image\/","url":"https:\/\/www.yvesbeck.wine\/wp-content\/uploads\/frontend\/2016\/07\/20160722-Logo-Sidebar.png","contentUrl":"https:\/\/www.yvesbeck.wine\/wp-content\/uploads\/frontend\/2016\/07\/20160722-Logo-Sidebar.png","width":376,"height":200,"caption":"yvesbeck.wine"},"image":{"@id":"https:\/\/www.yvesbeck.wine\/#\/schema\/logo\/image\/"},"sameAs":["https:\/\/www.facebook.com\/beckustator","https:\/\/x.com\/beckustator","https:\/\/www.instagram.com\/beckustator","https:\/\/www.linkedin.com\/in\/yvesbeck\/"]},{"@type":"Person","@id":"https:\/\/www.yvesbeck.wine\/#\/schema\/person\/33cc92b5916fa8e634fe59f0121a0cad","name":"Yves Beck","sameAs":["https:\/\/www.yvesbeck.wine","https:\/\/www.facebook.com\/beckustator","https:\/\/www.instagram.com\/beckustator","https:\/\/www.linkedin\/in\/yvesbeck"],"url":"https:\/\/www.yvesbeck.wine\/fr\/author\/ddb68\/"}]}},"_links":{"self":[{"href":"https:\/\/www.yvesbeck.wine\/fr\/wp-json\/wp\/v2\/posts\/78107","targetHints":{"allow":["GET"]}}],"collection":[{"href":"https:\/\/www.yvesbeck.wine\/fr\/wp-json\/wp\/v2\/posts"}],"about":[{"href":"https:\/\/www.yvesbeck.wine\/fr\/wp-json\/wp\/v2\/types\/post"}],"author":[{"embeddable":true,"href":"https:\/\/www.yvesbeck.wine\/fr\/wp-json\/wp\/v2\/users\/14"}],"replies":[{"embeddable":true,"href":"https:\/\/www.yvesbeck.wine\/fr\/wp-json\/wp\/v2\/comments?post=78107"}],"version-history":[{"count":4,"href":"https:\/\/www.yvesbeck.wine\/fr\/wp-json\/wp\/v2\/posts\/78107\/revisions"}],"predecessor-version":[{"id":376162,"href":"https:\/\/www.yvesbeck.wine\/fr\/wp-json\/wp\/v2\/posts\/78107\/revisions\/376162"}],"wp:featuredmedia":[{"embeddable":true,"href":"https:\/\/www.yvesbeck.wine\/fr\/wp-json\/wp\/v2\/media\/162864"}],"wp:attachment":[{"href":"https:\/\/www.yvesbeck.wine\/fr\/wp-json\/wp\/v2\/media?parent=78107"}],"wp:term":[{"taxonomy":"category","embeddable":true,"href":"https:\/\/www.yvesbeck.wine\/fr\/wp-json\/wp\/v2\/categories?post=78107"},{"taxonomy":"post_tag","embeddable":true,"href":"https:\/\/www.yvesbeck.wine\/fr\/wp-json\/wp\/v2\/tags?post=78107"}],"curies":[{"name":"wp","href":"https:\/\/api.w.org\/{rel}","templated":true}]}}