{"id":74798,"date":"2020-04-20T12:07:54","date_gmt":"2020-04-20T11:07:54","guid":{"rendered":"https:\/\/www.yvesbeck.wine\/?p=74798"},"modified":"2026-01-04T16:32:55","modified_gmt":"2026-01-04T15:32:55","slug":"bordeaux-2019-638-vins-degustes-et-notes-par-yves-beck","status":"publish","type":"post","link":"https:\/\/www.yvesbeck.wine\/fr\/bordeaux-2019-638-vins-degustes-et-notes-par-yves-beck\/","title":{"rendered":"Bordeaux 2019 : 638 vins d\u00e9gust\u00e9s et not\u00e9s par Yves Beck"},"content":{"rendered":"<p>La campagne de d\u00e9gustation des Bordeaux 2019 a d\u00e9but\u00e9 le 6 mars 2020 pour Yves Beck.<\/p>\n<h5>Une campagne pas comme les autres<\/h5>\n<p>Tout se d\u00e9roulait assez sereinement mais la situation que nous connaissons tous actuellement \u00e0 compl\u00e8tement chang\u00e9 la donne.<\/p>\n<p>Les raisons pour lesquelles j&rsquo;ai quand-m\u00eame opt\u00e9 pour d\u00e9guster les 2019 sont largement expliqu\u00e9es dans <a href=\"https:\/\/www.yvesbeck.wine\/fr\/bordeaux-primeurs-2019\/?lang=fr\" target=\"_blank\" rel=\"noopener noreferrer\">la publication du 14 avril 2020<\/a>.<\/p>\n<h5>638 vins en ligne<\/h5>\n<p>Au finale, ce ne sont pas moins de 638 vins qui sont en ligne. Bordeaux 2019 m\u00e9rite notre attention. Ils sont frais, bien soutenus par leur structure et dot\u00e9s d&rsquo;un bon \u00e0 tr\u00e8s bon potentiel de garde. Ils seront n\u00e9anmoins, pour la plupart, d\u00e9j\u00e0 accessibles dans leur jeunesse, gr\u00e2ce \u00e0 leur fra\u00eecheur.<\/p>\n<h5>T\u00e9l\u00e9chargement en ligne<\/h5>\n<p>Pour visualiser les Bordeaux 2019 vous avez plusieurs alternatives :<\/p>\n<ul>\n<li><a href=\"https:\/\/www.yvesbeck.wine\/fr\/produkt\/bordeaux-primeurs-2019-yves-beck-sans-abonnement-annuel\/\" target=\"_blank\" rel=\"noopener noreferrer\"><span style=\"color: #800000;\">t\u00e9l\u00e9charger le magazine PDF pour seulement CHF 17.00<\/span><\/a> (Gratuit pour les abonn\u00e9s)<\/li>\n<li><a href=\"https:\/\/www.yvesbeck.wine\/fr\/produkt\/abonnement-prive-yvesbeck-wine\/\" target=\"_blank\" rel=\"noopener noreferrer\"><span style=\"color: #800000;\">souscrire un abonnement annuel pour CHF. 98.00<\/span><\/a> et acc\u00e9der \u00e0 38561 notes de d\u00e9gustation<\/li>\n<\/ul>\n<h5>Le r\u00e9sum\u00e9 du mill\u00e9sime<\/h5>\n<p>Quand parle-t-on d&rsquo;un grand mill\u00e9sime ? Pour faire tr\u00e8s simple, lorsqu&rsquo;il y a des grands vins partout dans tous les styles ; que ce soit rouge, blanc, sec ou doux. C&rsquo;est justement le cas de 2019 et, d\u00e8s lors, il y a de quoi se r\u00e9jouir. Pour un compte-rendu exhaustif, je me permets de vous renvoyer encore une fois vers la publication du 14 avril 2020.<\/p>\n<h5>Comment se sont d\u00e9roul\u00e9es les d\u00e9gustations ?<\/h5>\n<p>J&rsquo;ai pu d\u00e9guster les vins du mill\u00e9sime 2019 dans des conditions id\u00e9ales :<\/p>\n<ul>\n<li>entre le 6 mars et le 16 mars chez diff\u00e9rents oenologues<\/li>\n<li>d\u00e8s le 17 mars en confinement au Ch\u00e2teau La Vo\u00fbte<\/li>\n<\/ul>\n<p>C&rsquo;est uniquement gr\u00e2ce au d\u00e9vouement de plusieurs entreprises que j&rsquo;ai pu r\u00e9aliser ce travail de fond.<\/p>\n<p>Je remercie sinc\u00e8rement les soci\u00e9t\u00e9s suivantes :<\/p>\n<p><a href=\"http:\/\/laboboissenot.fr\/\" target=\"_blank\" rel=\"noopener noreferrer\">Eric Boissenot et son \u00e9quipe \u00e0 Lamarque<\/a> \u2014 <a href=\"https:\/\/www.hubertdebouardconsulting.com\/\" target=\"_blank\" rel=\"noopener noreferrer\">Hubert de Bo\u00fcard Consulting \u00e0 Montagne<\/a> \u2014 <a href=\"http:\/\/www.courreges-wines.com\/old\/stephane-courreges-f.html\" target=\"_blank\" rel=\"noopener noreferrer\">St\u00e9phane Courr\u00e8ges \u00e0 Bordeaux<\/a> \u2014 <a href=\"https:\/\/www.olivierdauga.com\/\" target=\"_blank\" rel=\"noopener noreferrer\">Olivier Dauga \u00ab Le Faiseur de Vin \u00bb \u00e0 Bordeaux<\/a> \u2014 <a href=\"http:\/\/pauillac.oenocentres.com\/\" target=\"_blank\" rel=\"noopener noreferrer\">Oenocentre \u00e0 Pauillac<\/a> \u2014 <a href=\"https:\/\/www.oenoconseil.com\/pauillac.html\" target=\"_blank\" rel=\"noopener noreferrer\">Oenoconseil \u00e0 Pauillac<\/a> \u2014 <a href=\"https:\/\/www.oenoteam.com\/fr\/\" target=\"_blank\" rel=\"noopener noreferrer\">Oenoteam \u00e0 Libourne<\/a> \u2014 <a href=\"http:\/\/www.rolland-oenologie.fr\/\" target=\"_blank\" rel=\"noopener noreferrer\">Rolland \u0152nologie \u00e0 Catusseau<\/a><\/p>\n<p>Je remercie particuli\u00e8rement mon fid\u00e8le ami Gaetan Moreau qui m&rsquo;accueille r\u00e9guli\u00e8rement au <a href=\"https:\/\/www.vignobles-moreau.com\/\" target=\"_blank\" rel=\"noopener noreferrer\">Ch\u00e2teau La Vo\u00fbte<\/a> et qui a l&rsquo;incroyable m\u00e9rite de me supporter au quotidien.<\/p>\n<p>Et puisque je me suis lanc\u00e9 dans les remerciements je ne voudrais pas manquer d&rsquo;adresser ma plus grande reconnaissance \u00e0 toutes les propri\u00e9t\u00e9s qui m&rsquo;ont fait parvenir des \u00e9chantillons au Ch\u00e2teau La Vo\u00fbte. Si vous souhaitez me faire parvenir des vins \u00e0 d\u00e9guster, <a href=\"mailto:info@yvesbeck.wine\" target=\"_blank\" rel=\"noopener noreferrer\">contactez moi par courriel<\/a><\/p>\n<p>Finalement c&rsquo;est \u00e0 vous, ch\u00e8res lectrices et chers lecteurs, que je dois \u00e9galement ma reconnaissance. Gr\u00e2ce \u00e0 vous, le site <a href=\"https:\/\/www.yvesbeck.wine\/fr\" target=\"_blank\" rel=\"noopener noreferrer\">yvesbeck.wine<\/a> connait un franc succ\u00e8s. Sans vous, tout cela ne serait pas possible. Prenez-soin de vous et de vos proches. A bient\u00f4t et sant\u00e9 !<\/p>\n<p>Bien \u00e0 vous, Yves Beck<\/p>\n<p>&nbsp;<\/p>\n","protected":false},"excerpt":{"rendered":"<p>La campagne de d\u00e9gustation des Bordeaux 2019 a d\u00e9but\u00e9 le 6 mars 2020 pour Yves Beck. Une campagne pas comme les autres Tout se d\u00e9roulait assez sereinement mais la situation que nous connaissons tous actuellement \u00e0 compl\u00e8tement chang\u00e9 la donne. Les raisons pour lesquelles j&rsquo;ai quand-m\u00eame opt\u00e9 pour d\u00e9guster les 2019 sont largement expliqu\u00e9es dans [&hellip;]<\/p>\n","protected":false},"author":14,"featured_media":162840,"comment_status":"closed","ping_status":"closed","sticky":false,"template":"","format":"standard","meta":{"_acf_changed":false,"_et_pb_use_builder":"","_et_pb_old_content":"","_et_gb_content_width":"","footnotes":""},"categories":[190],"tags":[10017],"class_list":["post-74798","post","type-post","status-publish","format-standard","has-post-thumbnail","hentry","category-bordeaux-france","tag-bordeaux-2019"],"acf":[],"yoast_head":"<!-- This site is optimized with the Yoast SEO plugin v26.9 - https:\/\/yoast.com\/product\/yoast-seo-wordpress\/ -->\n<title>Bordeaux 2019 : 638 vins d\u00e9gust\u00e9s et not\u00e9s par Yves Beck -<\/title>\n<meta name=\"description\" content=\"Pas l&#039;ombre d&#039;un doute: la campagne primeurs Bordeaux 2019 est la plus particuli\u00e8re \u00e0 ce jour. Une grande ann\u00e9e \u00e0 d\u00e9couvrir sur yvesbeck.wine\" \/>\n<meta name=\"robots\" content=\"index, follow, max-snippet:-1, max-image-preview:large, max-video-preview:-1\" \/>\n<link rel=\"canonical\" href=\"https:\/\/www.yvesbeck.wine\/fr\/bordeaux-2019-638-vins-degustes-et-notes-par-yves-beck\/\" \/>\n<meta property=\"og:locale\" content=\"fr_FR\" \/>\n<meta property=\"og:type\" content=\"article\" \/>\n<meta property=\"og:title\" content=\"Bordeaux 2019 : 638 vins d\u00e9gust\u00e9s et not\u00e9s par Yves Beck -\" \/>\n<meta property=\"og:description\" content=\"Pas l&#039;ombre d&#039;un doute: la campagne primeurs Bordeaux 2019 est la plus particuli\u00e8re \u00e0 ce jour. Une grande ann\u00e9e \u00e0 d\u00e9couvrir sur yvesbeck.wine\" \/>\n<meta property=\"og:url\" content=\"https:\/\/www.yvesbeck.wine\/fr\/bordeaux-2019-638-vins-degustes-et-notes-par-yves-beck\/\" \/>\n<meta property=\"og:site_name\" content=\"Yves Beck\" \/>\n<meta property=\"article:publisher\" content=\"https:\/\/www.facebook.com\/beckustator\" \/>\n<meta property=\"article:author\" content=\"https:\/\/www.facebook.com\/beckustator\" \/>\n<meta property=\"article:published_time\" content=\"2020-04-20T11:07:54+00:00\" \/>\n<meta property=\"article:modified_time\" content=\"2026-01-04T15:32:55+00:00\" \/>\n<meta property=\"og:image\" content=\"https:\/\/www.yvesbeck.wine\/wp-content\/uploads\/2020\/04\/Bordeaux-2019-Primeurs-2019-2.jpg\" \/>\n\t<meta property=\"og:image:width\" content=\"1440\" \/>\n\t<meta property=\"og:image:height\" content=\"1128\" \/>\n\t<meta property=\"og:image:type\" content=\"image\/jpeg\" \/>\n<meta name=\"author\" content=\"Yves Beck\" \/>\n<meta name=\"twitter:card\" content=\"summary_large_image\" \/>\n<meta name=\"twitter:creator\" content=\"@beckustator\" \/>\n<meta name=\"twitter:site\" content=\"@beckustator\" \/>\n<meta name=\"twitter:label1\" content=\"\u00c9crit par\" \/>\n\t<meta name=\"twitter:data1\" content=\"Yves Beck\" \/>\n\t<meta name=\"twitter:label2\" content=\"Dur\u00e9e de lecture estim\u00e9e\" \/>\n\t<meta name=\"twitter:data2\" content=\"3 minutes\" \/>\n<script type=\"application\/ld+json\" class=\"yoast-schema-graph\">{\"@context\":\"https:\/\/schema.org\",\"@graph\":[{\"@type\":\"Article\",\"@id\":\"https:\/\/www.yvesbeck.wine\/fr\/bordeaux-2019-638-vins-degustes-et-notes-par-yves-beck\/#article\",\"isPartOf\":{\"@id\":\"https:\/\/www.yvesbeck.wine\/fr\/bordeaux-2019-638-vins-degustes-et-notes-par-yves-beck\/\"},\"author\":{\"name\":\"Yves Beck\",\"@id\":\"https:\/\/www.yvesbeck.wine\/#\/schema\/person\/33cc92b5916fa8e634fe59f0121a0cad\"},\"headline\":\"Bordeaux 2019 : 638 vins d\u00e9gust\u00e9s et not\u00e9s par Yves Beck\",\"datePublished\":\"2020-04-20T11:07:54+00:00\",\"dateModified\":\"2026-01-04T15:32:55+00:00\",\"mainEntityOfPage\":{\"@id\":\"https:\/\/www.yvesbeck.wine\/fr\/bordeaux-2019-638-vins-degustes-et-notes-par-yves-beck\/\"},\"wordCount\":503,\"publisher\":{\"@id\":\"https:\/\/www.yvesbeck.wine\/#organization\"},\"image\":{\"@id\":\"https:\/\/www.yvesbeck.wine\/fr\/bordeaux-2019-638-vins-degustes-et-notes-par-yves-beck\/#primaryimage\"},\"thumbnailUrl\":\"https:\/\/www.yvesbeck.wine\/wp-content\/uploads\/2020\/04\/Bordeaux-2019-Primeurs-2019-2.jpg\",\"keywords\":[\"Bordeaux 2019\"],\"articleSection\":[\"Bordeaux\"],\"inLanguage\":\"fr-FR\"},{\"@type\":\"WebPage\",\"@id\":\"https:\/\/www.yvesbeck.wine\/fr\/bordeaux-2019-638-vins-degustes-et-notes-par-yves-beck\/\",\"url\":\"https:\/\/www.yvesbeck.wine\/fr\/bordeaux-2019-638-vins-degustes-et-notes-par-yves-beck\/\",\"name\":\"Bordeaux 2019 : 638 vins d\u00e9gust\u00e9s et not\u00e9s par Yves Beck -\",\"isPartOf\":{\"@id\":\"https:\/\/www.yvesbeck.wine\/#website\"},\"primaryImageOfPage\":{\"@id\":\"https:\/\/www.yvesbeck.wine\/fr\/bordeaux-2019-638-vins-degustes-et-notes-par-yves-beck\/#primaryimage\"},\"image\":{\"@id\":\"https:\/\/www.yvesbeck.wine\/fr\/bordeaux-2019-638-vins-degustes-et-notes-par-yves-beck\/#primaryimage\"},\"thumbnailUrl\":\"https:\/\/www.yvesbeck.wine\/wp-content\/uploads\/2020\/04\/Bordeaux-2019-Primeurs-2019-2.jpg\",\"datePublished\":\"2020-04-20T11:07:54+00:00\",\"dateModified\":\"2026-01-04T15:32:55+00:00\",\"description\":\"Pas l'ombre d'un doute: la campagne primeurs Bordeaux 2019 est la plus particuli\u00e8re \u00e0 ce jour. Une grande ann\u00e9e \u00e0 d\u00e9couvrir sur yvesbeck.wine\",\"breadcrumb\":{\"@id\":\"https:\/\/www.yvesbeck.wine\/fr\/bordeaux-2019-638-vins-degustes-et-notes-par-yves-beck\/#breadcrumb\"},\"inLanguage\":\"fr-FR\",\"potentialAction\":[{\"@type\":\"ReadAction\",\"target\":[\"https:\/\/www.yvesbeck.wine\/fr\/bordeaux-2019-638-vins-degustes-et-notes-par-yves-beck\/\"]}]},{\"@type\":\"ImageObject\",\"inLanguage\":\"fr-FR\",\"@id\":\"https:\/\/www.yvesbeck.wine\/fr\/bordeaux-2019-638-vins-degustes-et-notes-par-yves-beck\/#primaryimage\",\"url\":\"https:\/\/www.yvesbeck.wine\/wp-content\/uploads\/2020\/04\/Bordeaux-2019-Primeurs-2019-2.jpg\",\"contentUrl\":\"https:\/\/www.yvesbeck.wine\/wp-content\/uploads\/2020\/04\/Bordeaux-2019-Primeurs-2019-2.jpg\",\"width\":1440,\"height\":1128,\"caption\":\"Bordeaux Primeurs 2019 - yvesbeck.wine\"},{\"@type\":\"BreadcrumbList\",\"@id\":\"https:\/\/www.yvesbeck.wine\/fr\/bordeaux-2019-638-vins-degustes-et-notes-par-yves-beck\/#breadcrumb\",\"itemListElement\":[{\"@type\":\"ListItem\",\"position\":1,\"name\":\"Startseite\",\"item\":\"https:\/\/www.yvesbeck.wine\/fr\/\"},{\"@type\":\"ListItem\",\"position\":2,\"name\":\"Bordeaux 2019 : 638 vins d\u00e9gust\u00e9s et not\u00e9s par Yves Beck\"}]},{\"@type\":\"WebSite\",\"@id\":\"https:\/\/www.yvesbeck.wine\/#website\",\"url\":\"https:\/\/www.yvesbeck.wine\/\",\"name\":\"Yves Beck\",\"description\":\"Beckustator\",\"publisher\":{\"@id\":\"https:\/\/www.yvesbeck.wine\/#organization\"},\"potentialAction\":[{\"@type\":\"SearchAction\",\"target\":{\"@type\":\"EntryPoint\",\"urlTemplate\":\"https:\/\/www.yvesbeck.wine\/?s={search_term_string}\"},\"query-input\":{\"@type\":\"PropertyValueSpecification\",\"valueRequired\":true,\"valueName\":\"search_term_string\"}}],\"inLanguage\":\"fr-FR\"},{\"@type\":\"Organization\",\"@id\":\"https:\/\/www.yvesbeck.wine\/#organization\",\"name\":\"yvesbeck.wine\",\"url\":\"https:\/\/www.yvesbeck.wine\/\",\"logo\":{\"@type\":\"ImageObject\",\"inLanguage\":\"fr-FR\",\"@id\":\"https:\/\/www.yvesbeck.wine\/#\/schema\/logo\/image\/\",\"url\":\"https:\/\/www.yvesbeck.wine\/wp-content\/uploads\/frontend\/2016\/07\/20160722-Logo-Sidebar.png\",\"contentUrl\":\"https:\/\/www.yvesbeck.wine\/wp-content\/uploads\/frontend\/2016\/07\/20160722-Logo-Sidebar.png\",\"width\":376,\"height\":200,\"caption\":\"yvesbeck.wine\"},\"image\":{\"@id\":\"https:\/\/www.yvesbeck.wine\/#\/schema\/logo\/image\/\"},\"sameAs\":[\"https:\/\/www.facebook.com\/beckustator\",\"https:\/\/x.com\/beckustator\",\"https:\/\/www.instagram.com\/beckustator\",\"https:\/\/www.linkedin.com\/in\/yvesbeck\/\"]},{\"@type\":\"Person\",\"@id\":\"https:\/\/www.yvesbeck.wine\/#\/schema\/person\/33cc92b5916fa8e634fe59f0121a0cad\",\"name\":\"Yves Beck\",\"sameAs\":[\"https:\/\/www.yvesbeck.wine\",\"https:\/\/www.facebook.com\/beckustator\",\"https:\/\/www.instagram.com\/beckustator\",\"https:\/\/www.linkedin\/in\/yvesbeck\"],\"url\":\"https:\/\/www.yvesbeck.wine\/fr\/author\/ddb68\/\"}]}<\/script>\n<!-- \/ Yoast SEO plugin. -->","yoast_head_json":{"title":"Bordeaux 2019 : 638 vins d\u00e9gust\u00e9s et not\u00e9s par Yves Beck -","description":"Pas l'ombre d'un doute: la campagne primeurs Bordeaux 2019 est la plus particuli\u00e8re \u00e0 ce jour. Une grande ann\u00e9e \u00e0 d\u00e9couvrir sur yvesbeck.wine","robots":{"index":"index","follow":"follow","max-snippet":"max-snippet:-1","max-image-preview":"max-image-preview:large","max-video-preview":"max-video-preview:-1"},"canonical":"https:\/\/www.yvesbeck.wine\/fr\/bordeaux-2019-638-vins-degustes-et-notes-par-yves-beck\/","og_locale":"fr_FR","og_type":"article","og_title":"Bordeaux 2019 : 638 vins d\u00e9gust\u00e9s et not\u00e9s par Yves Beck -","og_description":"Pas l'ombre d'un doute: la campagne primeurs Bordeaux 2019 est la plus particuli\u00e8re \u00e0 ce jour. Une grande ann\u00e9e \u00e0 d\u00e9couvrir sur yvesbeck.wine","og_url":"https:\/\/www.yvesbeck.wine\/fr\/bordeaux-2019-638-vins-degustes-et-notes-par-yves-beck\/","og_site_name":"Yves Beck","article_publisher":"https:\/\/www.facebook.com\/beckustator","article_author":"https:\/\/www.facebook.com\/beckustator","article_published_time":"2020-04-20T11:07:54+00:00","article_modified_time":"2026-01-04T15:32:55+00:00","og_image":[{"width":1440,"height":1128,"url":"https:\/\/www.yvesbeck.wine\/wp-content\/uploads\/2020\/04\/Bordeaux-2019-Primeurs-2019-2.jpg","type":"image\/jpeg"}],"author":"Yves Beck","twitter_card":"summary_large_image","twitter_creator":"@beckustator","twitter_site":"@beckustator","twitter_misc":{"\u00c9crit par":"Yves Beck","Dur\u00e9e de lecture estim\u00e9e":"3 minutes"},"schema":{"@context":"https:\/\/schema.org","@graph":[{"@type":"Article","@id":"https:\/\/www.yvesbeck.wine\/fr\/bordeaux-2019-638-vins-degustes-et-notes-par-yves-beck\/#article","isPartOf":{"@id":"https:\/\/www.yvesbeck.wine\/fr\/bordeaux-2019-638-vins-degustes-et-notes-par-yves-beck\/"},"author":{"name":"Yves Beck","@id":"https:\/\/www.yvesbeck.wine\/#\/schema\/person\/33cc92b5916fa8e634fe59f0121a0cad"},"headline":"Bordeaux 2019 : 638 vins d\u00e9gust\u00e9s et not\u00e9s par Yves Beck","datePublished":"2020-04-20T11:07:54+00:00","dateModified":"2026-01-04T15:32:55+00:00","mainEntityOfPage":{"@id":"https:\/\/www.yvesbeck.wine\/fr\/bordeaux-2019-638-vins-degustes-et-notes-par-yves-beck\/"},"wordCount":503,"publisher":{"@id":"https:\/\/www.yvesbeck.wine\/#organization"},"image":{"@id":"https:\/\/www.yvesbeck.wine\/fr\/bordeaux-2019-638-vins-degustes-et-notes-par-yves-beck\/#primaryimage"},"thumbnailUrl":"https:\/\/www.yvesbeck.wine\/wp-content\/uploads\/2020\/04\/Bordeaux-2019-Primeurs-2019-2.jpg","keywords":["Bordeaux 2019"],"articleSection":["Bordeaux"],"inLanguage":"fr-FR"},{"@type":"WebPage","@id":"https:\/\/www.yvesbeck.wine\/fr\/bordeaux-2019-638-vins-degustes-et-notes-par-yves-beck\/","url":"https:\/\/www.yvesbeck.wine\/fr\/bordeaux-2019-638-vins-degustes-et-notes-par-yves-beck\/","name":"Bordeaux 2019 : 638 vins d\u00e9gust\u00e9s et not\u00e9s par Yves Beck -","isPartOf":{"@id":"https:\/\/www.yvesbeck.wine\/#website"},"primaryImageOfPage":{"@id":"https:\/\/www.yvesbeck.wine\/fr\/bordeaux-2019-638-vins-degustes-et-notes-par-yves-beck\/#primaryimage"},"image":{"@id":"https:\/\/www.yvesbeck.wine\/fr\/bordeaux-2019-638-vins-degustes-et-notes-par-yves-beck\/#primaryimage"},"thumbnailUrl":"https:\/\/www.yvesbeck.wine\/wp-content\/uploads\/2020\/04\/Bordeaux-2019-Primeurs-2019-2.jpg","datePublished":"2020-04-20T11:07:54+00:00","dateModified":"2026-01-04T15:32:55+00:00","description":"Pas l'ombre d'un doute: la campagne primeurs Bordeaux 2019 est la plus particuli\u00e8re \u00e0 ce jour. Une grande ann\u00e9e \u00e0 d\u00e9couvrir sur yvesbeck.wine","breadcrumb":{"@id":"https:\/\/www.yvesbeck.wine\/fr\/bordeaux-2019-638-vins-degustes-et-notes-par-yves-beck\/#breadcrumb"},"inLanguage":"fr-FR","potentialAction":[{"@type":"ReadAction","target":["https:\/\/www.yvesbeck.wine\/fr\/bordeaux-2019-638-vins-degustes-et-notes-par-yves-beck\/"]}]},{"@type":"ImageObject","inLanguage":"fr-FR","@id":"https:\/\/www.yvesbeck.wine\/fr\/bordeaux-2019-638-vins-degustes-et-notes-par-yves-beck\/#primaryimage","url":"https:\/\/www.yvesbeck.wine\/wp-content\/uploads\/2020\/04\/Bordeaux-2019-Primeurs-2019-2.jpg","contentUrl":"https:\/\/www.yvesbeck.wine\/wp-content\/uploads\/2020\/04\/Bordeaux-2019-Primeurs-2019-2.jpg","width":1440,"height":1128,"caption":"Bordeaux Primeurs 2019 - yvesbeck.wine"},{"@type":"BreadcrumbList","@id":"https:\/\/www.yvesbeck.wine\/fr\/bordeaux-2019-638-vins-degustes-et-notes-par-yves-beck\/#breadcrumb","itemListElement":[{"@type":"ListItem","position":1,"name":"Startseite","item":"https:\/\/www.yvesbeck.wine\/fr\/"},{"@type":"ListItem","position":2,"name":"Bordeaux 2019 : 638 vins d\u00e9gust\u00e9s et not\u00e9s par Yves Beck"}]},{"@type":"WebSite","@id":"https:\/\/www.yvesbeck.wine\/#website","url":"https:\/\/www.yvesbeck.wine\/","name":"Yves Beck","description":"Beckustator","publisher":{"@id":"https:\/\/www.yvesbeck.wine\/#organization"},"potentialAction":[{"@type":"SearchAction","target":{"@type":"EntryPoint","urlTemplate":"https:\/\/www.yvesbeck.wine\/?s={search_term_string}"},"query-input":{"@type":"PropertyValueSpecification","valueRequired":true,"valueName":"search_term_string"}}],"inLanguage":"fr-FR"},{"@type":"Organization","@id":"https:\/\/www.yvesbeck.wine\/#organization","name":"yvesbeck.wine","url":"https:\/\/www.yvesbeck.wine\/","logo":{"@type":"ImageObject","inLanguage":"fr-FR","@id":"https:\/\/www.yvesbeck.wine\/#\/schema\/logo\/image\/","url":"https:\/\/www.yvesbeck.wine\/wp-content\/uploads\/frontend\/2016\/07\/20160722-Logo-Sidebar.png","contentUrl":"https:\/\/www.yvesbeck.wine\/wp-content\/uploads\/frontend\/2016\/07\/20160722-Logo-Sidebar.png","width":376,"height":200,"caption":"yvesbeck.wine"},"image":{"@id":"https:\/\/www.yvesbeck.wine\/#\/schema\/logo\/image\/"},"sameAs":["https:\/\/www.facebook.com\/beckustator","https:\/\/x.com\/beckustator","https:\/\/www.instagram.com\/beckustator","https:\/\/www.linkedin.com\/in\/yvesbeck\/"]},{"@type":"Person","@id":"https:\/\/www.yvesbeck.wine\/#\/schema\/person\/33cc92b5916fa8e634fe59f0121a0cad","name":"Yves Beck","sameAs":["https:\/\/www.yvesbeck.wine","https:\/\/www.facebook.com\/beckustator","https:\/\/www.instagram.com\/beckustator","https:\/\/www.linkedin\/in\/yvesbeck"],"url":"https:\/\/www.yvesbeck.wine\/fr\/author\/ddb68\/"}]}},"_links":{"self":[{"href":"https:\/\/www.yvesbeck.wine\/fr\/wp-json\/wp\/v2\/posts\/74798","targetHints":{"allow":["GET"]}}],"collection":[{"href":"https:\/\/www.yvesbeck.wine\/fr\/wp-json\/wp\/v2\/posts"}],"about":[{"href":"https:\/\/www.yvesbeck.wine\/fr\/wp-json\/wp\/v2\/types\/post"}],"author":[{"embeddable":true,"href":"https:\/\/www.yvesbeck.wine\/fr\/wp-json\/wp\/v2\/users\/14"}],"replies":[{"embeddable":true,"href":"https:\/\/www.yvesbeck.wine\/fr\/wp-json\/wp\/v2\/comments?post=74798"}],"version-history":[{"count":4,"href":"https:\/\/www.yvesbeck.wine\/fr\/wp-json\/wp\/v2\/posts\/74798\/revisions"}],"predecessor-version":[{"id":376182,"href":"https:\/\/www.yvesbeck.wine\/fr\/wp-json\/wp\/v2\/posts\/74798\/revisions\/376182"}],"wp:featuredmedia":[{"embeddable":true,"href":"https:\/\/www.yvesbeck.wine\/fr\/wp-json\/wp\/v2\/media\/162840"}],"wp:attachment":[{"href":"https:\/\/www.yvesbeck.wine\/fr\/wp-json\/wp\/v2\/media?parent=74798"}],"wp:term":[{"taxonomy":"category","embeddable":true,"href":"https:\/\/www.yvesbeck.wine\/fr\/wp-json\/wp\/v2\/categories?post=74798"},{"taxonomy":"post_tag","embeddable":true,"href":"https:\/\/www.yvesbeck.wine\/fr\/wp-json\/wp\/v2\/tags?post=74798"}],"curies":[{"name":"wp","href":"https:\/\/api.w.org\/{rel}","templated":true}]}}