{"id":51937,"date":"2019-07-06T14:00:45","date_gmt":"2019-07-06T13:00:45","guid":{"rendered":"https:\/\/www.yvesbeck.wine\/?p=51937"},"modified":"2026-01-04T16:40:25","modified_gmt":"2026-01-04T15:40:25","slug":"rosso-del-conte-tasca-d-almerita","status":"publish","type":"post","link":"https:\/\/www.yvesbeck.wine\/fr\/rosso-del-conte-tasca-d-almerita\/","title":{"rendered":"Rosso del Conte &#8211; Tasca d&rsquo;Almerita"},"content":{"rendered":"<p>En 2020, Rosso del Conte f\u00eate son 50\u00e8me anniversaire. Avec un peu d&rsquo;avance nous c\u00e9l\u00e9brons ce cru sicilien. Yves Beck a visit\u00e9 le domaine et pr\u00e9sente 12 vins. Ces vins, et le site oeno-touristiques, valent largement le d\u00e9tour.<\/p>\n<h4 style=\"text-align: justify;\"><strong>Histoire de Rosso del Conte<\/strong><\/h4>\n<div id=\"attachment_51993\" style=\"width: 339px\" class=\"wp-caption alignleft\"><img loading=\"lazy\" decoding=\"async\" aria-describedby=\"caption-attachment-51993\" class=\"wp-image-51993\" src=\"https:\/\/www.yvesbeck.wine\/wp-content\/uploads\/2019\/07\/Alberto-Tasca-pr\u00e9sente-Rosso-del-Conte-300x234.jpg\" alt=\"\" width=\"329\" height=\"257\" \/><p id=\"caption-attachment-51993\" class=\"wp-caption-text\">Alberto Tasca pr\u00e9sente son vin phare Rosso del Conte<\/p><\/div>\n<p style=\"text-align: justify;\">La naissance du vin <a href=\"https:\/\/www.tascadalmerita.it\/vini\/\" target=\"_blank\" rel=\"noopener noreferrer\">Rosso del Conte<\/a> remonte \u00e0 pr\u00e8s de 50 ans, lorsque le Comte Giuseppe a d\u00e9cid\u00e9 de cr\u00e9er un vin de qualit\u00e9 et de garde. Celui-ci se devait d&rsquo;exprimer le terroir de la Tenuta Regaleali et \u00e9tait issu d\u2019une seule vigne. Ceci constituait une premi\u00e8re \u00e0 l\u2019\u00e9poque en Sicile. Les jeunes pousses de Perricone et Nero d\u2019Avola, cultiv\u00e9es dans le vignoble de San Lucio, constituaient d\u00e8s lors, la base et l\u2019avenir de ce vin.<\/p>\n<p style=\"text-align: justify;\">L\u2019histoire ne s\u2019est \u00e9videmment pas faite en un jour. Diff\u00e9rents types d\u2019\u00e9levage ont \u00e9t\u00e9 test\u00e9s avec des foudres en bois de ch\u00e2taigne de 1970 \u00e0 1987, puis ch\u00eanes de Slavonie jusqu\u2019en 1991 o\u00f9 l\u2019on d\u00e9cida alors d\u2019utiliser des barriques en ch\u00eane fran\u00e7ais. Pour certains mill\u00e9simes il a \u00e9t\u00e9 ajout\u00e9 des c\u00e9pages tels que le Cabernet Sauvignon ou la Syrah \u00e0 l&rsquo;assemblage original. Aujourd&rsquo;hui, l&rsquo;on est revenu \u00e0 des valeurs traditionnelles, et c&rsquo;est tr\u00e8s bien ainsi. Bien \u00e9videmment l&rsquo;un emp\u00eache pas l&rsquo;autre, mais fondamentalement, Rosso del Conte se doit d&rsquo;\u00eatre sicilien avant tout et <span style=\"color: #800000;\"><strong>Alberto Tasca<\/strong><\/span> l&rsquo;a parfaitement compris.<\/p>\n<h3 style=\"text-align: justify;\">Situation g\u00e9ographique<\/h3>\n<p style=\"text-align: justify;\"><strong>Zone viticole<\/strong> : <a href=\"https:\/\/www.tascadalmerita.it\/tenuta\/regaleali\/\" target=\"_blank\" rel=\"noopener noreferrer\">Tenuta Regaleali<\/a> &#8211; Palerme \u2013 Sicile.<br \/>\n<strong>Vignes<\/strong> : San Lucio, situ\u00e9es \u00e0 480m d\u2019altitude.<br \/>\n<strong>Exposition<\/strong> : Sud-Ouest.<br \/>\n<strong>Densit\u00e9 de plantation<\/strong> : 4 400 pieds\/hectare.<\/p>\n<h4 style=\"text-align: justify;\"><strong>Sols<\/strong><\/h4>\n<p style=\"text-align: justify;\">Les sols sont sableux, de moyenne profondeur et comptent environ 10% de fossiles. Bonne accumulation de carbonate de calcium qui favorise le maintien de l&rsquo;approvisionnement en eau.<\/p>\n<h4 style=\"text-align: justify;\"><strong>C\u00e9pages<\/strong><\/h4>\n<p style=\"text-align: justify;\"><a href=\"https:\/\/fr.wikipedia.org\/wiki\/Nero_d%27Avola\" target=\"_blank\" rel=\"noopener noreferrer\">Nero d&rsquo;Avola<\/a> (62%), <a href=\"https:\/\/fr.wikipedia.org\/wiki\/Perricone\" target=\"_blank\" rel=\"noopener noreferrer\">Perricone<\/a> (38%)<\/p>\n<h4 style=\"text-align: justify;\"><strong>Vinification et \u00e9levage<\/strong><\/h4>\n<p style=\"text-align: justify;\"><strong>Fermentation alcoolique<\/strong> : cuve inox.<br \/>\n<strong>Temp\u00e9rature de fermentation<\/strong> : de 20\u00b0 \u00e0 28\u00b0 C en fin de fermentation.<br \/>\n<strong>Mac\u00e9ration<\/strong> : environ 20 jours.<br \/>\n<strong>\u00c9levage<\/strong> : En f\u00fbts de ch\u00eane fran\u00e7ais (Allier et Tron\u00e7ais) de 225 litres, 100% neufs pendant 18 mois. Apr\u00e8s l&rsquo;\u00e9levage, les bouteilles restent au moins 12 mois suppl\u00e9mentaires au domaine.<\/p>\n<hr \/>\n<h4><strong>Oenotourisme<\/strong><\/h4>\n<p><img loading=\"lazy\" decoding=\"async\" class=\" wp-image-51954 alignleft\" src=\"https:\/\/www.yvesbeck.wine\/wp-content\/uploads\/2019\/07\/Rosso-del-Conte-vue-des-vignes-300x225.jpg\" alt=\"Vignes, monts et vaux - La Sicile\" width=\"364\" height=\"273\" \/>La Sicile est un v\u00e9ritable joyau aux paysages enivrants, que ce soit proche de la mer ou, comme c&rsquo;est le cas ici, \u00e0 plus de 400m d&rsquo;altitude. Au milieu des vignes, entour\u00e9s de monts et de vaux, chacun y trouvera son compte.<\/p>\n<div id=\"attachment_51950\" style=\"width: 408px\" class=\"wp-caption alignright\"><img loading=\"lazy\" decoding=\"async\" aria-describedby=\"caption-attachment-51950\" class=\"wp-image-51950 \" src=\"https:\/\/www.yvesbeck.wine\/wp-content\/uploads\/2019\/07\/2Tenuta-Regaleali-Dormire-300x188.jpg\" alt=\"Chambre \u00e0 la Tenuta Regaleali\" width=\"398\" height=\"250\" \/><p id=\"caption-attachment-51950\" class=\"wp-caption-text\">Une des chambre de la Tenuta Regaleali<\/p><\/div>\n<p>Il est possible de <span style=\"color: #800000;\"><strong>s\u00e9journer \u00e0 la Tenuta Regaleali<\/strong><\/span> et de savourer la pl\u00e9nitude de l&rsquo;endroit. Possibilit\u00e9s de ballades et de farniente \u00e0 profusion ! Les chambres sont d\u00e9cor\u00e9es avec go\u00fbt et disposent de tout le confort n\u00e9cessaire. Le petit d\u00e9jeuner se savoure dans un salle d\u00e9cor\u00e9e avec beaucoup de soins et l&rsquo;on peut \u00e9galement passer du temps dans le salon de la Tenuta ou alors appr\u00e9cier le soleil dans la cour int\u00e9rieure.<\/p>\n<div id=\"attachment_51961\" style=\"width: 374px\" class=\"wp-caption alignleft\"><img loading=\"lazy\" decoding=\"async\" aria-describedby=\"caption-attachment-51961\" class=\" wp-image-51961\" src=\"https:\/\/www.yvesbeck.wine\/wp-content\/uploads\/2019\/07\/Tenuta-Regaleali-Cour-int\u00e9rieure-Rosso-del-Conte-300x188.jpg\" alt=\"\" width=\"364\" height=\"228\" \/><p id=\"caption-attachment-51961\" class=\"wp-caption-text\">La cour int\u00e9rieure<\/p><\/div>\n<p>Vous le constatez en d\u00e9couvrant ces images, il y a de quoi r\u00eaver, de prendre le temps, de fl\u00e2ner ou de partir \u00e0 la d\u00e9couverte de la nature dans une atmosph\u00e8re paisible et \u00e9panouie. Chacun donne le rythme qu&rsquo;il veut \u00e0 sa journ\u00e9e, sauf <a href=\"https:\/\/www.facebook.com\/beckustator\" target=\"_blank\" rel=\"noopener noreferrer\">Beckustator<\/a> qui \u00e9tait l\u00e0 pour travailler et d\u00e9guster du vin. Vous voyez la dure vie qu&rsquo;il a&#8230; et tout \u00e7a pour vous donner envie de vous y rendre. Ne r\u00e9sistez pas trop \u00e0 vos tentations car dans ce cas de figure, elles seront \u00e0 la hauteur de vos attentes et, en plus, le vin est d\u00e9licieux \ud83d\ude00<\/p>\n<p style=\"text-align: left;\"><strong><a href=\"https:\/\/www.tascadalmerita.it\/ospitalita\/regaleali\/dormire\/\" target=\"_blank\" rel=\"noopener noreferrer\">Vous trouverez toutes les informations relatives \u00e0 l\u2019h\u00e9bergement en cliquant ce lien<\/a><\/strong><\/p>\n<div id=\"attachment_51967\" style=\"width: 310px\" class=\"wp-caption aligncenter\"><img loading=\"lazy\" decoding=\"async\" aria-describedby=\"caption-attachment-51967\" class=\"size-medium wp-image-51967\" src=\"https:\/\/www.yvesbeck.wine\/wp-content\/uploads\/2019\/07\/Beckustator-en-plein-travail-300x146.png\" alt=\"\" width=\"300\" height=\"146\" \/><p id=\"caption-attachment-51967\" class=\"wp-caption-text\">Beckustator en pleine r\u00e9flexion<\/p><\/div>\n<hr \/>\n<h4 style=\"text-align: justify;\"><strong>Rosso del Conte &#8211; Notes de d\u00e9gustation par <a href=\"https:\/\/www.yvesbeck.wine\/yves-beck\/?lang=fr\" target=\"_blank\" rel=\"noopener noreferrer\">Yves Beck<\/a><\/strong><\/h4>\n<p style=\"text-align: justify;\"><strong>Rosso del Conte 1979<br \/>\n<\/strong>90% Nero d&rsquo;Avola, 10% Perricone<strong><br \/>\n<\/strong>Rouge aux reflets l\u00e9gers reflets ambr\u00e9s. Bouquet \u00e9panoui, \u00e9volu\u00e9. Notes de sous-bois et de curry vert. Au palais le vin est friand, m\u00eame s\u00e9duisant et bien tenu par sa structure. Quelque peu ass\u00e9chant en finale. A Terminer <strong>88\/100<\/strong><\/p>\n<p style=\"text-align: justify;\"><strong><img loading=\"lazy\" decoding=\"async\" class=\" wp-image-51978 alignleft\" src=\"https:\/\/www.yvesbeck.wine\/wp-content\/uploads\/2019\/07\/Rosso-del-Conte-1983-300x246.jpg\" alt=\"\" width=\"235\" height=\"193\" \/><\/strong><strong>Rosso del Conte 1983<br \/>\n<\/strong>90% Nero d&rsquo;Avola, 10% Perricone<br \/>\nRouge grenat clair. Le bouquet du 1983 r\u00e9v\u00e8le des notes de v\u00e9tiver et de r\u00e9glisse. Touche de pruneau et de lard. Caract\u00e8re agr\u00e9able en bouche. Le vin est id\u00e9alement tenu par sa structure qui lui conf\u00e8re de la fra\u00eecheur tandis que les tannins sont bien fondus et pr\u00e9sents en fin de bouche. Finale persistante. Belle r\u00e9ussite Maintenant &#8211; 2024 <strong>91\/100<\/strong><\/p>\n<p style=\"text-align: justify;\"><strong>Rosso del Conte 1990<br \/>\n<\/strong>95% Nero d&rsquo;Avola, 5% Perricone<strong><br \/>\n<\/strong>Rouge grenat aux bords l\u00e9g\u00e8rement ambr\u00e9s. Nez filigrane, complexe, aux notes de baies noires et de r\u00e9glisse. Au palais, le vin confirme les aptitudes olfactives. Il est dot\u00e9 d&rsquo;une bonne intensit\u00e9 aromatique et est parfaitement \u00e9quilibr\u00e9. La structure tient l&rsquo;ensemble du vin et les tannins sont en retrait mais forment un excellent pilier. Un grand vin. Maintenant &#8211; 2024 <strong>92\/100<\/strong><\/p>\n<h5 style=\"text-align: justify;\"><strong>Rosso del Conte 1998<\/strong><\/h5>\n<p style=\"text-align: justify;\">95% Nero d&rsquo;Avola, 5% Perricone<strong><br \/>\n<\/strong>Rouge grenat moyen. Bouquet complexe, r\u00e9v\u00e9lant des notes min\u00e9rales et fruit\u00e9es. A l&rsquo;a\u00e9ration il r\u00e9v\u00e8le des notes de cacao, une touche florale et un c\u00f4t\u00e9 iod\u00e9. Caract\u00e8re friand au palais, l\u00e9g\u00e8rement cr\u00e9meux. Les tannins sont \u00e9l\u00e9gants, parfaitement int\u00e9gr\u00e9s et en symbiose avec la race de la structure. Belle intensit\u00e9 aromatique. L\u00e9g\u00e8rement ass\u00e9chant en fin de bouche. Un vin de caract\u00e8re qui a encore du temps devant lui. Maintenant &#8211; 2028 <strong>92\/100<\/strong><\/p>\n<hr \/>\n<p><a href=\"https:\/\/www.yvesbeck.wine\/fr\/produkt\/abonnement-prive-yvesbeck-wine\/\" target=\"_blank\" rel=\"noopener noreferrer\">D\u00e9couvrez 38483 notes de d\u00e9gustation par Yves Beck pour seulement CHF. 98.00 par ann\u00e9e<\/a><\/p>\n<hr \/>\n<h5 style=\"text-align: justify;\"><strong>Rosso del Conte 1999<\/strong><\/h5>\n<p style=\"text-align: justify;\">90% Nero d&rsquo;Avola, 10% Perricone<strong><br \/>\n<\/strong>Rouge grenat. Bouquet complexe r\u00e9v\u00e9lant des notes de curry vert et de sous-bois, donc plut\u00f4t \u00e9volu\u00e9. Paradoxalement, il y a des notes fum\u00e9es, un peu de graphite ainsi que des effluves de caramel. Mise en bouche friande. Le vin a du corps, de la race mais \u00e9galement un c\u00f4t\u00e9 ass\u00e9chant en fin de bouche. N\u00e9anmoins, le caract\u00e8re aromatique donne le ton et influe l&rsquo;ensemble du palais. Maintenant &#8211; 2022 <strong>91\/100<\/strong><\/p>\n<h5 style=\"text-align: justify;\"><strong>Rosso del Conte 2001<\/strong><\/h5>\n<p style=\"text-align: justify;\">90% Nero d&rsquo;Avola, 10% Perricone<strong><br \/>\n<\/strong>Rouge grenat. Bouquet compact, de bonne intensit\u00e9, belle symbiose entre des notes fum\u00e9es, florales et fruit\u00e9es. Attaque friande. Le vin a du corps, une touche cr\u00e9meuse et des tannins qui apparaissent en fin de bouche. Ils sont quelque peu ass\u00e9chants mais en accord avec la structure. Ce Rosso del Conte se distingue par sa fra\u00eecheur aromatique. Maintenant &#8211; 2024 <strong>90\/100<\/strong><\/p>\n<h5 style=\"text-align: justify;\"><strong>Rosso del Conte 2006<\/strong><\/h5>\n<p style=\"text-align: justify;\">85% Nero d&rsquo;Avola, 15% autres c\u00e9pages (Syrah, Cabernet)<strong><br \/>\n<\/strong>Rouge rubis. Quelle belle intensit\u00e9 fruit\u00e9e ! Bouquet marqu\u00e9 par des baies rouges mais \u00e9galement des \u00e9pices avec de la cannelle et de la menthe. En bouche le vin allie id\u00e9alement la touche friande et l&rsquo;ampleur. Le vin est \u00e9quilibr\u00e9 et r\u00e9v\u00e8le ses tannins lentement. Un vin qui se r\u00e9v\u00e8le lentement et qui a un tr\u00e8s bel avenir devant lui. <strong>92\/100<\/strong><\/p>\n<h5 style=\"text-align: justify;\"><strong><img loading=\"lazy\" decoding=\"async\" class=\" wp-image-51975 alignleft\" src=\"https:\/\/www.yvesbeck.wine\/wp-content\/uploads\/2019\/07\/Riserva-del-Conte-2010-Rosso-del-Conte-300x225.jpg\" alt=\"\" width=\"213\" height=\"160\" \/>Riserva del Conte 2010<\/strong><\/h5>\n<p style=\"text-align: justify;\">67% Perricone, 33% Nero d&rsquo;Avola<strong><br \/>\n<\/strong>A l&rsquo;occasion du 40\u00e8me anniversaire de ce vin, il a \u00e9t\u00e9 d\u00e9cid\u00e9 de cr\u00e9er une \u00ab\u00a0Riserva del Conte\u00a0\u00bb selon la vinification initiale de 1970, soit dans des foudres en bois de ch\u00e2taigne et avec un assemblage classique. Rouge grenat. Que de fra\u00eecheur au nez ! Notes de framboises et de grenadine, agr\u00e9able fra\u00eecheur. Cette derni\u00e8re marque \u00e9galement le palais, d\u00e8s l&rsquo;attaque et est en symbiose avec l&rsquo;intensit\u00e9 aromatique. Un vin qui a du nerf, des tannins parfaitement int\u00e9gr\u00e9s et qui est parfaitement \u00e9quilibr\u00e9. Difficile de lui r\u00e9sister mais l&rsquo;on gagnera certainement en harmonie en le gardant un peu ! 2020-2040 <strong>93\/100<\/strong><\/p>\n<h5 style=\"text-align: justify;\"><strong>Rosso del Conte 2010<\/strong><\/h5>\n<p style=\"text-align: justify;\">85% Nero d&rsquo;Avola, 15% Autres c\u00e9pages (Cabernet, Syrah)<strong><br \/>\n<\/strong>Rouge rubis. Bouquet complexe, aux nombreuses facettes. Fruit\u00e9, floral, tr\u00e8s pr\u00e9cis dans son style. Au palais, le vin brille par sa fra\u00eecheur et par son \u00e9quilibre. Il est dot\u00e9 de tannins puissants, \u00e9l\u00e9gants et d&rsquo;une structure rac\u00e9e qui influe l&rsquo;aromatique et qui s&rsquo;accord id\u00e9alement des tannins. Je pense qu\u2019ici, avec ce vin, Tenuta Regaleali donne un signal tr\u00e8s clair : il faut compter avec ! 2022-2040 <strong>93\/100<\/strong><\/p>\n<h5 style=\"text-align: justify;\"><strong>Rosso del Conte 2014<\/strong><\/h5>\n<p style=\"text-align: justify;\">62% Nero d&rsquo;Avola, 38% Perricone<strong><br \/>\n<\/strong>Rouge rubis aux reflets violets. Fra\u00eecheur, \u00e9pices et fruits ! C&rsquo;est le r\u00e9sum\u00e9 de ce bouquet. Prometteur et complexe. Je rel\u00e8ve \u00e9galement des notes de cacao et un peu de thym. Au palais, je rel\u00e8ve une bonne complexit\u00e9 entre charme et fra\u00eecheur. Le vin est juteux, fruit\u00e9 et bien soutenu par sa structure. Les tannins pr\u00e9sentent des grains fins et sont en synth\u00e8se avec la structure acide. Un vin qui a besoin de temps, surtout au niveau du palais alors que le nez est d\u00e9j\u00e0 tr\u00e8s tentant. 2022-2039 <strong>92\/100<\/strong><\/p>\n<h5 style=\"text-align: justify;\"><strong><img loading=\"lazy\" decoding=\"async\" class=\" wp-image-51988 alignleft\" src=\"https:\/\/www.yvesbeck.wine\/wp-content\/uploads\/2019\/07\/Rosso-del-Conte-2015-label-300x193.jpg\" alt=\"\" width=\"232\" height=\"149\" \/>Rosso del Conte 2015<\/strong><\/h5>\n<p style=\"text-align: justify;\">52% Nero d&rsquo;Avola, 48% Perricone<strong><br \/>\n<\/strong>Robe violette. Quelle intensit\u00e9 fruit\u00e9e ! Le vin d\u00e9gage beaucoup d&rsquo;\u00e9nergie et de complexit\u00e9. Mise en bouche juteuse et fruit\u00e9e alors qu&rsquo;ensuite c&rsquo;est un caract\u00e8re plut\u00f4t cr\u00e9meux qui souligne les aptitudes du corps. Le palais a une impressionnante aptitude \u00e0 g\u00e9rer la race de la structure et la puissance des tannins. Ce vin est dans les starting-blocks. Spontan\u00e9ment on peut penser qu&rsquo;il va courir un 800 m\u00e8tres mais je pense qu&rsquo;il a tout pour un 10 000 et m\u00eame un marathon. Les tannins sont fins et assurent parfaitement les arri\u00e8res en compagnie de la structure. Un tr\u00e8s grand vin. 2025-2045 <strong>94\/100<\/strong><\/p>\n<h5 style=\"text-align: justify;\"><strong>Rosso del Conte 2016 (\u00c9chantillon)<\/strong><\/h5>\n<p style=\"text-align: justify;\">Perricone, Nero d&rsquo;Avola<strong><br \/>\n<\/strong>Robe aux reflets violets. Le bouquet du 2016 est encore bien marqu\u00e9 par son \u00e9levage et r\u00e9v\u00e8le des notes de vanille. Le fruit se distingue par sa fra\u00eecheur avec des notes de framboises et de myrtilles. Belle fra\u00eecheur en bouche \u00e9galement avec de la race et des tannins parfaitement int\u00e9gr\u00e9s qui assurent les arri\u00e8res. Un vin qui concilie puissance et fra\u00eecheur avec brio. 2023-2041 <strong>93\/100<\/strong><\/p>\n<hr \/>\n<div id=\"attachment_51982\" style=\"width: 402px\" class=\"wp-caption aligncenter\"><img loading=\"lazy\" decoding=\"async\" aria-describedby=\"caption-attachment-51982\" class=\" wp-image-51982\" src=\"https:\/\/www.yvesbeck.wine\/wp-content\/uploads\/2019\/07\/Yves-Beck-alias-Beckustator-Rosso-del-Conte-300x225.png\" alt=\"\" width=\"392\" height=\"294\" \/><p id=\"caption-attachment-51982\" class=\"wp-caption-text\"><a href=\"https:\/\/www.yvesbeck.wine\/yves-beck\/?lang=fr\" target=\"_blank\" rel=\"noopener noreferrer\">Yves Beck<\/a> alias <a href=\"https:\/\/www.yvesbeck.wine\/beckustator\/?lang=fr\" target=\"_blank\" rel=\"noopener noreferrer\">Beckustator<\/a> at <a href=\"https:\/\/www.tascadalmerita.it\/tenuta\/regaleali\/\" target=\"_blank\" rel=\"noopener noreferrer\">Tenuta Regaleali<\/a> \u00a9 <a href=\"http:\/\/www.patrikiou.de\/\" target=\"_blank\" rel=\"noopener noreferrer\"><span id=\"fbPhotoSnowliftCaption\" class=\"fbPhotosPhotoCaption\" tabindex=\"0\" aria-live=\"polite\" data-ft=\"{&quot;tn&quot;:&quot;K&quot;}\"><span class=\"hasCaption\">Elissavet Patrikiou<\/span><\/span><\/a><\/p><\/div>\n<hr \/>\n<h4><strong>Contact<\/strong><\/h4>\n<p>Regaleali Estate<br \/>\nContrada Regaleali<br \/>\n90020 \u2013 Sclafani Bagni (PA)<br \/>\nTel. +39 0921 544011 \u2013 0921 571110<br \/>\nMail : <a href=\"mailto:hospitality@tascadalmerita.it\">hospitality[at]tascadalmerita.it<\/a><br \/>\nWeb : <a href=\"https:\/\/www.tascadalmerita.it\/en\/estate\/regaleali\/\" target=\"_blank\" rel=\"noopener noreferrer\">www.tascadalmerita.it<\/a><\/p>\n<h4><strong>Importateur (CH)<\/strong><\/h4>\n<p>Bindella<br \/>\nH\u00f6nggerstrasse 115<br \/>\n8037 Z\u00fcrich<br \/>\nWeb : <a href=\"https:\/\/www.bindella.ch\/de\/weinshop.html\" target=\"_blank\" rel=\"noopener noreferrer\">www.bindella.ch<\/a><\/p>\n<hr \/>\n<p><a href=\"https:\/\/www.yvesbeck.wine\/fr\/produkt\/abonnement-prive-yvesbeck-wine\/\">Abonnez-vous \u00e0 yvesbeck.wine \u00e0 partir de CHF. 98.00 par ann\u00e9e et acc\u00e9dez \u00e0<strong> 38483 notes de d\u00e9gustation en ligne<\/strong><\/a><\/p>\n<p>&nbsp;<\/p>\n","protected":false},"excerpt":{"rendered":"<p>En 2020, Rosso del Conte f\u00eate son 50\u00e8me anniversaire. Avec un peu d&rsquo;avance nous c\u00e9l\u00e9brons ce cru sicilien. Yves Beck a visit\u00e9 le domaine et pr\u00e9sente 12 vins. Ces vins, et le site oeno-touristiques, valent largement le d\u00e9tour. Histoire de Rosso del Conte La naissance du vin Rosso del Conte remonte \u00e0 pr\u00e8s de 50 [&hellip;]<\/p>\n","protected":false},"author":14,"featured_media":162707,"comment_status":"closed","ping_status":"closed","sticky":false,"template":"","format":"standard","meta":{"_acf_changed":false,"_et_pb_use_builder":"","_et_pb_old_content":"","_et_gb_content_width":"","footnotes":""},"categories":[10060],"tags":[13961,13971,13970],"class_list":["post-51937","post","type-post","status-publish","format-standard","has-post-thumbnail","hentry","category-monde","tag-italie","tag-rosso-del-conte-fr","tag-sicile"],"acf":[],"yoast_head":"<!-- This site is optimized with the Yoast SEO plugin v26.9 - https:\/\/yoast.com\/product\/yoast-seo-wordpress\/ -->\n<title>Rosso del Conte - Yves Beck<\/title>\n<meta name=\"description\" content=\"En 2020, Rosso del Conte f\u00eate son 50\u00e8me anniversaire. Yves Beck a visit\u00e9 le domaine et pr\u00e9sente 12 vins. yvesbeck.wine\" \/>\n<meta name=\"robots\" content=\"index, follow, max-snippet:-1, max-image-preview:large, max-video-preview:-1\" \/>\n<link rel=\"canonical\" href=\"https:\/\/www.yvesbeck.wine\/fr\/rosso-del-conte-tasca-d-almerita\/\" \/>\n<meta property=\"og:locale\" content=\"fr_FR\" \/>\n<meta property=\"og:type\" content=\"article\" \/>\n<meta property=\"og:title\" content=\"Rosso del Conte - Yves Beck\" \/>\n<meta property=\"og:description\" content=\"En 2020, Rosso del Conte f\u00eate son 50\u00e8me anniversaire. Yves Beck a visit\u00e9 le domaine et pr\u00e9sente 12 vins. yvesbeck.wine\" \/>\n<meta property=\"og:url\" content=\"https:\/\/www.yvesbeck.wine\/fr\/rosso-del-conte-tasca-d-almerita\/\" \/>\n<meta property=\"og:site_name\" content=\"Yves Beck\" \/>\n<meta property=\"article:publisher\" content=\"https:\/\/www.facebook.com\/beckustator\" \/>\n<meta property=\"article:author\" content=\"https:\/\/www.facebook.com\/beckustator\" \/>\n<meta property=\"article:published_time\" content=\"2019-07-06T13:00:45+00:00\" \/>\n<meta property=\"article:modified_time\" content=\"2026-01-04T15:40:25+00:00\" \/>\n<meta property=\"og:image\" content=\"https:\/\/www.yvesbeck.wine\/wp-content\/uploads\/2019\/07\/Tenuta-Regaleali-Rosso-del-Conte-e1740572976763.jpg\" \/>\n\t<meta property=\"og:image:width\" content=\"1638\" \/>\n\t<meta property=\"og:image:height\" content=\"1024\" \/>\n\t<meta property=\"og:image:type\" content=\"image\/jpeg\" \/>\n<meta name=\"author\" content=\"Yves Beck\" \/>\n<meta name=\"twitter:card\" content=\"summary_large_image\" \/>\n<meta name=\"twitter:creator\" content=\"@beckustator\" \/>\n<meta name=\"twitter:site\" content=\"@beckustator\" \/>\n<meta name=\"twitter:label1\" content=\"\u00c9crit par\" \/>\n\t<meta name=\"twitter:data1\" content=\"Yves Beck\" \/>\n\t<meta name=\"twitter:label2\" content=\"Dur\u00e9e de lecture estim\u00e9e\" \/>\n\t<meta name=\"twitter:data2\" content=\"11 minutes\" \/>\n<script type=\"application\/ld+json\" class=\"yoast-schema-graph\">{\"@context\":\"https:\/\/schema.org\",\"@graph\":[{\"@type\":\"Article\",\"@id\":\"https:\/\/www.yvesbeck.wine\/fr\/rosso-del-conte-tasca-d-almerita\/#article\",\"isPartOf\":{\"@id\":\"https:\/\/www.yvesbeck.wine\/fr\/rosso-del-conte-tasca-d-almerita\/\"},\"author\":{\"name\":\"Yves Beck\",\"@id\":\"https:\/\/www.yvesbeck.wine\/#\/schema\/person\/33cc92b5916fa8e634fe59f0121a0cad\"},\"headline\":\"Rosso del Conte &#8211; Tasca d&rsquo;Almerita\",\"datePublished\":\"2019-07-06T13:00:45+00:00\",\"dateModified\":\"2026-01-04T15:40:25+00:00\",\"mainEntityOfPage\":{\"@id\":\"https:\/\/www.yvesbeck.wine\/fr\/rosso-del-conte-tasca-d-almerita\/\"},\"wordCount\":1797,\"publisher\":{\"@id\":\"https:\/\/www.yvesbeck.wine\/#organization\"},\"image\":{\"@id\":\"https:\/\/www.yvesbeck.wine\/fr\/rosso-del-conte-tasca-d-almerita\/#primaryimage\"},\"thumbnailUrl\":\"https:\/\/www.yvesbeck.wine\/wp-content\/uploads\/2019\/07\/Tenuta-Regaleali-Rosso-del-Conte-e1740572976763.jpg\",\"keywords\":[\"Italie\",\"Rosso del Conte\",\"Sicile\"],\"articleSection\":[\"Monde\"],\"inLanguage\":\"fr-FR\"},{\"@type\":\"WebPage\",\"@id\":\"https:\/\/www.yvesbeck.wine\/fr\/rosso-del-conte-tasca-d-almerita\/\",\"url\":\"https:\/\/www.yvesbeck.wine\/fr\/rosso-del-conte-tasca-d-almerita\/\",\"name\":\"Rosso del Conte - Yves Beck\",\"isPartOf\":{\"@id\":\"https:\/\/www.yvesbeck.wine\/#website\"},\"primaryImageOfPage\":{\"@id\":\"https:\/\/www.yvesbeck.wine\/fr\/rosso-del-conte-tasca-d-almerita\/#primaryimage\"},\"image\":{\"@id\":\"https:\/\/www.yvesbeck.wine\/fr\/rosso-del-conte-tasca-d-almerita\/#primaryimage\"},\"thumbnailUrl\":\"https:\/\/www.yvesbeck.wine\/wp-content\/uploads\/2019\/07\/Tenuta-Regaleali-Rosso-del-Conte-e1740572976763.jpg\",\"datePublished\":\"2019-07-06T13:00:45+00:00\",\"dateModified\":\"2026-01-04T15:40:25+00:00\",\"description\":\"En 2020, Rosso del Conte f\u00eate son 50\u00e8me anniversaire. Yves Beck a visit\u00e9 le domaine et pr\u00e9sente 12 vins. yvesbeck.wine\",\"breadcrumb\":{\"@id\":\"https:\/\/www.yvesbeck.wine\/fr\/rosso-del-conte-tasca-d-almerita\/#breadcrumb\"},\"inLanguage\":\"fr-FR\",\"potentialAction\":[{\"@type\":\"ReadAction\",\"target\":[\"https:\/\/www.yvesbeck.wine\/fr\/rosso-del-conte-tasca-d-almerita\/\"]}]},{\"@type\":\"ImageObject\",\"inLanguage\":\"fr-FR\",\"@id\":\"https:\/\/www.yvesbeck.wine\/fr\/rosso-del-conte-tasca-d-almerita\/#primaryimage\",\"url\":\"https:\/\/www.yvesbeck.wine\/wp-content\/uploads\/2019\/07\/Tenuta-Regaleali-Rosso-del-Conte-e1740572976763.jpg\",\"contentUrl\":\"https:\/\/www.yvesbeck.wine\/wp-content\/uploads\/2019\/07\/Tenuta-Regaleali-Rosso-del-Conte-e1740572976763.jpg\",\"width\":1638,\"height\":1024,\"caption\":\"Tenuta Regaleali - Rosso del Conte - yvesbeck.wine\"},{\"@type\":\"BreadcrumbList\",\"@id\":\"https:\/\/www.yvesbeck.wine\/fr\/rosso-del-conte-tasca-d-almerita\/#breadcrumb\",\"itemListElement\":[{\"@type\":\"ListItem\",\"position\":1,\"name\":\"Startseite\",\"item\":\"https:\/\/www.yvesbeck.wine\/fr\/\"},{\"@type\":\"ListItem\",\"position\":2,\"name\":\"Rosso del Conte &#8211; Tasca d&rsquo;Almerita\"}]},{\"@type\":\"WebSite\",\"@id\":\"https:\/\/www.yvesbeck.wine\/#website\",\"url\":\"https:\/\/www.yvesbeck.wine\/\",\"name\":\"Yves Beck\",\"description\":\"Beckustator\",\"publisher\":{\"@id\":\"https:\/\/www.yvesbeck.wine\/#organization\"},\"potentialAction\":[{\"@type\":\"SearchAction\",\"target\":{\"@type\":\"EntryPoint\",\"urlTemplate\":\"https:\/\/www.yvesbeck.wine\/?s={search_term_string}\"},\"query-input\":{\"@type\":\"PropertyValueSpecification\",\"valueRequired\":true,\"valueName\":\"search_term_string\"}}],\"inLanguage\":\"fr-FR\"},{\"@type\":\"Organization\",\"@id\":\"https:\/\/www.yvesbeck.wine\/#organization\",\"name\":\"yvesbeck.wine\",\"url\":\"https:\/\/www.yvesbeck.wine\/\",\"logo\":{\"@type\":\"ImageObject\",\"inLanguage\":\"fr-FR\",\"@id\":\"https:\/\/www.yvesbeck.wine\/#\/schema\/logo\/image\/\",\"url\":\"https:\/\/www.yvesbeck.wine\/wp-content\/uploads\/frontend\/2016\/07\/20160722-Logo-Sidebar.png\",\"contentUrl\":\"https:\/\/www.yvesbeck.wine\/wp-content\/uploads\/frontend\/2016\/07\/20160722-Logo-Sidebar.png\",\"width\":376,\"height\":200,\"caption\":\"yvesbeck.wine\"},\"image\":{\"@id\":\"https:\/\/www.yvesbeck.wine\/#\/schema\/logo\/image\/\"},\"sameAs\":[\"https:\/\/www.facebook.com\/beckustator\",\"https:\/\/x.com\/beckustator\",\"https:\/\/www.instagram.com\/beckustator\",\"https:\/\/www.linkedin.com\/in\/yvesbeck\/\"]},{\"@type\":\"Person\",\"@id\":\"https:\/\/www.yvesbeck.wine\/#\/schema\/person\/33cc92b5916fa8e634fe59f0121a0cad\",\"name\":\"Yves Beck\",\"sameAs\":[\"https:\/\/www.yvesbeck.wine\",\"https:\/\/www.facebook.com\/beckustator\",\"https:\/\/www.instagram.com\/beckustator\",\"https:\/\/www.linkedin\/in\/yvesbeck\"],\"url\":\"https:\/\/www.yvesbeck.wine\/fr\/author\/ddb68\/\"}]}<\/script>\n<!-- \/ Yoast SEO plugin. -->","yoast_head_json":{"title":"Rosso del Conte - Yves Beck","description":"En 2020, Rosso del Conte f\u00eate son 50\u00e8me anniversaire. Yves Beck a visit\u00e9 le domaine et pr\u00e9sente 12 vins. yvesbeck.wine","robots":{"index":"index","follow":"follow","max-snippet":"max-snippet:-1","max-image-preview":"max-image-preview:large","max-video-preview":"max-video-preview:-1"},"canonical":"https:\/\/www.yvesbeck.wine\/fr\/rosso-del-conte-tasca-d-almerita\/","og_locale":"fr_FR","og_type":"article","og_title":"Rosso del Conte - Yves Beck","og_description":"En 2020, Rosso del Conte f\u00eate son 50\u00e8me anniversaire. Yves Beck a visit\u00e9 le domaine et pr\u00e9sente 12 vins. yvesbeck.wine","og_url":"https:\/\/www.yvesbeck.wine\/fr\/rosso-del-conte-tasca-d-almerita\/","og_site_name":"Yves Beck","article_publisher":"https:\/\/www.facebook.com\/beckustator","article_author":"https:\/\/www.facebook.com\/beckustator","article_published_time":"2019-07-06T13:00:45+00:00","article_modified_time":"2026-01-04T15:40:25+00:00","og_image":[{"width":1638,"height":1024,"url":"https:\/\/www.yvesbeck.wine\/wp-content\/uploads\/2019\/07\/Tenuta-Regaleali-Rosso-del-Conte-e1740572976763.jpg","type":"image\/jpeg"}],"author":"Yves Beck","twitter_card":"summary_large_image","twitter_creator":"@beckustator","twitter_site":"@beckustator","twitter_misc":{"\u00c9crit par":"Yves Beck","Dur\u00e9e de lecture estim\u00e9e":"11 minutes"},"schema":{"@context":"https:\/\/schema.org","@graph":[{"@type":"Article","@id":"https:\/\/www.yvesbeck.wine\/fr\/rosso-del-conte-tasca-d-almerita\/#article","isPartOf":{"@id":"https:\/\/www.yvesbeck.wine\/fr\/rosso-del-conte-tasca-d-almerita\/"},"author":{"name":"Yves Beck","@id":"https:\/\/www.yvesbeck.wine\/#\/schema\/person\/33cc92b5916fa8e634fe59f0121a0cad"},"headline":"Rosso del Conte &#8211; Tasca d&rsquo;Almerita","datePublished":"2019-07-06T13:00:45+00:00","dateModified":"2026-01-04T15:40:25+00:00","mainEntityOfPage":{"@id":"https:\/\/www.yvesbeck.wine\/fr\/rosso-del-conte-tasca-d-almerita\/"},"wordCount":1797,"publisher":{"@id":"https:\/\/www.yvesbeck.wine\/#organization"},"image":{"@id":"https:\/\/www.yvesbeck.wine\/fr\/rosso-del-conte-tasca-d-almerita\/#primaryimage"},"thumbnailUrl":"https:\/\/www.yvesbeck.wine\/wp-content\/uploads\/2019\/07\/Tenuta-Regaleali-Rosso-del-Conte-e1740572976763.jpg","keywords":["Italie","Rosso del Conte","Sicile"],"articleSection":["Monde"],"inLanguage":"fr-FR"},{"@type":"WebPage","@id":"https:\/\/www.yvesbeck.wine\/fr\/rosso-del-conte-tasca-d-almerita\/","url":"https:\/\/www.yvesbeck.wine\/fr\/rosso-del-conte-tasca-d-almerita\/","name":"Rosso del Conte - Yves Beck","isPartOf":{"@id":"https:\/\/www.yvesbeck.wine\/#website"},"primaryImageOfPage":{"@id":"https:\/\/www.yvesbeck.wine\/fr\/rosso-del-conte-tasca-d-almerita\/#primaryimage"},"image":{"@id":"https:\/\/www.yvesbeck.wine\/fr\/rosso-del-conte-tasca-d-almerita\/#primaryimage"},"thumbnailUrl":"https:\/\/www.yvesbeck.wine\/wp-content\/uploads\/2019\/07\/Tenuta-Regaleali-Rosso-del-Conte-e1740572976763.jpg","datePublished":"2019-07-06T13:00:45+00:00","dateModified":"2026-01-04T15:40:25+00:00","description":"En 2020, Rosso del Conte f\u00eate son 50\u00e8me anniversaire. Yves Beck a visit\u00e9 le domaine et pr\u00e9sente 12 vins. yvesbeck.wine","breadcrumb":{"@id":"https:\/\/www.yvesbeck.wine\/fr\/rosso-del-conte-tasca-d-almerita\/#breadcrumb"},"inLanguage":"fr-FR","potentialAction":[{"@type":"ReadAction","target":["https:\/\/www.yvesbeck.wine\/fr\/rosso-del-conte-tasca-d-almerita\/"]}]},{"@type":"ImageObject","inLanguage":"fr-FR","@id":"https:\/\/www.yvesbeck.wine\/fr\/rosso-del-conte-tasca-d-almerita\/#primaryimage","url":"https:\/\/www.yvesbeck.wine\/wp-content\/uploads\/2019\/07\/Tenuta-Regaleali-Rosso-del-Conte-e1740572976763.jpg","contentUrl":"https:\/\/www.yvesbeck.wine\/wp-content\/uploads\/2019\/07\/Tenuta-Regaleali-Rosso-del-Conte-e1740572976763.jpg","width":1638,"height":1024,"caption":"Tenuta Regaleali - Rosso del Conte - yvesbeck.wine"},{"@type":"BreadcrumbList","@id":"https:\/\/www.yvesbeck.wine\/fr\/rosso-del-conte-tasca-d-almerita\/#breadcrumb","itemListElement":[{"@type":"ListItem","position":1,"name":"Startseite","item":"https:\/\/www.yvesbeck.wine\/fr\/"},{"@type":"ListItem","position":2,"name":"Rosso del Conte &#8211; Tasca d&rsquo;Almerita"}]},{"@type":"WebSite","@id":"https:\/\/www.yvesbeck.wine\/#website","url":"https:\/\/www.yvesbeck.wine\/","name":"Yves Beck","description":"Beckustator","publisher":{"@id":"https:\/\/www.yvesbeck.wine\/#organization"},"potentialAction":[{"@type":"SearchAction","target":{"@type":"EntryPoint","urlTemplate":"https:\/\/www.yvesbeck.wine\/?s={search_term_string}"},"query-input":{"@type":"PropertyValueSpecification","valueRequired":true,"valueName":"search_term_string"}}],"inLanguage":"fr-FR"},{"@type":"Organization","@id":"https:\/\/www.yvesbeck.wine\/#organization","name":"yvesbeck.wine","url":"https:\/\/www.yvesbeck.wine\/","logo":{"@type":"ImageObject","inLanguage":"fr-FR","@id":"https:\/\/www.yvesbeck.wine\/#\/schema\/logo\/image\/","url":"https:\/\/www.yvesbeck.wine\/wp-content\/uploads\/frontend\/2016\/07\/20160722-Logo-Sidebar.png","contentUrl":"https:\/\/www.yvesbeck.wine\/wp-content\/uploads\/frontend\/2016\/07\/20160722-Logo-Sidebar.png","width":376,"height":200,"caption":"yvesbeck.wine"},"image":{"@id":"https:\/\/www.yvesbeck.wine\/#\/schema\/logo\/image\/"},"sameAs":["https:\/\/www.facebook.com\/beckustator","https:\/\/x.com\/beckustator","https:\/\/www.instagram.com\/beckustator","https:\/\/www.linkedin.com\/in\/yvesbeck\/"]},{"@type":"Person","@id":"https:\/\/www.yvesbeck.wine\/#\/schema\/person\/33cc92b5916fa8e634fe59f0121a0cad","name":"Yves Beck","sameAs":["https:\/\/www.yvesbeck.wine","https:\/\/www.facebook.com\/beckustator","https:\/\/www.instagram.com\/beckustator","https:\/\/www.linkedin\/in\/yvesbeck"],"url":"https:\/\/www.yvesbeck.wine\/fr\/author\/ddb68\/"}]}},"_links":{"self":[{"href":"https:\/\/www.yvesbeck.wine\/fr\/wp-json\/wp\/v2\/posts\/51937","targetHints":{"allow":["GET"]}}],"collection":[{"href":"https:\/\/www.yvesbeck.wine\/fr\/wp-json\/wp\/v2\/posts"}],"about":[{"href":"https:\/\/www.yvesbeck.wine\/fr\/wp-json\/wp\/v2\/types\/post"}],"author":[{"embeddable":true,"href":"https:\/\/www.yvesbeck.wine\/fr\/wp-json\/wp\/v2\/users\/14"}],"replies":[{"embeddable":true,"href":"https:\/\/www.yvesbeck.wine\/fr\/wp-json\/wp\/v2\/comments?post=51937"}],"version-history":[{"count":7,"href":"https:\/\/www.yvesbeck.wine\/fr\/wp-json\/wp\/v2\/posts\/51937\/revisions"}],"predecessor-version":[{"id":376186,"href":"https:\/\/www.yvesbeck.wine\/fr\/wp-json\/wp\/v2\/posts\/51937\/revisions\/376186"}],"wp:featuredmedia":[{"embeddable":true,"href":"https:\/\/www.yvesbeck.wine\/fr\/wp-json\/wp\/v2\/media\/162707"}],"wp:attachment":[{"href":"https:\/\/www.yvesbeck.wine\/fr\/wp-json\/wp\/v2\/media?parent=51937"}],"wp:term":[{"taxonomy":"category","embeddable":true,"href":"https:\/\/www.yvesbeck.wine\/fr\/wp-json\/wp\/v2\/categories?post=51937"},{"taxonomy":"post_tag","embeddable":true,"href":"https:\/\/www.yvesbeck.wine\/fr\/wp-json\/wp\/v2\/tags?post=51937"}],"curies":[{"name":"wp","href":"https:\/\/api.w.org\/{rel}","templated":true}]}}