{"id":375925,"date":"2026-03-14T10:20:04","date_gmt":"2026-03-14T09:20:04","guid":{"rendered":"https:\/\/www.yvesbeck.wine\/?p=375925"},"modified":"2026-04-06T08:49:12","modified_gmt":"2026-04-06T07:49:12","slug":"voyage-a-bordeaux-avec-yves-beck","status":"publish","type":"post","link":"https:\/\/www.yvesbeck.wine\/fr\/voyage-a-bordeaux-avec-yves-beck\/","title":{"rendered":"Nouveau : Voyage \u00e0 Bordeaux avec Yves Beck en 2027"},"content":{"rendered":"<h4><strong>Lors d&rsquo;un voyage \u00e0 Bordeaux avec Yves Beck, une r\u00e9f\u00e9rence connue et appr\u00e9ci\u00e9e, vous serez re\u00e7u au sein de prestigieuses propri\u00e9t\u00e9s.<br \/>\n<\/strong><\/h4>\n<p><em>Demandez que l&rsquo;on vous cite un critique de vin suisse \u00e0 Bordeaux; le nom de Yves Beck va rapidement \u00eatre mentionn\u00e9. Pourquoi? Parce qu&rsquo;il y est connu et qu&rsquo;il a acc\u00e8s \u00e0 chaque propri\u00e9t\u00e9, prestigieuse ou modeste. Il est la personne id\u00e9ale pour vos voyages \u00e0 Bordeaux.<br \/>\n<\/em><\/p>\n<h4><strong>A la d\u00e9couverte des vignobles et des ch\u00e2teaux<\/strong><\/h4>\n<p>Le voyage dure 4 jours. Chacun organise son voyage aller vers Bordeaux ainsi que son retour de mani\u00e8re autonome et \u00e0 ses propres frais. Tous les d\u00e9placements dans la r\u00e9gion bordelaise s\u2019effectuent \u00e0 bord d\u2019un bus VIP Mercedes priv\u00e9 avec chauffeur<\/p>\n<p>Vous serez invit\u00e9s \u00e0 des d\u00e9jeuners priv\u00e9s dans des ch\u00e2teaux tels que <b>Canon<\/b>, <b>Calon-S\u00e9gur<\/b> et <b>Rauzan-S\u00e9gla<\/b> ou \u00e0 des d\u00eeners exclusifs, par exemple au Ch\u00e2teau <b>Gruaud-Larose<\/b>.<\/p>\n<p>Divers domaines viticoles ouvrent leurs portes sp\u00e9cialement pour une visite guid\u00e9e et une d\u00e9gustation : par exemple Les <b>Carmes Haut-Brion<\/b>, <b>Fieuzal<\/b>, <b>La Conseillante<\/b> ou <b>L\u00e9oville-Las-Cases<\/b>.<\/p>\n<p>Nous visitons \u00e9galement chaque ann\u00e9e un Premier Grand Cru Class\u00e9 du M\u00e9doc. Le programme d\u00e9finitif sera annonc\u00e9 \u00e0 l\u2019automne 2027. Jusque l\u00e0, l\u2019inscription est provisoire et sans engagement. Une fois le programme soumis, vous pourrez d\u00e9finitivement confirmer votre inscription.<\/p>\n<h4><strong>Prix par personne : 4 350.00 CHF<\/strong><\/h4>\n<h5><strong>Les prestations suivantes sont comprises dans le prix:<\/strong><\/h5>\n<ul>\n<li>4 nuit\u00e9es \u00e0 l&rsquo;H\u00f4tel Novotel Bordeaux-Lac 4****<\/li>\n<li>Tous les repas et les vins<\/li>\n<li>Visite de ch\u00e2teaux et d\u00e9gustations<\/li>\n<li>Car climatis\u00e9<\/li>\n<li>Organisation et visites par Yves Beck<\/li>\n<\/ul>\n<hr \/>\n<h3><strong>Voyages \u00e0 Bordeaux en 2027<\/strong><\/h3>\n<h4>Voyage VIP du 8 au 11 mars 2027 &#8211; <a href=\"mailto:info@yvesbeck?subject=Inscription%20au%20Voyage%20VIP%202027\">S&rsquo;inscrire maintenant<\/a><\/h4>\n<hr \/>\n<h2 style=\"text-align: center;\"><strong>Voyages \u00e0 Bordeaux &#8211; Archives<\/strong><\/h2>\n<h3><strong>Nos voyages \u00e0 Bordeaux en 2026<\/strong><\/h3>\n<ul>\n<li>Voyage VIP du 9 au 12 mars 2026 &#8211; <span style=\"color: #800000;\"><strong>Complet<\/strong><\/span><br \/>\nCe voyage est r\u00e9alis\u00e9 commun\u00e9ment par <a href=\"https:\/\/www.daniel-vins.ch\" target=\"_blank\" rel=\"noopener\">Daniel Vins<\/a> et <a href=\"https:\/\/www.yvesbeck.wine\/fr\" target=\"_blank\" rel=\"noopener\">yvesbeck.wine<\/a><\/li>\n<\/ul>\n<ul>\n<li>Voyage VIP du 14 au 17 octobre 2026 &#8211; <span style=\"color: #800000;\"><strong>Complet<\/strong><\/span><\/li>\n<\/ul>\n<hr \/>\n<h3><strong>Les voyages \u00e0 Bordeaux en 2025<\/strong><\/h3>\n<ul>\n<li>Voyage VIP du 24 au 27 mars 2025 &#8211; <span style=\"color: #800000;\">COMPLET<\/span><\/li>\n<\/ul>\n<ul>\n<li>Voyage VIP du 15 au 18 octobre 2025 &#8211; <span style=\"color: #800000;\">COMPLET<\/span><\/li>\n<\/ul>\n<hr \/>\n<h3><strong>Voyage \u00e0 Bordeaux en 2024<\/strong><\/h3>\n<ul>\n<li>Voyage VIP du 16 au 19 octobre 2024 &#8211; <span style=\"color: #800000;\">COMPLET<\/span><\/li>\n<\/ul>\n<hr \/>\n<h3><strong>Nos voyages \u00e0 Bordeaux en 2023<\/strong><\/h3>\n<ul>\n<li>Voyage VIP du 27 au 30 mars 2023 &#8211; <span style=\"color: #800000;\">COMPLET<\/span><\/li>\n<\/ul>\n<ul>\n<li>Voyage VIP du 29 mai au 1er juin 2023 &#8211; <span style=\"color: #800000;\">COMPLET<\/span><\/li>\n<\/ul>\n<hr \/>\n<h3><strong>Trois voyages \u00e0 Bordeaux en 2022<\/strong><\/h3>\n<h5>\u00a0Reprise des voyages \u00e0 Bordeaux d\u00e8s 2022.<\/h5>\n<ul>\n<li><strong>Voyage VIP du 13 au 17 mars 2022<\/strong>\n<ul>\n<li><span style=\"color: #800000;\">complet<\/span><\/li>\n<\/ul>\n<\/li>\n<\/ul>\n<ul>\n<li><strong>Voyage VIP du 16 au 19 mai 2022<\/strong>\n<ul>\n<li><span style=\"color: #800000;\">complet<\/span><\/li>\n<\/ul>\n<\/li>\n<\/ul>\n<ul>\n<li><strong>Voyage VIP du 23 au 27 octobre 2022<\/strong>\n<ul>\n<li><span style=\"color: #800000;\">complet<\/span><\/li>\n<\/ul>\n<\/li>\n<\/ul>\n<hr \/>\n<h3><strong>Pas de voyages \u00e0 Bordeaux en 2021<\/strong><\/h3>\n<p>Tous les voyages en 2021 sont annul\u00e9s en raison de la pand\u00e9mie li\u00e9e au Covid-19<\/p>\n<hr \/>\n<h3><strong>Les voyages \u00e0 Bordeaux en 2020<\/strong><\/h3>\n<ul>\n<li>Lundi 2 mars au\u00a0 jeudi 5 mars 2020 : complet<\/li>\n<\/ul>\n<p><strong><em>En raison de la pand\u00e9mie Covid-19 les voyages d&rsquo;avril \u00e0 d\u00e9cembre 2020 sont tous annul\u00e9s.<\/em><\/strong><\/p>\n<ul>\n<li>Jeudi 23 avril au dimanche 26 avril 2020 : annul\u00e9<\/li>\n<li>Dimanche 24 mai au mercredi 27 mai 2020 : annul\u00e9<\/li>\n<li>Mercredi 3 juin au vendredi 6 juin 2020 : annul\u00e9<\/li>\n<li>Lundi 12 octobre au jeudi 15 octobre 2020\u00a0 : annul\u00e9<\/li>\n<\/ul>\n<hr \/>\n<h4 style=\"text-align: justify;\">Voyage \u00e0 Bordeaux en 2019<\/h4>\n<p style=\"text-align: justify;\"><strong>11 mars au 14 mars 2019<\/strong> &#8211; voyage organis\u00e9 avec<a href=\"https:\/\/www.daniel-vins.ch\" target=\"_blank\" rel=\"noopener noreferrer\"> Daniel-Vins<\/a><\/p>\n<div class=\"col-main col-xs-12 col-sm-9\">\n<div class=\"product-view hreview-aggregate\">\n<div class=\"product-collateral\">\n<div id=\"product_tabs_description_contents\" class=\"product-tabs-content\">\n<div class=\"std\">\n<p class=\"D-V-Titre1\" style=\"text-align: justify;\">La maison Daniel Gazzar Vins et Yves Beck vous proposent un voyage exclusif \u00e0 la d\u00e9couverte des Ch\u00e2teaux les plus prestigieux de Bordeaux. Avec, notamment, une visite avec d\u00e9gustation au <strong>Ch\u00e2teau Margaux, 1<sup>er<\/sup> grand cru class\u00e9 Margaux<\/strong>.<\/p>\n<p class=\"D-V-paragraphe\" style=\"text-align: justify;\" align=\"left\">Vous serez re\u00e7us \u00e0 des repas privatifs aux Ch\u00e2teaux <strong>Haut-Bailly<\/strong>, et <strong>L\u00e9oville-Barton<\/strong>, ainsi qu\u2019\u00e0 des d\u00eeners uniques aux Ch\u00e2teaux la <strong>Conseillante<\/strong> et <strong>Brane-Cantenac<\/strong>.<\/p>\n<p class=\"D-V-paragraphe\" style=\"text-align: justify;\" align=\"left\">Les Ch\u00e2teaux suivants vous ouvriront sp\u00e9cialement leurs portes pour une visite guid\u00e9e et une d\u00e9gustation comment\u00e9e par Yves Beck\u00a0: <strong>Les Carmes Haut-Brion<\/strong>, <strong>Rauzan-S\u00e9gla<\/strong>, <strong>Clinet<\/strong>, <strong>Canon<\/strong>, <strong>Troplong-Mondot<\/strong>, <strong>Grand Corbin-Despagne<\/strong>, <strong>L\u00e9oville-Poyferr\u00e9<\/strong>, <strong>Suduiraut<\/strong>, <strong>Pontet-Canet<\/strong> et m\u00eame <strong>L\u00e9oville-Las-Cases<\/strong>\u00a0!<\/p>\n<p class=\"D-V-paragraphe\" style=\"text-align: justify;\" align=\"left\"><span lang=\"FR\">Vous serez log\u00e9s dans l\u2019\u00e9l\u00e9gant H\u00f4tel Burdigala au c\u0153ur de Bordeaux. Tous les trajets se feront en bus privatif Mercedes VIP avec chauffeur.<\/span><\/p>\n<p class=\"D-V-paragraphe\" style=\"text-align: justify;\" align=\"left\"><strong>Lieu : Les plus beaux Ch\u00e2teaux de Bordeaux<\/strong><\/p>\n<p><strong>Date : du lundi 11 mars au jeudi 14 mars 2019<\/strong><\/p>\n<p><strong>Prix : fr. 3\u2019950.- (TTC)<\/strong><\/p>\n<p class=\"D-V-Titre1\"><strong>Prix sp\u00e9cial pour toute inscription avant le 30 janvier : fr. 3&rsquo;650.- (TTC)<\/strong><\/p>\n<p class=\"D-V-paragraphe\" align=\"left\">Ce prix comprend l\u2019h\u00f4tel, tous les repas, toutes les visites et d\u00e9gustations, ainsi que les d\u00e9placements sur place, \u00e0 l\u2019exclusion du vol sur Bordeaux.<\/p>\n<hr \/>\n<\/div>\n<\/div>\n<\/div>\n<\/div>\n<\/div>\n","protected":false},"excerpt":{"rendered":"<p>Lors d&rsquo;un voyage \u00e0 Bordeaux avec Yves Beck, une r\u00e9f\u00e9rence connue et appr\u00e9ci\u00e9e, vous serez re\u00e7u au sein de prestigieuses propri\u00e9t\u00e9s. Demandez que l&rsquo;on vous cite un critique de vin suisse \u00e0 Bordeaux; le nom de Yves Beck va rapidement \u00eatre mentionn\u00e9. Pourquoi? Parce qu&rsquo;il y est connu et qu&rsquo;il a acc\u00e8s \u00e0 chaque propri\u00e9t\u00e9, [&hellip;]<\/p>\n","protected":false},"author":14,"featured_media":162194,"comment_status":"closed","ping_status":"closed","sticky":true,"template":"","format":"standard","meta":{"_acf_changed":false,"_et_pb_use_builder":"","_et_pb_old_content":"","_et_gb_content_width":"","footnotes":""},"categories":[190],"tags":[8723,12154],"class_list":["post-375925","post","type-post","status-publish","format-standard","has-post-thumbnail","hentry","category-bordeaux-france","tag-bordeaux-fr","tag-voyage"],"acf":[],"yoast_head":"<!-- This site is optimized with the Yoast SEO plugin v26.9 - https:\/\/yoast.com\/product\/yoast-seo-wordpress\/ -->\n<title>Nouveau : Voyage \u00e0 Bordeaux avec Yves Beck en 2027 - Yves Beck<\/title>\n<meta name=\"description\" content=\"Lors d&#039;un voyage \u00e0 Bordeaux avec Yves Beck, vous serez re\u00e7u au sein des propri\u00e9t\u00e9s avec d\u00e9gustations et d\u00eeners \u00e0 la cl\u00e9 !\" \/>\n<meta name=\"robots\" content=\"index, follow, max-snippet:-1, max-image-preview:large, max-video-preview:-1\" \/>\n<link rel=\"canonical\" href=\"https:\/\/www.yvesbeck.wine\/fr\/voyage-a-bordeaux-avec-yves-beck\/\" \/>\n<meta property=\"og:locale\" content=\"fr_FR\" \/>\n<meta property=\"og:type\" content=\"article\" \/>\n<meta property=\"og:title\" content=\"Nouveau : Voyage \u00e0 Bordeaux avec Yves Beck en 2027 - Yves Beck\" \/>\n<meta property=\"og:description\" content=\"Lors d&#039;un voyage \u00e0 Bordeaux avec Yves Beck, vous serez re\u00e7u au sein des propri\u00e9t\u00e9s avec d\u00e9gustations et d\u00eeners \u00e0 la cl\u00e9 !\" \/>\n<meta property=\"og:url\" content=\"https:\/\/www.yvesbeck.wine\/fr\/voyage-a-bordeaux-avec-yves-beck\/\" \/>\n<meta property=\"og:site_name\" content=\"Yves Beck\" \/>\n<meta property=\"article:publisher\" content=\"https:\/\/www.facebook.com\/beckustator\" \/>\n<meta property=\"article:author\" content=\"https:\/\/www.facebook.com\/beckustator\" \/>\n<meta property=\"article:published_time\" content=\"2026-03-14T09:20:04+00:00\" \/>\n<meta property=\"article:modified_time\" content=\"2026-04-06T07:49:12+00:00\" \/>\n<meta property=\"og:image\" content=\"https:\/\/www.yvesbeck.wine\/wp-content\/uploads\/2016\/07\/bordeaux-1146721_1920-1.jpg\" \/>\n\t<meta property=\"og:image:width\" content=\"1920\" \/>\n\t<meta property=\"og:image:height\" content=\"1280\" \/>\n\t<meta property=\"og:image:type\" content=\"image\/jpeg\" \/>\n<meta name=\"author\" content=\"Yves Beck\" \/>\n<meta name=\"twitter:card\" content=\"summary_large_image\" \/>\n<meta name=\"twitter:creator\" content=\"@beckustator\" \/>\n<meta name=\"twitter:site\" content=\"@beckustator\" \/>\n<meta name=\"twitter:label1\" content=\"\u00c9crit par\" \/>\n\t<meta name=\"twitter:data1\" content=\"Yves Beck\" \/>\n\t<meta name=\"twitter:label2\" content=\"Dur\u00e9e de lecture estim\u00e9e\" \/>\n\t<meta name=\"twitter:data2\" content=\"4 minutes\" \/>\n<script type=\"application\/ld+json\" class=\"yoast-schema-graph\">{\"@context\":\"https:\/\/schema.org\",\"@graph\":[{\"@type\":\"Article\",\"@id\":\"https:\/\/www.yvesbeck.wine\/fr\/voyage-a-bordeaux-avec-yves-beck\/#article\",\"isPartOf\":{\"@id\":\"https:\/\/www.yvesbeck.wine\/fr\/voyage-a-bordeaux-avec-yves-beck\/\"},\"author\":{\"name\":\"Yves Beck\",\"@id\":\"https:\/\/www.yvesbeck.wine\/#\/schema\/person\/33cc92b5916fa8e634fe59f0121a0cad\"},\"headline\":\"Nouveau : Voyage \u00e0 Bordeaux avec Yves Beck en 2027\",\"datePublished\":\"2026-03-14T09:20:04+00:00\",\"dateModified\":\"2026-04-06T07:49:12+00:00\",\"mainEntityOfPage\":{\"@id\":\"https:\/\/www.yvesbeck.wine\/fr\/voyage-a-bordeaux-avec-yves-beck\/\"},\"wordCount\":685,\"publisher\":{\"@id\":\"https:\/\/www.yvesbeck.wine\/#organization\"},\"image\":{\"@id\":\"https:\/\/www.yvesbeck.wine\/fr\/voyage-a-bordeaux-avec-yves-beck\/#primaryimage\"},\"thumbnailUrl\":\"https:\/\/www.yvesbeck.wine\/wp-content\/uploads\/2016\/07\/bordeaux-1146721_1920-1.jpg\",\"keywords\":[\"Bordeaux\",\"Voyage\"],\"articleSection\":[\"Bordeaux\"],\"inLanguage\":\"fr-FR\"},{\"@type\":\"WebPage\",\"@id\":\"https:\/\/www.yvesbeck.wine\/fr\/voyage-a-bordeaux-avec-yves-beck\/\",\"url\":\"https:\/\/www.yvesbeck.wine\/fr\/voyage-a-bordeaux-avec-yves-beck\/\",\"name\":\"Nouveau : Voyage \u00e0 Bordeaux avec Yves Beck en 2027 - Yves Beck\",\"isPartOf\":{\"@id\":\"https:\/\/www.yvesbeck.wine\/#website\"},\"primaryImageOfPage\":{\"@id\":\"https:\/\/www.yvesbeck.wine\/fr\/voyage-a-bordeaux-avec-yves-beck\/#primaryimage\"},\"image\":{\"@id\":\"https:\/\/www.yvesbeck.wine\/fr\/voyage-a-bordeaux-avec-yves-beck\/#primaryimage\"},\"thumbnailUrl\":\"https:\/\/www.yvesbeck.wine\/wp-content\/uploads\/2016\/07\/bordeaux-1146721_1920-1.jpg\",\"datePublished\":\"2026-03-14T09:20:04+00:00\",\"dateModified\":\"2026-04-06T07:49:12+00:00\",\"description\":\"Lors d'un voyage \u00e0 Bordeaux avec Yves Beck, vous serez re\u00e7u au sein des propri\u00e9t\u00e9s avec d\u00e9gustations et d\u00eeners \u00e0 la cl\u00e9 !\",\"breadcrumb\":{\"@id\":\"https:\/\/www.yvesbeck.wine\/fr\/voyage-a-bordeaux-avec-yves-beck\/#breadcrumb\"},\"inLanguage\":\"fr-FR\",\"potentialAction\":[{\"@type\":\"ReadAction\",\"target\":[\"https:\/\/www.yvesbeck.wine\/fr\/voyage-a-bordeaux-avec-yves-beck\/\"]}]},{\"@type\":\"ImageObject\",\"inLanguage\":\"fr-FR\",\"@id\":\"https:\/\/www.yvesbeck.wine\/fr\/voyage-a-bordeaux-avec-yves-beck\/#primaryimage\",\"url\":\"https:\/\/www.yvesbeck.wine\/wp-content\/uploads\/2016\/07\/bordeaux-1146721_1920-1.jpg\",\"contentUrl\":\"https:\/\/www.yvesbeck.wine\/wp-content\/uploads\/2016\/07\/bordeaux-1146721_1920-1.jpg\",\"width\":1920,\"height\":1280,\"caption\":\"Voyages \u00e0 Bordeaux avec Yves Beck - Bordeauxreise mit yvesbeck.wine\"},{\"@type\":\"BreadcrumbList\",\"@id\":\"https:\/\/www.yvesbeck.wine\/fr\/voyage-a-bordeaux-avec-yves-beck\/#breadcrumb\",\"itemListElement\":[{\"@type\":\"ListItem\",\"position\":1,\"name\":\"Startseite\",\"item\":\"https:\/\/www.yvesbeck.wine\/fr\/\"},{\"@type\":\"ListItem\",\"position\":2,\"name\":\"Nouveau : Voyage \u00e0 Bordeaux avec Yves Beck en 2027\"}]},{\"@type\":\"WebSite\",\"@id\":\"https:\/\/www.yvesbeck.wine\/#website\",\"url\":\"https:\/\/www.yvesbeck.wine\/\",\"name\":\"Yves Beck\",\"description\":\"Beckustator\",\"publisher\":{\"@id\":\"https:\/\/www.yvesbeck.wine\/#organization\"},\"potentialAction\":[{\"@type\":\"SearchAction\",\"target\":{\"@type\":\"EntryPoint\",\"urlTemplate\":\"https:\/\/www.yvesbeck.wine\/?s={search_term_string}\"},\"query-input\":{\"@type\":\"PropertyValueSpecification\",\"valueRequired\":true,\"valueName\":\"search_term_string\"}}],\"inLanguage\":\"fr-FR\"},{\"@type\":\"Organization\",\"@id\":\"https:\/\/www.yvesbeck.wine\/#organization\",\"name\":\"yvesbeck.wine\",\"url\":\"https:\/\/www.yvesbeck.wine\/\",\"logo\":{\"@type\":\"ImageObject\",\"inLanguage\":\"fr-FR\",\"@id\":\"https:\/\/www.yvesbeck.wine\/#\/schema\/logo\/image\/\",\"url\":\"https:\/\/www.yvesbeck.wine\/wp-content\/uploads\/frontend\/2016\/07\/20160722-Logo-Sidebar.png\",\"contentUrl\":\"https:\/\/www.yvesbeck.wine\/wp-content\/uploads\/frontend\/2016\/07\/20160722-Logo-Sidebar.png\",\"width\":376,\"height\":200,\"caption\":\"yvesbeck.wine\"},\"image\":{\"@id\":\"https:\/\/www.yvesbeck.wine\/#\/schema\/logo\/image\/\"},\"sameAs\":[\"https:\/\/www.facebook.com\/beckustator\",\"https:\/\/x.com\/beckustator\",\"https:\/\/www.instagram.com\/beckustator\",\"https:\/\/www.linkedin.com\/in\/yvesbeck\/\"]},{\"@type\":\"Person\",\"@id\":\"https:\/\/www.yvesbeck.wine\/#\/schema\/person\/33cc92b5916fa8e634fe59f0121a0cad\",\"name\":\"Yves Beck\",\"sameAs\":[\"https:\/\/www.yvesbeck.wine\",\"https:\/\/www.facebook.com\/beckustator\",\"https:\/\/www.instagram.com\/beckustator\",\"https:\/\/www.linkedin\/in\/yvesbeck\"],\"url\":\"https:\/\/www.yvesbeck.wine\/fr\/author\/ddb68\/\"}]}<\/script>\n<!-- \/ Yoast SEO plugin. -->","yoast_head_json":{"title":"Nouveau : Voyage \u00e0 Bordeaux avec Yves Beck en 2027 - Yves Beck","description":"Lors d'un voyage \u00e0 Bordeaux avec Yves Beck, vous serez re\u00e7u au sein des propri\u00e9t\u00e9s avec d\u00e9gustations et d\u00eeners \u00e0 la cl\u00e9 !","robots":{"index":"index","follow":"follow","max-snippet":"max-snippet:-1","max-image-preview":"max-image-preview:large","max-video-preview":"max-video-preview:-1"},"canonical":"https:\/\/www.yvesbeck.wine\/fr\/voyage-a-bordeaux-avec-yves-beck\/","og_locale":"fr_FR","og_type":"article","og_title":"Nouveau : Voyage \u00e0 Bordeaux avec Yves Beck en 2027 - Yves Beck","og_description":"Lors d'un voyage \u00e0 Bordeaux avec Yves Beck, vous serez re\u00e7u au sein des propri\u00e9t\u00e9s avec d\u00e9gustations et d\u00eeners \u00e0 la cl\u00e9 !","og_url":"https:\/\/www.yvesbeck.wine\/fr\/voyage-a-bordeaux-avec-yves-beck\/","og_site_name":"Yves Beck","article_publisher":"https:\/\/www.facebook.com\/beckustator","article_author":"https:\/\/www.facebook.com\/beckustator","article_published_time":"2026-03-14T09:20:04+00:00","article_modified_time":"2026-04-06T07:49:12+00:00","og_image":[{"width":1920,"height":1280,"url":"https:\/\/www.yvesbeck.wine\/wp-content\/uploads\/2016\/07\/bordeaux-1146721_1920-1.jpg","type":"image\/jpeg"}],"author":"Yves Beck","twitter_card":"summary_large_image","twitter_creator":"@beckustator","twitter_site":"@beckustator","twitter_misc":{"\u00c9crit par":"Yves Beck","Dur\u00e9e de lecture estim\u00e9e":"4 minutes"},"schema":{"@context":"https:\/\/schema.org","@graph":[{"@type":"Article","@id":"https:\/\/www.yvesbeck.wine\/fr\/voyage-a-bordeaux-avec-yves-beck\/#article","isPartOf":{"@id":"https:\/\/www.yvesbeck.wine\/fr\/voyage-a-bordeaux-avec-yves-beck\/"},"author":{"name":"Yves Beck","@id":"https:\/\/www.yvesbeck.wine\/#\/schema\/person\/33cc92b5916fa8e634fe59f0121a0cad"},"headline":"Nouveau : Voyage \u00e0 Bordeaux avec Yves Beck en 2027","datePublished":"2026-03-14T09:20:04+00:00","dateModified":"2026-04-06T07:49:12+00:00","mainEntityOfPage":{"@id":"https:\/\/www.yvesbeck.wine\/fr\/voyage-a-bordeaux-avec-yves-beck\/"},"wordCount":685,"publisher":{"@id":"https:\/\/www.yvesbeck.wine\/#organization"},"image":{"@id":"https:\/\/www.yvesbeck.wine\/fr\/voyage-a-bordeaux-avec-yves-beck\/#primaryimage"},"thumbnailUrl":"https:\/\/www.yvesbeck.wine\/wp-content\/uploads\/2016\/07\/bordeaux-1146721_1920-1.jpg","keywords":["Bordeaux","Voyage"],"articleSection":["Bordeaux"],"inLanguage":"fr-FR"},{"@type":"WebPage","@id":"https:\/\/www.yvesbeck.wine\/fr\/voyage-a-bordeaux-avec-yves-beck\/","url":"https:\/\/www.yvesbeck.wine\/fr\/voyage-a-bordeaux-avec-yves-beck\/","name":"Nouveau : Voyage \u00e0 Bordeaux avec Yves Beck en 2027 - Yves Beck","isPartOf":{"@id":"https:\/\/www.yvesbeck.wine\/#website"},"primaryImageOfPage":{"@id":"https:\/\/www.yvesbeck.wine\/fr\/voyage-a-bordeaux-avec-yves-beck\/#primaryimage"},"image":{"@id":"https:\/\/www.yvesbeck.wine\/fr\/voyage-a-bordeaux-avec-yves-beck\/#primaryimage"},"thumbnailUrl":"https:\/\/www.yvesbeck.wine\/wp-content\/uploads\/2016\/07\/bordeaux-1146721_1920-1.jpg","datePublished":"2026-03-14T09:20:04+00:00","dateModified":"2026-04-06T07:49:12+00:00","description":"Lors d'un voyage \u00e0 Bordeaux avec Yves Beck, vous serez re\u00e7u au sein des propri\u00e9t\u00e9s avec d\u00e9gustations et d\u00eeners \u00e0 la cl\u00e9 !","breadcrumb":{"@id":"https:\/\/www.yvesbeck.wine\/fr\/voyage-a-bordeaux-avec-yves-beck\/#breadcrumb"},"inLanguage":"fr-FR","potentialAction":[{"@type":"ReadAction","target":["https:\/\/www.yvesbeck.wine\/fr\/voyage-a-bordeaux-avec-yves-beck\/"]}]},{"@type":"ImageObject","inLanguage":"fr-FR","@id":"https:\/\/www.yvesbeck.wine\/fr\/voyage-a-bordeaux-avec-yves-beck\/#primaryimage","url":"https:\/\/www.yvesbeck.wine\/wp-content\/uploads\/2016\/07\/bordeaux-1146721_1920-1.jpg","contentUrl":"https:\/\/www.yvesbeck.wine\/wp-content\/uploads\/2016\/07\/bordeaux-1146721_1920-1.jpg","width":1920,"height":1280,"caption":"Voyages \u00e0 Bordeaux avec Yves Beck - Bordeauxreise mit yvesbeck.wine"},{"@type":"BreadcrumbList","@id":"https:\/\/www.yvesbeck.wine\/fr\/voyage-a-bordeaux-avec-yves-beck\/#breadcrumb","itemListElement":[{"@type":"ListItem","position":1,"name":"Startseite","item":"https:\/\/www.yvesbeck.wine\/fr\/"},{"@type":"ListItem","position":2,"name":"Nouveau : Voyage \u00e0 Bordeaux avec Yves Beck en 2027"}]},{"@type":"WebSite","@id":"https:\/\/www.yvesbeck.wine\/#website","url":"https:\/\/www.yvesbeck.wine\/","name":"Yves Beck","description":"Beckustator","publisher":{"@id":"https:\/\/www.yvesbeck.wine\/#organization"},"potentialAction":[{"@type":"SearchAction","target":{"@type":"EntryPoint","urlTemplate":"https:\/\/www.yvesbeck.wine\/?s={search_term_string}"},"query-input":{"@type":"PropertyValueSpecification","valueRequired":true,"valueName":"search_term_string"}}],"inLanguage":"fr-FR"},{"@type":"Organization","@id":"https:\/\/www.yvesbeck.wine\/#organization","name":"yvesbeck.wine","url":"https:\/\/www.yvesbeck.wine\/","logo":{"@type":"ImageObject","inLanguage":"fr-FR","@id":"https:\/\/www.yvesbeck.wine\/#\/schema\/logo\/image\/","url":"https:\/\/www.yvesbeck.wine\/wp-content\/uploads\/frontend\/2016\/07\/20160722-Logo-Sidebar.png","contentUrl":"https:\/\/www.yvesbeck.wine\/wp-content\/uploads\/frontend\/2016\/07\/20160722-Logo-Sidebar.png","width":376,"height":200,"caption":"yvesbeck.wine"},"image":{"@id":"https:\/\/www.yvesbeck.wine\/#\/schema\/logo\/image\/"},"sameAs":["https:\/\/www.facebook.com\/beckustator","https:\/\/x.com\/beckustator","https:\/\/www.instagram.com\/beckustator","https:\/\/www.linkedin.com\/in\/yvesbeck\/"]},{"@type":"Person","@id":"https:\/\/www.yvesbeck.wine\/#\/schema\/person\/33cc92b5916fa8e634fe59f0121a0cad","name":"Yves Beck","sameAs":["https:\/\/www.yvesbeck.wine","https:\/\/www.facebook.com\/beckustator","https:\/\/www.instagram.com\/beckustator","https:\/\/www.linkedin\/in\/yvesbeck"],"url":"https:\/\/www.yvesbeck.wine\/fr\/author\/ddb68\/"}]}},"_links":{"self":[{"href":"https:\/\/www.yvesbeck.wine\/fr\/wp-json\/wp\/v2\/posts\/375925","targetHints":{"allow":["GET"]}}],"collection":[{"href":"https:\/\/www.yvesbeck.wine\/fr\/wp-json\/wp\/v2\/posts"}],"about":[{"href":"https:\/\/www.yvesbeck.wine\/fr\/wp-json\/wp\/v2\/types\/post"}],"author":[{"embeddable":true,"href":"https:\/\/www.yvesbeck.wine\/fr\/wp-json\/wp\/v2\/users\/14"}],"replies":[{"embeddable":true,"href":"https:\/\/www.yvesbeck.wine\/fr\/wp-json\/wp\/v2\/comments?post=375925"}],"version-history":[{"count":6,"href":"https:\/\/www.yvesbeck.wine\/fr\/wp-json\/wp\/v2\/posts\/375925\/revisions"}],"predecessor-version":[{"id":380928,"href":"https:\/\/www.yvesbeck.wine\/fr\/wp-json\/wp\/v2\/posts\/375925\/revisions\/380928"}],"wp:featuredmedia":[{"embeddable":true,"href":"https:\/\/www.yvesbeck.wine\/fr\/wp-json\/wp\/v2\/media\/162194"}],"wp:attachment":[{"href":"https:\/\/www.yvesbeck.wine\/fr\/wp-json\/wp\/v2\/media?parent=375925"}],"wp:term":[{"taxonomy":"category","embeddable":true,"href":"https:\/\/www.yvesbeck.wine\/fr\/wp-json\/wp\/v2\/categories?post=375925"},{"taxonomy":"post_tag","embeddable":true,"href":"https:\/\/www.yvesbeck.wine\/fr\/wp-json\/wp\/v2\/tags?post=375925"}],"curies":[{"name":"wp","href":"https:\/\/api.w.org\/{rel}","templated":true}]}}