{"id":369869,"date":"2026-01-04T14:39:02","date_gmt":"2026-01-04T13:39:02","guid":{"rendered":"https:\/\/www.yvesbeck.wine\/?p=369869"},"modified":"2026-01-04T14:39:02","modified_gmt":"2026-01-04T13:39:02","slug":"domaine-robert-weil-2024-regarde-2023-droit-dans-les-yeux","status":"publish","type":"post","link":"https:\/\/www.yvesbeck.wine\/fr\/domaine-robert-weil-2024-regarde-2023-droit-dans-les-yeux\/","title":{"rendered":"Domaine Robert Weil &#8211; 2024 regarde 2023 droit dans les yeux"},"content":{"rendered":"<h4 style=\"text-align: justify;\"><span style=\"color: #333333;\"><strong>Domaine Robert Weil &#8211; Le mill\u00e9sime 2024\u00a0<\/strong><\/span><\/h4>\n<p style=\"text-align: justify;\"><span style=\"color: #333333;\">Une bonne ann\u00e9e pour la nature, durant laquelle les r\u00e9serves d&rsquo;eau et le niveau des nappes phr\u00e9atiques ont pu se reconstituer gr\u00e2ce \u00e0 des pr\u00e9cipitations abondantes apr\u00e8s plusieurs ann\u00e9es de grande s\u00e9cheresse. Les caract\u00e9ristiques des diff\u00e9rents terroirs se sont clairement manifest\u00e9es, nous avons \u00e9t\u00e9 tr\u00e8s sollicit\u00e9s en tant que vignerons et avons finalement \u00e9t\u00e9 r\u00e9compens\u00e9s par une excellente qualit\u00e9 de raisin \u00e0 Kiedricher Berg.<\/span><\/p>\n<div id=\"attachment_370411\" style=\"width: 986px\" class=\"wp-caption alignnone\"><img loading=\"lazy\" decoding=\"async\" aria-describedby=\"caption-attachment-370411\" class=\" wp-image-370411\" src=\"https:\/\/www.yvesbeck.wine\/wp-content\/uploads\/2025\/10\/Wilhelm-Weil-Weingut-Robert-Weil-yvesbeck.wine-\u00a9-Sandra-Fehr-1200x878.png\" alt=\"Wilhelm Weil - Weingut Robert Weil - yvesbeck.wine \u00a9 Sandra Fehr\" width=\"976\" height=\"714\" srcset=\"https:\/\/www.yvesbeck.wine\/wp-content\/uploads\/2025\/10\/Wilhelm-Weil-Weingut-Robert-Weil-yvesbeck.wine-\u00a9-Sandra-Fehr-1200x878.png 1200w, https:\/\/www.yvesbeck.wine\/wp-content\/uploads\/2025\/10\/Wilhelm-Weil-Weingut-Robert-Weil-yvesbeck.wine-\u00a9-Sandra-Fehr-800x585.png 800w, https:\/\/www.yvesbeck.wine\/wp-content\/uploads\/2025\/10\/Wilhelm-Weil-Weingut-Robert-Weil-yvesbeck.wine-\u00a9-Sandra-Fehr-768x562.png 768w, https:\/\/www.yvesbeck.wine\/wp-content\/uploads\/2025\/10\/Wilhelm-Weil-Weingut-Robert-Weil-yvesbeck.wine-\u00a9-Sandra-Fehr-1536x1124.png 1536w, https:\/\/www.yvesbeck.wine\/wp-content\/uploads\/2025\/10\/Wilhelm-Weil-Weingut-Robert-Weil-yvesbeck.wine-\u00a9-Sandra-Fehr-2048x1498.png 2048w, https:\/\/www.yvesbeck.wine\/wp-content\/uploads\/2025\/10\/Wilhelm-Weil-Weingut-Robert-Weil-yvesbeck.wine-\u00a9-Sandra-Fehr-1080x790.png 1080w, https:\/\/www.yvesbeck.wine\/wp-content\/uploads\/2025\/10\/Wilhelm-Weil-Weingut-Robert-Weil-yvesbeck.wine-\u00a9-Sandra-Fehr-1280x937.png 1280w, https:\/\/www.yvesbeck.wine\/wp-content\/uploads\/2025\/10\/Wilhelm-Weil-Weingut-Robert-Weil-yvesbeck.wine-\u00a9-Sandra-Fehr-980x717.png 980w, https:\/\/www.yvesbeck.wine\/wp-content\/uploads\/2025\/10\/Wilhelm-Weil-Weingut-Robert-Weil-yvesbeck.wine-\u00a9-Sandra-Fehr-480x351.png 480w, https:\/\/www.yvesbeck.wine\/wp-content\/uploads\/2025\/10\/Wilhelm-Weil-Weingut-Robert-Weil-yvesbeck.wine-\u00a9-Sandra-Fehr-300x219.png 300w, https:\/\/www.yvesbeck.wine\/wp-content\/uploads\/2025\/10\/Wilhelm-Weil-Weingut-Robert-Weil-yvesbeck.wine-\u00a9-Sandra-Fehr-600x439.png 600w\" sizes=\"(max-width: 976px) 100vw, 976px\" \/><p id=\"caption-attachment-370411\" class=\"wp-caption-text\">Wilhelm Weil &#8211; Domaine Robert Weil \u00a9 Sandra Fehr<\/p><\/div>\n<h4 style=\"text-align: justify;\"><span style=\"color: #333333;\"><strong>F\u00e9vrier tr\u00e8s doux<\/strong><\/span><\/h4>\n<p style=\"text-align: justify;\"><span style=\"color: #333333;\">Tout au long de l&rsquo;ann\u00e9e 2024, le temps a \u00e9t\u00e9 pluvieux et, une fois de plus, tr\u00e8s chaud. Seules les deuxi\u00e8me et troisi\u00e8me semaines de janvier ont connu un v\u00e9ritable temps hivernal, avec un gel persistant, de la pluie vergla\u00e7ante et de la neige. Elles ont \u00e9t\u00e9 suivies par le mois de f\u00e9vrier le plus doux depuis le d\u00e9but des relev\u00e9s m\u00e9t\u00e9orologiques en 1885.<\/span><\/p>\n<p style=\"text-align: justify;\"><span style=\"color: #333333;\">Le d\u00e9but du printemps a \u00e9t\u00e9 tr\u00e8s doux, variable et pluvieux. Du fait des temp\u00e9ratures plus \u00e9lev\u00e9es que la moyenne pluriannuelle enregistr\u00e9es en mars et pendant la premi\u00e8re quinzaine d&rsquo;avril, la v\u00e9g\u00e9tation s&rsquo;est d\u00e9velopp\u00e9e t\u00f4t et nous avons pu observer un d\u00e9bourrement pr\u00e9coce de dix jours, vers le 10 avril.<\/span><\/p>\n<h4 style=\"text-align: justify;\"><span style=\"color: #333333;\"><strong>Floraison d\u00e9but juin<\/strong><\/span><\/h4>\n<p style=\"text-align: justify;\"><span style=\"color: #333333;\">Durant les nuits du 22 et 23 avril, les temp\u00e9ratures dans la r\u00e9gion du Rheingau ont certes chut\u00e9 \u00e0 un niveau critique, juste en dessous de 0 \u00b0C, mais heureusement sans cons\u00e9quences pour nos vignobles. Le mois de mai, tr\u00e8s pluvieux, a \u00e9t\u00e9 suivi de conditions m\u00e9t\u00e9orologiques plus cl\u00e9mentes avec un d\u00e9but de floraison le 6 juin, ce qui correspond \u00e0 la moyenne pluriannuelle.<\/span><\/p>\n<p style=\"text-align: justify;\"><span style=\"color: #333333;\">Cependant, les mois de juillet et ao\u00fbt ont de nouveau \u00e9t\u00e9 tr\u00e8s variables, parfois avec des orages et de fortes pluies, mais heureusement sans gr\u00eale comme ce fut le cas dans nombre d&rsquo;autres r\u00e9gions viticoles.<\/span><\/p>\n<p style=\"text-align: justify;\"><span style=\"color: #333333;\">La croissance des vignes s&rsquo;est finalement d\u00e9roul\u00e9e presque conform\u00e9ment \u00e0 la moyenne pluriannuelle, avec un d\u00e9but de maturation \u00e0 la mi-ao\u00fbt.<\/span><\/p>\n<h4 style=\"text-align: justify;\"><span style=\"color: #333333;\"><strong>Drainage et vents<\/strong><\/span><\/h4>\n<p style=\"text-align: justify;\"><span style=\"color: #333333;\">Dans ces conditions assur\u00e9ment difficiles, le Kiedricher Berg s&rsquo;est une nouvelle fois r\u00e9v\u00e9l\u00e9 \u00eatre un alli\u00e9 exceptionnel. Les sols phyllitique pauvres, dot\u00e9s d&rsquo;excellents drainages ont \u00e9vit\u00e9 aux vignes d&rsquo;avoir \u00ab les pieds mouill\u00e9s \u00bb. Les vents secs du Taunus soufflant le long de la vall\u00e9e du Rhin, combin\u00e9s \u00e0 la culture biologique et donc \u00e0 la peau ferme des baies, nous ont garanti, malgr\u00e9 des pr\u00e9cipitations non n\u00e9gligeables, des vignes saines avec la perspective d&rsquo;une longue maturation des raisins permettant un d\u00e9veloppement aromatique cons\u00e9quent.<\/span><\/p>\n<p style=\"text-align: justify;\"><span style=\"color: #333333;\">Fin septembre, nous avons pu entamer les vendanges avec des baies en parfaite sant\u00e9, d&rsquo;une couleur jaune dor\u00e9, au fruit\u00e9 intense, complexe et extr\u00eamement savoureux. Des conditions id\u00e9ales pour produire d&rsquo;excellents crus ! \u00c0 l&rsquo;image des raisins, les vins sont exceptionnels !<\/span><\/p>\n<h4 style=\"text-align: justify;\"><span style=\"color: #333333;\"><strong>2024 au niveau de l&rsquo;exceptionnel 2023<\/strong><\/span><\/h4>\n<p style=\"text-align: justify;\"><span style=\"color: #333333;\">Nous sommes ainsi d&rsquo;ores et d\u00e9j\u00e0 certains que l&rsquo;ensemble de nos rieslings, que ce soit pour les entr\u00e9es de gamme ou les grands crus, ont atteint un niveau de qualit\u00e9 \u00e0 la hauteur de l&rsquo;exceptionnel mill\u00e9sime 2023.<\/span><\/p>\n<p style=\"text-align: justify;\"><span style=\"color: #333333;\">La r\u00e9colte des Premiers Cru Kiedricher Klosterberg et Kiedricher Turmberg ainsi que du Grand Cru Kiedricher Gr\u00e4fenberg a commenc\u00e9 \u00e0 la mi-octobre, avec des raisins encore plus m\u00fbrs, mais toujours en parfaite sant\u00e9. Cette vendange saine \u00e9tait certes une condition pr\u00e9alable \u00e0 l&rsquo;excellente qualit\u00e9 des vins qui maturent actuellement en f\u00fbts, mais elle nous a toutefois plus que limit\u00e9s dans la s\u00e9lection des vendanges tardives et des vins liquoreux. Ces qualit\u00e9s n&rsquo;ont pu \u00eatre s\u00e9lectionn\u00e9es qu&rsquo;en quantit\u00e9s infimes et au prix d&rsquo;efforts consid\u00e9rables. Et pourtant, la nature nous a de nouveau r\u00e9compens\u00e9s en nous offrant une r\u00e9colte de qualit\u00e9 \u00e0 tous les \u00e9chelons, y compris une s\u00e9lection de grains nobles, et ce pour la 36e ann\u00e9e cons\u00e9cutive.<\/span><\/p>\n<hr \/>\n<h5>Vous souhaitez \u00eatre inform\u00e9 des actualit\u00e9s du monde du vin ?\u00a0<strong><a href=\"https:\/\/www.yvesbeck.wine\/fr\/?page_id=11798\" target=\"_blank\" rel=\"noopener\">Inscrivez-vous \u00e0 la newsletter de yvesbeck.wine !<\/a><\/strong><\/h5>\n<hr \/>\n<h5 style=\"text-align: center;\"><strong>Domaine Robert Weil &#8211; Compte-Rendu de d\u00e9gustation par <a href=\"https:\/\/www.yvesbeck.wine\/fr\/yves-beck\/\" target=\"_blank\" rel=\"noopener\">Yves Beck<\/a> alias <a href=\"https:\/\/www.facebook.com\/beckustator\" target=\"_blank\" rel=\"noopener\">Beckustator<\/a><\/strong><\/h5>\n<div id=\"attachment_370400\" style=\"width: 1210px\" class=\"wp-caption aligncenter\"><img loading=\"lazy\" decoding=\"async\" aria-describedby=\"caption-attachment-370400\" class=\"size-medium wp-image-370400\" src=\"https:\/\/www.yvesbeck.wine\/wp-content\/uploads\/2025\/10\/Portfolio_Weingut-Robert-Weil-\u00a9-Sandra-Fehr-1200x602.png\" alt=\"Portfolio_Weingut Robert Weil - yvesbeck.wine \u00a9 Sandra Fehr\" width=\"1200\" height=\"602\" srcset=\"https:\/\/www.yvesbeck.wine\/wp-content\/uploads\/2025\/10\/Portfolio_Weingut-Robert-Weil-\u00a9-Sandra-Fehr-1200x602.png 1200w, https:\/\/www.yvesbeck.wine\/wp-content\/uploads\/2025\/10\/Portfolio_Weingut-Robert-Weil-\u00a9-Sandra-Fehr-800x402.png 800w, https:\/\/www.yvesbeck.wine\/wp-content\/uploads\/2025\/10\/Portfolio_Weingut-Robert-Weil-\u00a9-Sandra-Fehr-768x386.png 768w, https:\/\/www.yvesbeck.wine\/wp-content\/uploads\/2025\/10\/Portfolio_Weingut-Robert-Weil-\u00a9-Sandra-Fehr-1536x771.png 1536w, https:\/\/www.yvesbeck.wine\/wp-content\/uploads\/2025\/10\/Portfolio_Weingut-Robert-Weil-\u00a9-Sandra-Fehr-2048x1028.png 2048w, https:\/\/www.yvesbeck.wine\/wp-content\/uploads\/2025\/10\/Portfolio_Weingut-Robert-Weil-\u00a9-Sandra-Fehr-1080x542.png 1080w, https:\/\/www.yvesbeck.wine\/wp-content\/uploads\/2025\/10\/Portfolio_Weingut-Robert-Weil-\u00a9-Sandra-Fehr-1280x643.png 1280w, https:\/\/www.yvesbeck.wine\/wp-content\/uploads\/2025\/10\/Portfolio_Weingut-Robert-Weil-\u00a9-Sandra-Fehr-980x492.png 980w, https:\/\/www.yvesbeck.wine\/wp-content\/uploads\/2025\/10\/Portfolio_Weingut-Robert-Weil-\u00a9-Sandra-Fehr-480x241.png 480w, https:\/\/www.yvesbeck.wine\/wp-content\/uploads\/2025\/10\/Portfolio_Weingut-Robert-Weil-\u00a9-Sandra-Fehr-300x151.png 300w, https:\/\/www.yvesbeck.wine\/wp-content\/uploads\/2025\/10\/Portfolio_Weingut-Robert-Weil-\u00a9-Sandra-Fehr-600x301.png 600w\" sizes=\"(max-width: 1200px) 100vw, 1200px\" \/><p id=\"caption-attachment-370400\" class=\"wp-caption-text\">La collection du Domaine Robert Weil \u00a9 Sandra Fehr<\/p><\/div>\n<h5 style=\"text-align: center;\"><\/h5>\n<h5 style=\"text-align: justify;\"><strong>Rheingau Riesling Trocken 2024<\/strong><\/h5>\n<p style=\"text-align: justify;\">Que d\u2019\u00e9nergie, de vibrance dans le bouquet de ce Riesling ! La fra\u00eecheur du mill\u00e9sime est perceptible d\u00e8s les premiers effluves, ainsi que la maturit\u00e9. Un vin de r\u00e9f\u00e9rence qui souligne d\u2019entr\u00e9e la grandeur\u2026 de la vigne et du domaine ! Ce vin est lin\u00e9aire, d\u00e9salt\u00e9rant, vif et redemandant. Grande r\u00e9ussite. 2026-2049 <strong>93\/100<\/strong><\/p>\n<h5 style=\"text-align: justify;\"><strong>Kiedricher Riesling Trocken 2024<\/strong><\/h5>\n<p style=\"text-align: justify;\">1\/3 de foudres (2400 litres) pour l&rsquo;\u00e9levage de ce Kiedrich issu en partie de jeunes vignes. Le bouquet est bien d\u00e9fini, pr\u00e9cis, avec une touche de fruits \u00e0 noyau, d&rsquo;anis et de feuilles de tabac. La complexit\u00e9 est omnipr\u00e9sente, autant au nez qu&rsquo;en bouche. En bouche, le vin a de la dimension, de la finesse et de la pr\u00e9cision. Son caract\u00e8re incisif compl\u00e8te la vigueur et il en r\u00e9sulte un \u00e9quilibre r\u00e9jouissant. Un vin de r\u00e9f\u00e9rence. 2026-2054 <strong>94\/100<\/strong><\/p>\n<h5 style=\"text-align: justify;\"><strong>Kiedricher Klosterberg Riesling Trocken EL 2024<\/strong><\/h5>\n<p style=\"text-align: justify;\">Plus de fer dans les sols du Klosterberg, dont la terre est l\u00e9g\u00e8rement rouge\u00e2tre. Le bouquet se r\u00e9v\u00e8le progressivement, avec discr\u00e9tion, mais efficacit\u00e9 en mati\u00e8re de profondeur et de complexit\u00e9. Rien ne domine, tout est coh\u00e9rent et ax\u00e9 sur la pr\u00e9cision. La droiture du bouquet est parfaitement reprise par le palais. Le vin est fin, mais peut se targuer d\u2019une certaine largeur. La structure acide assure le c\u00f4t\u00e9 \u00e9nerg\u00e9tique, tandis que de fins amers offrent vigueur et persistance. Un vin tout en finesse qui s\u2019illustre par la longueur de sa finale. 2028-2054 <strong>95\/100<\/strong><\/p>\n<h5 style=\"text-align: justify;\"><strong>Kiedricher Turmberg Riesling Trocken EL 2024<\/strong><\/h5>\n<p style=\"text-align: justify;\">La min\u00e9ralit\u00e9 affich\u00e9e par le bouquet a le m\u00e9rite de mettre les points sur les i quant \u00e0 la d\u00e9finition de ce ressenti ! En l\u2019occurrence, c\u2019est juste \u00e9vident \ud83d\ude09 Le c\u00f4t\u00e9 min\u00e9ral est compl\u00e9t\u00e9 par des notes d\u2019agrumes et d\u2019herbes s\u00e9ch\u00e9es. Salin en attaque, le vin cumule temp\u00e9rament et puissance. Il est fin, vigoureux, salivant et persistant. Maintenant &#8211; 2050 <strong>94\/100<\/strong><\/p>\n<h5 style=\"text-align: justify;\"><strong>Monte Nostrum Riesling Trocken 2024<\/strong><\/h5>\n<p style=\"text-align: justify;\">Ce vin est issu des parcelles les plus \u00e9lev\u00e9es de la propri\u00e9t\u00e9. Vignes de 20 ans. Le bouquet convainc par sa pluralit\u00e9 au travers de nuances de fruits jaunes, d&rsquo;anis et de r\u00e9glisse. L\u00e9g\u00e8rement salin en attaque, le vin s&rsquo;illustre par ses aspects g\u00e9n\u00e9reux et vigoureux dans une logique d&rsquo;harmonie. Il titille des extr\u00eames sans pour autant basculer dans une case d\u00e9finie. Un \u00e9quilibriste qui va sereinement de l\u2019avant et qui brille dans son aptitude \u00e0 concilier concentration, fra\u00eecheur et temp\u00e9rament. 2027-2054 <strong>98\/100<\/strong><\/p>\n<h5 style=\"text-align: justify;\"><strong>Kiedricher Gr\u00e4fenberg Riesling Trocken GG 2024<\/strong><\/h5>\n<p style=\"text-align: justify;\">La subtilit\u00e9 des nuances pr\u00e9sentes contrecarre le c\u00f4t\u00e9 profond et emballant du bouquet qui flirte avec la limite du d\u00e9but de la maturit\u00e9. Fusion entre des nuances de fruits jaunes et de zeste d&rsquo;agrumes. A l&rsquo;image du bouquet, le palais couvre moult facettes en ralliant \u00e9nergie, temp\u00e9rament et finesse. La salinit\u00e9, discr\u00e8te, va de pair avec la vigueur, entra\u00eenante. Ces deux \u00e9l\u00e9ments m\u00e8nent le vin de l&rsquo;avant dans sa qu\u00eate d&rsquo;\u00e9quilibre, de profondeur et de puissance. Un vin d&rsquo;une rare \u00e9l\u00e9gance qui souligne \u00e0 quel point 2024 a pu offrir de tr\u00e8s grands vins. 2028-2054 <strong>99\/100<\/strong><\/p>\n<h5 style=\"text-align: justify;\"><strong>Monte Vacano Riesling Trocken 2023<\/strong><\/h5>\n<p style=\"text-align: justify;\">Monte Vacano s\u2019illustre par sa profondeur, sa complexit\u00e9 et sa discr\u00e9tion. Il ne brille pas de l\u2019\u00e9clat, ce qui serait contraire aux tr\u00e8s grandes ambitions qu\u2019il a ! Les nuances olfactives varient discr\u00e8tement entre des fruits jaunes, des agrumes et du fenouil. En bouche, le vin est imposant de s\u00e9r\u00e9nit\u00e9, de clart\u00e9, de d\u00e9finition. Il est puissant et subtil, profond et \u00e9lanc\u00e9, s\u00e9duisant et imposant. Un Monte Vacano d\u2019une inou\u00efe grandeur qui a le m\u00e9rite de se mettre au-dessus de ses pr\u00e9d\u00e9cesseurs et de tracer la voie pour ses successeurs. C\u2019est presque un r\u00f4le ingrat, mais finalement le d\u00e9fi n\u2019est pas forc\u00e9ment d\u2019\u00e9galer, juste d\u2019\u00eatre soi ! 2030-2060 <strong>100\/100<\/strong><\/p>\n<h5 style=\"text-align: justify;\"><strong>Rheingau Riesling Tradition 2024<\/strong><\/h5>\n<p style=\"text-align: justify;\">Les nuances de fruits \u00e0 chair blanche soulignent d&rsquo;entr\u00e9e la priorit\u00e9 d\u00e9di\u00e9e \u00e0 la fra\u00eecheur. Le charme, lui, appara\u00eet en bouche et est imm\u00e9diatement compl\u00e9t\u00e9 par le caract\u00e8re incisif de la structure acide. L&rsquo;\u00e9quilibre qui en r\u00e9sulte a des cons\u00e9quences sautillantes et d\u00e9salt\u00e9rantes. Un vin \u00e9nergisant et enthousiasmant. Maintenant &#8211; 2039 <strong>92\/100<\/strong><\/p>\n<h5 style=\"text-align: justify;\"><strong>Rheingau Riesling Kabinett 2024<\/strong><\/h5>\n<p style=\"text-align: justify;\">D\u2019embl\u00e9e la fra\u00eecheur donne le ton et ne fait que souligner la nature de ce vin. L\u2019expression fruit\u00e9e est certes enthousiasmante, mais elle n\u2019est pas l\u2019essentiel. Elle est surtout entour\u00e9e par des nuances \u00e9pic\u00e9es et herbac\u00e9es. Le caract\u00e8re suave de l\u2019attaque est bien canalis\u00e9 par la salinit\u00e9 et l\u2019acidit\u00e9. Le vin s\u2019en retrouve autant harmonieux que sapide et d\u00e9salt\u00e9rant. Maintenant &#8211; 2039 <strong>91\/100<\/strong><\/p>\n<h5 style=\"text-align: justify;\"><strong>Rheingau Riesling Sp\u00e4tlese 2024<\/strong><\/h5>\n<p style=\"text-align: justify;\">Le bouquet de cette Sp\u00e4tlese convainc par sa pluralit\u00e9 et sa fra\u00eecheur. L&rsquo;on sent bien que la maturit\u00e9 est l\u00e0, mais c&rsquo;est n\u00e9anmoins la fra\u00eecheur qui m\u00e8ne le bal. Les notes de fenouil et de citronnelle le soulignent d&rsquo;ailleurs. En bouche, la douceur est entour\u00e9e par la largeur et le temp\u00e9rament que le vin doit \u00e0 sa structure ph\u00e9nolique et acide. Il m\u00e9rite un peu de temps afin d&rsquo;encore mieux valoriser son potentiel. Un vin r\u00e9jouissant. 2027-2044 <strong>93\/100<\/strong><\/p>\n<h5 style=\"text-align: justify;\"><strong>Kiedricher Turmberg Riesling Sp\u00e4tlese 2024<\/strong><\/h5>\n<p style=\"text-align: justify;\">La subtilit\u00e9 et l&rsquo;enthousiasme sont les forces motrices du bouquet de cette vendange tardive. L&rsquo;attaque, elle, s&rsquo;illustre par son aptitude \u00e0 cr\u00e9er un pr\u00e9cieux lien entre salinit\u00e9, douceur et amertume. Tout me semble cal\u00e9 d&rsquo;entr\u00e9e\u2026 et ce n&rsquo;est pas peu dire dans un vin de ce niveau. Un vin invitant, enthousiasmant, structur\u00e9 et persistant. Il brille de ses nombreuses ressources et ce n&rsquo;est qu&rsquo;un d\u00e9but \u00fc! 2028-2054 <strong>96\/100<\/strong><\/p>\n<h5 style=\"text-align: justify;\"><strong>Kiedricher Gr\u00e4fenberg Riesling Sp\u00e4tlese 2024<\/strong><\/h5>\n<p style=\"text-align: justify;\">Beaucoup de caract\u00e8re dans le bouquet de ce Gr\u00e4fenberg. Il s\u2019illustre par son dynamisme, par son aptitude \u00e0 resplendir avec \u00e9clat sans \u00eatre extravagant. Il mise sur la subtilit\u00e9 et il brille de sa s\u00e9r\u00e9nit\u00e9 ! En bouche, le vin convainc par son exceptionnelle harmonie, par cette symbiose entre les c\u00f4t\u00e9s incisifs, suaves et ph\u00e9noliques. Ce n\u2019est plus une th\u00e9matique de cohabitation, c\u2019est bien plus une finalit\u00e9 d\u00e9di\u00e9e \u00e0 une fusion intemporelle. 2029-2059 <strong>96\/100<\/strong><\/p>\n<h5 style=\"text-align: justify;\"><strong>Kiedricher Turmberg Riesling Auslese 2024<\/strong><\/h5>\n<p style=\"text-align: justify;\">Les nuances terreuses soulignent la fra\u00eecheur pr\u00e9sente ce qui cautionne la complexit\u00e9 d&rsquo;ailleurs ! Ainsi, on constate des nuances de c\u00e9leri, d&rsquo;agrumes et d&rsquo;amandes grill\u00e9es, dans des proportions filigranes. Le botrytis est insinu\u00e9, mais pas pl\u00e9biscit\u00e9 ! En bouche, la douceur soulign\u00e9e en attaque est rapidement encercl\u00e9e par une fra\u00eecheur conciliante, constructive qui cr\u00e9e une harmonie exceptionnelle. Un vin qui est en d\u00e9but de carri\u00e8re ! 2029-2054 <strong>96\/100<\/strong><\/p>\n<h5 style=\"text-align: justify;\"><strong>Kiedricher Gr\u00e4fenberg Riesling Auslese 2024<\/strong><\/h5>\n<p style=\"text-align: justify;\">Il est toujours captivant de d\u00e9guster Turmberg et Gr\u00e4fenberg c\u00f4te \u00e0 c\u00f4te. Turmberg est un rebelle r\u00e9calcitrant qui n&rsquo;aime pas trop se montrer dans sa jeunesse, tandis que Gr\u00e4fenberg b\u00e9n\u00e9ficie de la brillante aptitude \u00e0 r\u00e9v\u00e9ler sa grandeur d&rsquo;entr\u00e9e. La fra\u00eecheur des agrumes coupl\u00e9e \u00e0 des nuances d&rsquo;amandes grill\u00e9es et de poivre blanc assure une symbiose exceptionnelle. En bouche, la logique fusionnelle est pl\u00e9biscit\u00e9e par de fins amers, de la salinit\u00e9 et de la douceur, sans que cette derni\u00e8re soit cruciale\u2026 Elle est juste un \u00e9l\u00e9ment parmi d\u2019autres et c\u2019est bien l\u00e0 que r\u00e9side la grandeur de ce vin ! 2032-2069 <strong>98\/100<\/strong><\/p>\n<h5 style=\"text-align: justify;\"><strong>Kiedricher Gr\u00e4fenberg Riesling Auslese GK 2024<\/strong><\/h5>\n<p style=\"text-align: justify;\">La robe jaune dor\u00e9e lumineuse donne des indices quant \u00e0 la densit\u00e9\u2026 le bouquet \u00e9galement ! Invitantes nuances terreuses coupl\u00e9es \u00e0 des notes de poivre blanc et de p\u00eaches m\u00fbres. L\u2019aptitude du palais \u00e0 relativiser la douceur est \u00e9poustouflante et fascinante ! Dense et vif, le vin brille de son aptitude conciliante, constructive \u00e0 pl\u00e9bisciter son harmonie ! Elle est omnipr\u00e9sente au nez et en bouche, ce que le vin doit \u00e0 la salinit\u00e9, \u00e0 ses ph\u00e9nols et \u00e0 sa vigueur. Il est brillant, in\u00e9gal\u00e9 et fait certainement partie des tr\u00e8s grandes r\u00e9ussites de la propri\u00e9t\u00e9 en 2024 ! 2028-2064 <strong>98\/100<\/strong><\/p>\n<h5 style=\"text-align: justify;\"><strong>Kiedricher Gr\u00e4fenberg Riesling Beerenauslese 2024<\/strong><\/h5>\n<p style=\"text-align: justify;\">Les nuances terreuses se fondent avec des effluves de caramel, de fruit \u00e0 chair blanche, d&rsquo;agrumes et d&rsquo;herbes s\u00e9ch\u00e9es. Ils s&rsquo;affichent tous avec une \u00e9l\u00e9gance et une pertinence d\u00e9concertante. En bouche, le vin est brillant tant par sa pr\u00e9cision que sa vigueur. Il brille de son \u00e9clat, de son c\u00f4t\u00e9 \u00e9lanc\u00e9, de son exceptionnelle harmonie. Un vin sapide et persistant qui dispose de tous les \u00e9l\u00e9ments pour d\u00e9fier les d\u00e9cennies \u00e0 venir. 2029-2079 <strong>99\/100<\/strong><\/p>\n<h5 style=\"text-align: justify;\"><strong>Kiedricher Gr\u00e4fenberg Riesling TBA 2024<\/strong><\/h5>\n<p style=\"text-align: justify;\">La pluralit\u00e9 et la pr\u00e9cision forment un duo imbattable ! Au niveau olfactif, les nuances sont men\u00e9es par des notes de fruit \u00e0 chair blanche, de fleurs et d&rsquo;anis. Le caract\u00e8re filigrane affich\u00e9 par le bouquet est parfaitement assimil\u00e9 par le palais. Le vin est fin, profond, vif et harmonieux. Il est tout en d\u00e9but de carri\u00e8re, ce qui ne l&#8217;emp\u00eache pas de briller de ses aptitudes. Le contraire m&rsquo;aurait d&rsquo;ailleurs \u00e9tonn\u00e9. 2030-2079 <strong>98\/100<\/strong><\/p>\n<hr \/>\n<p style=\"text-align: justify;\"><strong>Visitez le site du <a href=\"https:\/\/www.weingut-robert-weil.com\/en\/\" target=\"_blank\" rel=\"noopener\">Domaine Robert Weil<\/a><\/strong><\/p>\n","protected":false},"excerpt":{"rendered":"<p>Domaine Robert Weil &#8211; Le mill\u00e9sime 2024\u00a0 Une bonne ann\u00e9e pour la nature, durant laquelle les r\u00e9serves d&rsquo;eau et le niveau des nappes phr\u00e9atiques ont pu se reconstituer gr\u00e2ce \u00e0 des pr\u00e9cipitations abondantes apr\u00e8s plusieurs ann\u00e9es de grande s\u00e9cheresse. Les caract\u00e9ristiques des diff\u00e9rents terroirs se sont clairement manifest\u00e9es, nous avons \u00e9t\u00e9 tr\u00e8s sollicit\u00e9s en tant [&hellip;]<\/p>\n","protected":false},"author":14,"featured_media":369872,"comment_status":"closed","ping_status":"closed","sticky":false,"template":"","format":"standard","meta":{"_acf_changed":false,"_et_pb_use_builder":"","_et_pb_old_content":"","_et_gb_content_width":"","footnotes":""},"categories":[816],"tags":[9716,9717,9715],"class_list":["post-369869","post","type-post","status-publish","format-standard","has-post-thumbnail","hentry","category-allemagne","tag-rheingau-fr","tag-riesling-fr","tag-robert-weil-fr"],"acf":[],"yoast_head":"<!-- This site is optimized with the Yoast SEO plugin v26.9 - https:\/\/yoast.com\/product\/yoast-seo-wordpress\/ -->\n<title>Domaine Robert Weil - 2024 regarde 2023 droit dans les yeux - Yves Beck<\/title>\n<meta name=\"description\" content=\"Sur le papier, le mill\u00e9sime 2023 est sup\u00e9rieur au mill\u00e9sime 2024. Dans le verre, les vins de Robert Weil mettent les deux mill\u00e9simes \u00e0 \u00e9galit\u00e9\" \/>\n<meta name=\"robots\" content=\"index, follow, max-snippet:-1, max-image-preview:large, max-video-preview:-1\" \/>\n<link rel=\"canonical\" href=\"https:\/\/www.yvesbeck.wine\/fr\/domaine-robert-weil-2024-regarde-2023-droit-dans-les-yeux\/\" \/>\n<meta property=\"og:locale\" content=\"fr_FR\" \/>\n<meta property=\"og:type\" content=\"article\" \/>\n<meta property=\"og:title\" content=\"Domaine Robert Weil - 2024 regarde 2023 droit dans les yeux - Yves Beck\" \/>\n<meta property=\"og:description\" content=\"Sur le papier, le mill\u00e9sime 2023 est sup\u00e9rieur au mill\u00e9sime 2024. Dans le verre, les vins de Robert Weil mettent les deux mill\u00e9simes \u00e0 \u00e9galit\u00e9\" \/>\n<meta property=\"og:url\" content=\"https:\/\/www.yvesbeck.wine\/fr\/domaine-robert-weil-2024-regarde-2023-droit-dans-les-yeux\/\" \/>\n<meta property=\"og:site_name\" content=\"Yves Beck\" \/>\n<meta property=\"article:publisher\" content=\"https:\/\/www.facebook.com\/beckustator\" \/>\n<meta property=\"article:author\" content=\"https:\/\/www.facebook.com\/beckustator\" \/>\n<meta property=\"article:published_time\" content=\"2026-01-04T13:39:02+00:00\" \/>\n<meta property=\"og:image\" content=\"https:\/\/www.yvesbeck.wine\/wp-content\/uploads\/2025\/10\/Kiedrich-Grafenberg_Weingut-Robert-Weil-\u00a9-Peter-Quirin-scaled.jpg\" \/>\n\t<meta property=\"og:image:width\" content=\"2560\" \/>\n\t<meta property=\"og:image:height\" content=\"1707\" \/>\n\t<meta property=\"og:image:type\" content=\"image\/jpeg\" \/>\n<meta name=\"author\" content=\"Yves Beck\" \/>\n<meta name=\"twitter:card\" content=\"summary_large_image\" \/>\n<meta name=\"twitter:creator\" content=\"@beckustator\" \/>\n<meta name=\"twitter:site\" content=\"@beckustator\" \/>\n<meta name=\"twitter:label1\" content=\"\u00c9crit par\" \/>\n\t<meta name=\"twitter:data1\" content=\"Yves Beck\" \/>\n\t<meta name=\"twitter:label2\" content=\"Dur\u00e9e de lecture estim\u00e9e\" \/>\n\t<meta name=\"twitter:data2\" content=\"12 minutes\" \/>\n<script type=\"application\/ld+json\" class=\"yoast-schema-graph\">{\"@context\":\"https:\/\/schema.org\",\"@graph\":[{\"@type\":\"Article\",\"@id\":\"https:\/\/www.yvesbeck.wine\/fr\/domaine-robert-weil-2024-regarde-2023-droit-dans-les-yeux\/#article\",\"isPartOf\":{\"@id\":\"https:\/\/www.yvesbeck.wine\/fr\/domaine-robert-weil-2024-regarde-2023-droit-dans-les-yeux\/\"},\"author\":{\"name\":\"Yves Beck\",\"@id\":\"https:\/\/www.yvesbeck.wine\/#\/schema\/person\/33cc92b5916fa8e634fe59f0121a0cad\"},\"headline\":\"Domaine Robert Weil &#8211; 2024 regarde 2023 droit dans les yeux\",\"datePublished\":\"2026-01-04T13:39:02+00:00\",\"mainEntityOfPage\":{\"@id\":\"https:\/\/www.yvesbeck.wine\/fr\/domaine-robert-weil-2024-regarde-2023-droit-dans-les-yeux\/\"},\"wordCount\":2348,\"publisher\":{\"@id\":\"https:\/\/www.yvesbeck.wine\/#organization\"},\"image\":{\"@id\":\"https:\/\/www.yvesbeck.wine\/fr\/domaine-robert-weil-2024-regarde-2023-droit-dans-les-yeux\/#primaryimage\"},\"thumbnailUrl\":\"https:\/\/www.yvesbeck.wine\/wp-content\/uploads\/2025\/10\/Kiedrich-Grafenberg_Weingut-Robert-Weil-\u00a9-Peter-Quirin-scaled.jpg\",\"keywords\":[\"Rheingau\",\"Riesling\",\"Robert Weil\"],\"articleSection\":[\"Allemagne\"],\"inLanguage\":\"fr-FR\"},{\"@type\":\"WebPage\",\"@id\":\"https:\/\/www.yvesbeck.wine\/fr\/domaine-robert-weil-2024-regarde-2023-droit-dans-les-yeux\/\",\"url\":\"https:\/\/www.yvesbeck.wine\/fr\/domaine-robert-weil-2024-regarde-2023-droit-dans-les-yeux\/\",\"name\":\"Domaine Robert Weil - 2024 regarde 2023 droit dans les yeux - Yves Beck\",\"isPartOf\":{\"@id\":\"https:\/\/www.yvesbeck.wine\/#website\"},\"primaryImageOfPage\":{\"@id\":\"https:\/\/www.yvesbeck.wine\/fr\/domaine-robert-weil-2024-regarde-2023-droit-dans-les-yeux\/#primaryimage\"},\"image\":{\"@id\":\"https:\/\/www.yvesbeck.wine\/fr\/domaine-robert-weil-2024-regarde-2023-droit-dans-les-yeux\/#primaryimage\"},\"thumbnailUrl\":\"https:\/\/www.yvesbeck.wine\/wp-content\/uploads\/2025\/10\/Kiedrich-Grafenberg_Weingut-Robert-Weil-\u00a9-Peter-Quirin-scaled.jpg\",\"datePublished\":\"2026-01-04T13:39:02+00:00\",\"description\":\"Sur le papier, le mill\u00e9sime 2023 est sup\u00e9rieur au mill\u00e9sime 2024. Dans le verre, les vins de Robert Weil mettent les deux mill\u00e9simes \u00e0 \u00e9galit\u00e9\",\"breadcrumb\":{\"@id\":\"https:\/\/www.yvesbeck.wine\/fr\/domaine-robert-weil-2024-regarde-2023-droit-dans-les-yeux\/#breadcrumb\"},\"inLanguage\":\"fr-FR\",\"potentialAction\":[{\"@type\":\"ReadAction\",\"target\":[\"https:\/\/www.yvesbeck.wine\/fr\/domaine-robert-weil-2024-regarde-2023-droit-dans-les-yeux\/\"]}]},{\"@type\":\"ImageObject\",\"inLanguage\":\"fr-FR\",\"@id\":\"https:\/\/www.yvesbeck.wine\/fr\/domaine-robert-weil-2024-regarde-2023-droit-dans-les-yeux\/#primaryimage\",\"url\":\"https:\/\/www.yvesbeck.wine\/wp-content\/uploads\/2025\/10\/Kiedrich-Grafenberg_Weingut-Robert-Weil-\u00a9-Peter-Quirin-scaled.jpg\",\"contentUrl\":\"https:\/\/www.yvesbeck.wine\/wp-content\/uploads\/2025\/10\/Kiedrich-Grafenberg_Weingut-Robert-Weil-\u00a9-Peter-Quirin-scaled.jpg\",\"width\":2560,\"height\":1707,\"caption\":\"Kiedrich Gr\u00e4fenberg Weingut Robert Weil \u00a9 Peter Quirin\"},{\"@type\":\"BreadcrumbList\",\"@id\":\"https:\/\/www.yvesbeck.wine\/fr\/domaine-robert-weil-2024-regarde-2023-droit-dans-les-yeux\/#breadcrumb\",\"itemListElement\":[{\"@type\":\"ListItem\",\"position\":1,\"name\":\"Startseite\",\"item\":\"https:\/\/www.yvesbeck.wine\/fr\/\"},{\"@type\":\"ListItem\",\"position\":2,\"name\":\"Domaine Robert Weil &#8211; 2024 regarde 2023 droit dans les yeux\"}]},{\"@type\":\"WebSite\",\"@id\":\"https:\/\/www.yvesbeck.wine\/#website\",\"url\":\"https:\/\/www.yvesbeck.wine\/\",\"name\":\"Yves Beck\",\"description\":\"Beckustator\",\"publisher\":{\"@id\":\"https:\/\/www.yvesbeck.wine\/#organization\"},\"potentialAction\":[{\"@type\":\"SearchAction\",\"target\":{\"@type\":\"EntryPoint\",\"urlTemplate\":\"https:\/\/www.yvesbeck.wine\/?s={search_term_string}\"},\"query-input\":{\"@type\":\"PropertyValueSpecification\",\"valueRequired\":true,\"valueName\":\"search_term_string\"}}],\"inLanguage\":\"fr-FR\"},{\"@type\":\"Organization\",\"@id\":\"https:\/\/www.yvesbeck.wine\/#organization\",\"name\":\"yvesbeck.wine\",\"url\":\"https:\/\/www.yvesbeck.wine\/\",\"logo\":{\"@type\":\"ImageObject\",\"inLanguage\":\"fr-FR\",\"@id\":\"https:\/\/www.yvesbeck.wine\/#\/schema\/logo\/image\/\",\"url\":\"https:\/\/www.yvesbeck.wine\/wp-content\/uploads\/frontend\/2016\/07\/20160722-Logo-Sidebar.png\",\"contentUrl\":\"https:\/\/www.yvesbeck.wine\/wp-content\/uploads\/frontend\/2016\/07\/20160722-Logo-Sidebar.png\",\"width\":376,\"height\":200,\"caption\":\"yvesbeck.wine\"},\"image\":{\"@id\":\"https:\/\/www.yvesbeck.wine\/#\/schema\/logo\/image\/\"},\"sameAs\":[\"https:\/\/www.facebook.com\/beckustator\",\"https:\/\/x.com\/beckustator\",\"https:\/\/www.instagram.com\/beckustator\",\"https:\/\/www.linkedin.com\/in\/yvesbeck\/\"]},{\"@type\":\"Person\",\"@id\":\"https:\/\/www.yvesbeck.wine\/#\/schema\/person\/33cc92b5916fa8e634fe59f0121a0cad\",\"name\":\"Yves Beck\",\"sameAs\":[\"https:\/\/www.yvesbeck.wine\",\"https:\/\/www.facebook.com\/beckustator\",\"https:\/\/www.instagram.com\/beckustator\",\"https:\/\/www.linkedin\/in\/yvesbeck\"],\"url\":\"https:\/\/www.yvesbeck.wine\/fr\/author\/ddb68\/\"}]}<\/script>\n<!-- \/ Yoast SEO plugin. -->","yoast_head_json":{"title":"Domaine Robert Weil - 2024 regarde 2023 droit dans les yeux - Yves Beck","description":"Sur le papier, le mill\u00e9sime 2023 est sup\u00e9rieur au mill\u00e9sime 2024. Dans le verre, les vins de Robert Weil mettent les deux mill\u00e9simes \u00e0 \u00e9galit\u00e9","robots":{"index":"index","follow":"follow","max-snippet":"max-snippet:-1","max-image-preview":"max-image-preview:large","max-video-preview":"max-video-preview:-1"},"canonical":"https:\/\/www.yvesbeck.wine\/fr\/domaine-robert-weil-2024-regarde-2023-droit-dans-les-yeux\/","og_locale":"fr_FR","og_type":"article","og_title":"Domaine Robert Weil - 2024 regarde 2023 droit dans les yeux - Yves Beck","og_description":"Sur le papier, le mill\u00e9sime 2023 est sup\u00e9rieur au mill\u00e9sime 2024. Dans le verre, les vins de Robert Weil mettent les deux mill\u00e9simes \u00e0 \u00e9galit\u00e9","og_url":"https:\/\/www.yvesbeck.wine\/fr\/domaine-robert-weil-2024-regarde-2023-droit-dans-les-yeux\/","og_site_name":"Yves Beck","article_publisher":"https:\/\/www.facebook.com\/beckustator","article_author":"https:\/\/www.facebook.com\/beckustator","article_published_time":"2026-01-04T13:39:02+00:00","og_image":[{"width":2560,"height":1707,"url":"https:\/\/www.yvesbeck.wine\/wp-content\/uploads\/2025\/10\/Kiedrich-Grafenberg_Weingut-Robert-Weil-\u00a9-Peter-Quirin-scaled.jpg","type":"image\/jpeg"}],"author":"Yves Beck","twitter_card":"summary_large_image","twitter_creator":"@beckustator","twitter_site":"@beckustator","twitter_misc":{"\u00c9crit par":"Yves Beck","Dur\u00e9e de lecture estim\u00e9e":"12 minutes"},"schema":{"@context":"https:\/\/schema.org","@graph":[{"@type":"Article","@id":"https:\/\/www.yvesbeck.wine\/fr\/domaine-robert-weil-2024-regarde-2023-droit-dans-les-yeux\/#article","isPartOf":{"@id":"https:\/\/www.yvesbeck.wine\/fr\/domaine-robert-weil-2024-regarde-2023-droit-dans-les-yeux\/"},"author":{"name":"Yves Beck","@id":"https:\/\/www.yvesbeck.wine\/#\/schema\/person\/33cc92b5916fa8e634fe59f0121a0cad"},"headline":"Domaine Robert Weil &#8211; 2024 regarde 2023 droit dans les yeux","datePublished":"2026-01-04T13:39:02+00:00","mainEntityOfPage":{"@id":"https:\/\/www.yvesbeck.wine\/fr\/domaine-robert-weil-2024-regarde-2023-droit-dans-les-yeux\/"},"wordCount":2348,"publisher":{"@id":"https:\/\/www.yvesbeck.wine\/#organization"},"image":{"@id":"https:\/\/www.yvesbeck.wine\/fr\/domaine-robert-weil-2024-regarde-2023-droit-dans-les-yeux\/#primaryimage"},"thumbnailUrl":"https:\/\/www.yvesbeck.wine\/wp-content\/uploads\/2025\/10\/Kiedrich-Grafenberg_Weingut-Robert-Weil-\u00a9-Peter-Quirin-scaled.jpg","keywords":["Rheingau","Riesling","Robert Weil"],"articleSection":["Allemagne"],"inLanguage":"fr-FR"},{"@type":"WebPage","@id":"https:\/\/www.yvesbeck.wine\/fr\/domaine-robert-weil-2024-regarde-2023-droit-dans-les-yeux\/","url":"https:\/\/www.yvesbeck.wine\/fr\/domaine-robert-weil-2024-regarde-2023-droit-dans-les-yeux\/","name":"Domaine Robert Weil - 2024 regarde 2023 droit dans les yeux - Yves Beck","isPartOf":{"@id":"https:\/\/www.yvesbeck.wine\/#website"},"primaryImageOfPage":{"@id":"https:\/\/www.yvesbeck.wine\/fr\/domaine-robert-weil-2024-regarde-2023-droit-dans-les-yeux\/#primaryimage"},"image":{"@id":"https:\/\/www.yvesbeck.wine\/fr\/domaine-robert-weil-2024-regarde-2023-droit-dans-les-yeux\/#primaryimage"},"thumbnailUrl":"https:\/\/www.yvesbeck.wine\/wp-content\/uploads\/2025\/10\/Kiedrich-Grafenberg_Weingut-Robert-Weil-\u00a9-Peter-Quirin-scaled.jpg","datePublished":"2026-01-04T13:39:02+00:00","description":"Sur le papier, le mill\u00e9sime 2023 est sup\u00e9rieur au mill\u00e9sime 2024. Dans le verre, les vins de Robert Weil mettent les deux mill\u00e9simes \u00e0 \u00e9galit\u00e9","breadcrumb":{"@id":"https:\/\/www.yvesbeck.wine\/fr\/domaine-robert-weil-2024-regarde-2023-droit-dans-les-yeux\/#breadcrumb"},"inLanguage":"fr-FR","potentialAction":[{"@type":"ReadAction","target":["https:\/\/www.yvesbeck.wine\/fr\/domaine-robert-weil-2024-regarde-2023-droit-dans-les-yeux\/"]}]},{"@type":"ImageObject","inLanguage":"fr-FR","@id":"https:\/\/www.yvesbeck.wine\/fr\/domaine-robert-weil-2024-regarde-2023-droit-dans-les-yeux\/#primaryimage","url":"https:\/\/www.yvesbeck.wine\/wp-content\/uploads\/2025\/10\/Kiedrich-Grafenberg_Weingut-Robert-Weil-\u00a9-Peter-Quirin-scaled.jpg","contentUrl":"https:\/\/www.yvesbeck.wine\/wp-content\/uploads\/2025\/10\/Kiedrich-Grafenberg_Weingut-Robert-Weil-\u00a9-Peter-Quirin-scaled.jpg","width":2560,"height":1707,"caption":"Kiedrich Gr\u00e4fenberg Weingut Robert Weil \u00a9 Peter Quirin"},{"@type":"BreadcrumbList","@id":"https:\/\/www.yvesbeck.wine\/fr\/domaine-robert-weil-2024-regarde-2023-droit-dans-les-yeux\/#breadcrumb","itemListElement":[{"@type":"ListItem","position":1,"name":"Startseite","item":"https:\/\/www.yvesbeck.wine\/fr\/"},{"@type":"ListItem","position":2,"name":"Domaine Robert Weil &#8211; 2024 regarde 2023 droit dans les yeux"}]},{"@type":"WebSite","@id":"https:\/\/www.yvesbeck.wine\/#website","url":"https:\/\/www.yvesbeck.wine\/","name":"Yves Beck","description":"Beckustator","publisher":{"@id":"https:\/\/www.yvesbeck.wine\/#organization"},"potentialAction":[{"@type":"SearchAction","target":{"@type":"EntryPoint","urlTemplate":"https:\/\/www.yvesbeck.wine\/?s={search_term_string}"},"query-input":{"@type":"PropertyValueSpecification","valueRequired":true,"valueName":"search_term_string"}}],"inLanguage":"fr-FR"},{"@type":"Organization","@id":"https:\/\/www.yvesbeck.wine\/#organization","name":"yvesbeck.wine","url":"https:\/\/www.yvesbeck.wine\/","logo":{"@type":"ImageObject","inLanguage":"fr-FR","@id":"https:\/\/www.yvesbeck.wine\/#\/schema\/logo\/image\/","url":"https:\/\/www.yvesbeck.wine\/wp-content\/uploads\/frontend\/2016\/07\/20160722-Logo-Sidebar.png","contentUrl":"https:\/\/www.yvesbeck.wine\/wp-content\/uploads\/frontend\/2016\/07\/20160722-Logo-Sidebar.png","width":376,"height":200,"caption":"yvesbeck.wine"},"image":{"@id":"https:\/\/www.yvesbeck.wine\/#\/schema\/logo\/image\/"},"sameAs":["https:\/\/www.facebook.com\/beckustator","https:\/\/x.com\/beckustator","https:\/\/www.instagram.com\/beckustator","https:\/\/www.linkedin.com\/in\/yvesbeck\/"]},{"@type":"Person","@id":"https:\/\/www.yvesbeck.wine\/#\/schema\/person\/33cc92b5916fa8e634fe59f0121a0cad","name":"Yves Beck","sameAs":["https:\/\/www.yvesbeck.wine","https:\/\/www.facebook.com\/beckustator","https:\/\/www.instagram.com\/beckustator","https:\/\/www.linkedin\/in\/yvesbeck"],"url":"https:\/\/www.yvesbeck.wine\/fr\/author\/ddb68\/"}]}},"_links":{"self":[{"href":"https:\/\/www.yvesbeck.wine\/fr\/wp-json\/wp\/v2\/posts\/369869","targetHints":{"allow":["GET"]}}],"collection":[{"href":"https:\/\/www.yvesbeck.wine\/fr\/wp-json\/wp\/v2\/posts"}],"about":[{"href":"https:\/\/www.yvesbeck.wine\/fr\/wp-json\/wp\/v2\/types\/post"}],"author":[{"embeddable":true,"href":"https:\/\/www.yvesbeck.wine\/fr\/wp-json\/wp\/v2\/users\/14"}],"replies":[{"embeddable":true,"href":"https:\/\/www.yvesbeck.wine\/fr\/wp-json\/wp\/v2\/comments?post=369869"}],"version-history":[{"count":7,"href":"https:\/\/www.yvesbeck.wine\/fr\/wp-json\/wp\/v2\/posts\/369869\/revisions"}],"predecessor-version":[{"id":376127,"href":"https:\/\/www.yvesbeck.wine\/fr\/wp-json\/wp\/v2\/posts\/369869\/revisions\/376127"}],"wp:featuredmedia":[{"embeddable":true,"href":"https:\/\/www.yvesbeck.wine\/fr\/wp-json\/wp\/v2\/media\/369872"}],"wp:attachment":[{"href":"https:\/\/www.yvesbeck.wine\/fr\/wp-json\/wp\/v2\/media?parent=369869"}],"wp:term":[{"taxonomy":"category","embeddable":true,"href":"https:\/\/www.yvesbeck.wine\/fr\/wp-json\/wp\/v2\/categories?post=369869"},{"taxonomy":"post_tag","embeddable":true,"href":"https:\/\/www.yvesbeck.wine\/fr\/wp-json\/wp\/v2\/tags?post=369869"}],"curies":[{"name":"wp","href":"https:\/\/api.w.org\/{rel}","templated":true}]}}