{"id":33653,"date":"2018-07-29T13:52:49","date_gmt":"2018-07-29T12:52:49","guid":{"rendered":"https:\/\/www.yvesbeck.wine\/?p=33653"},"modified":"2026-01-04T17:55:08","modified_gmt":"2026-01-04T16:55:08","slug":"156-vins-degustes-et-commentes-a-ribeauville","status":"publish","type":"post","link":"https:\/\/www.yvesbeck.wine\/fr\/156-vins-degustes-et-commentes-a-ribeauville\/","title":{"rendered":"156 vins d\u00e9gust\u00e9s et comment\u00e9s \u00e0 Ribeauvill\u00e9"},"content":{"rendered":"<p style=\"text-align: justify;\">C&rsquo;est un fait ind\u00e9niable, <a href=\"https:\/\/www.yvesbeck.wine\/fr\/yves-beck\/\"><span style=\"color: #800000;\">yvesbeck.vin<\/span><\/a> passe pas mal de temps en Alsace. Il faut dire que ce vignoble de 15 000 hectares avec sa mosa\u00efque de terroirs, unique au monde, a quelque chose de fascinant. Apr\u00e8s MILA 2018, <a href=\"https:\/\/www.yvesbeck.wine\/fr\/beckustator\/\"><span style=\"color: #800000;\">Beckustator<\/span><\/a> a particip\u00e9 pour la seconde fois \u00e0 la <a href=\"https:\/\/www.ribeauville-riquewihr.com\/manifestations\/fetes-du-vin-alsace.htm\" target=\"_blank\" rel=\"noopener\"><span style=\"color: #800000;\">F\u00eate du Vin de Ribeauvill\u00e9<\/span><\/a> o\u00f9 agissent, entre autre, <span style=\"color: #800000;\">Francis Fischer<\/span> et l&rsquo;infatigable <span style=\"color: #800000;\">Laurent Bucher<\/span>.<\/p>\n<p style=\"text-align: justify;\">Je tiens d&rsquo;ailleurs \u00e0 remercier ce dernier pour m&rsquo;avoir accueilli en-dehors des heures de d\u00e9gustation de la f\u00eate, afin que je puisse avancer dans mon travail. Cette f\u00eate est une r\u00e9ussite exemplaire qui est le fruit de l&rsquo;engagement de vignerons motiv\u00e9s, travailleurs et fiers de leurs vins&#8230; et ils ont bien raison car les vins pr\u00e9sent\u00e9s m\u00e9ritent des louanges.<\/p>\n<p style=\"text-align: justify;\">L&rsquo;objectif inavou\u00e9 \u00e9tait de d\u00e9guster les 270 vins pr\u00e9sents. Celui-ci n&rsquo;a pas tout \u00e0 fait \u00e9t\u00e9 atteint, puisque j&rsquo;ai finalement d\u00e9gust\u00e9 210 \u00e9chantillons pour en retenir 156. Il faut dire, et vous le verrez en parcourant mes notices, que je n&rsquo;aime pas les d\u00e9gustations \u00e0 la va-vite ! J&rsquo;ai envie de m&rsquo;impliquer dans chaque vin, car chaque cru a le m\u00e9rite que l&rsquo;on s&rsquo;y int\u00e9resse et qu&rsquo;on le respecte, ind\u00e9pendamment de son style, de son \u00e9levage et du type de culture dont il est issu.<\/p>\n<p style=\"text-align: justify;\">A ceci, je rajouterai, en toute humilit\u00e9, que pour moi l&rsquo;Alsace est une d\u00e9couverte. Ainsi, j&rsquo;avance \u00e0 petits pas et je tente de comprendre les particularit\u00e9s des terroirs, des vignerons. Je n&rsquo;ai pas l&rsquo;impression d&rsquo;avoir compris grand chose pour l&rsquo;instant, mais trois \u00e9l\u00e9ments me convainquent ; la qualit\u00e9 est omnipr\u00e9sente, les vignerons aiment ce qu&rsquo;ils font car leurs vins ont de l&rsquo;\u00e2me, de l&rsquo;amour (Je suis convaincu que ceci se ressent lorsque l&rsquo;on d\u00e9guste un vin) et les terroirs sont mis en valeur.\u00a0 Ce dernier \u00e9l\u00e9ment r\u00e9sume d&rsquo;ailleurs bien la complexit\u00e9 de ce vignoble. Avec 13 terroirs diff\u00e9rents, les vins s&rsquo;expriment de moult mani\u00e8res.<\/p>\n<p style=\"text-align: justify;\">Deux terroirs m&rsquo;ont particuli\u00e8rement impressionn\u00e9 dans leur mani\u00e8re de s&rsquo;exprimer ; Kirchberg et Osterberg. Si je voulais les r\u00e9sumer en une phrase je dirais que c&rsquo;est lorsque l&rsquo;on pense qu&rsquo;ils peinent \u00e0 s&rsquo;exprimer qu&rsquo;ils en rajoutent une couche pour bien nous rappeler qu&rsquo;ils ne sont pas juste l\u00e0 pour juste \u00eatre complaisants. Quelques uns m&rsquo;ont chuchot\u00e9 aux narines et au palais que si je voulais qu&rsquo;ils me plaisent il faudrait passer du temps avec eux, les \u00e9couter, les comprendre&#8230; enfin c&rsquo;est assez classique de la vie si je puis dire ! Ils veulent qu&rsquo;on les aime mais que l&rsquo;on sache quand-m\u00eame un peu pourquoi \ud83d\ude09<\/p>\n<p style=\"text-align: justify;\">Toujours dans l&rsquo;approche de la d\u00e9couverte, je n&rsquo;ai pas peur de dire que je suis encore mouill\u00e9 derri\u00e8re les oreilles en ce qui concerne l&rsquo;Alsace. J&rsquo;y vois une grande chance dans la mesure o\u00f9 je connais pas vraiment les hi\u00e9rarchies et les histoires (notez que pour ce dernier point il est sain de ne pas tout savoir!).<\/p>\n<p style=\"text-align: justify;\">L&rsquo;avantage dont je dispose est li\u00e9 \u00e0 la quantit\u00e9 de vins que je d\u00e9guste chaque ann\u00e9e, ce qui me conf\u00e8re une solide exp\u00e9rience en mati\u00e8re de r\u00e9f\u00e9rences.\u00a0 Dans le cas de l&rsquo;Alsace, je profite donc d&rsquo;une certaine innocence, mais j&rsquo;ai d\u00e9j\u00e0 rep\u00e9r\u00e9 quelques talents (le monde n&rsquo;a pas attendu sur moi pour les d\u00e9couvrir).<\/p>\n<p style=\"text-align: justify;\">Je vous invite \u00e0 d\u00e9couvrir mes notices de d\u00e9gustation qui sont mon ressenti, mon approche et qui ont pour motivation de partager une passion et des \u00e9motions en esp\u00e9rant de vous donner envie de go\u00fbter quelques uns des crus pr\u00e9sent\u00e9s pour constater s&rsquo;ils vous plaisent \u00e9galement (vous, et vous seuls, pouvez au final d\u00e9cider de ce qui vous plait&#8230; ou pas).<\/p>\n<p style=\"text-align: justify;\">Evidemment, l&rsquo;id\u00e9e est \u00e9galement de me permettre de vivre ma passion ; Pour ceci je vous laisse lire le paragraphe suivant.<\/p>\n<p style=\"text-align: justify;\">Conclusion : Je crois que l&rsquo;on risque de me voir souvent en Alsace.<\/p>\n<hr \/>\n<div>\n<h3><strong>Acc\u00e9dez \u00e0 38483 notices de vins en ligne pour CHF. 98.00 par ann\u00e9e<\/strong><\/h3>\n<div>Ce compte rendu est le fruit d\u2019un travail de fond du critique de vin <a href=\"https:\/\/www.yvesbeck.wine\/yves-beck\/?lang=fr\" target=\"_blank\" rel=\"noopener\">Yves Beck<\/a>. Vous pouvez acc\u00e9der \u00e0 <strong>38483 notes de d\u00e9gustation en ligne<\/strong><\/p>\n<p>&nbsp;<\/p>\n<p>&nbsp;<\/p>\n","protected":false},"excerpt":{"rendered":"<p>C&rsquo;est un fait ind\u00e9niable, yvesbeck.vin passe pas mal de temps en Alsace. Il faut dire que ce vignoble de 15 000 hectares avec sa mosa\u00efque de terroirs, unique au monde, a quelque chose de fascinant. Apr\u00e8s MILA 2018, Beckustator a particip\u00e9 pour la seconde fois \u00e0 la F\u00eate du Vin de Ribeauvill\u00e9 o\u00f9 agissent, entre [&hellip;]<\/p>\n","protected":false},"author":14,"featured_media":162564,"comment_status":"closed","ping_status":"closed","sticky":false,"template":"","format":"standard","meta":{"_acf_changed":false,"_et_pb_use_builder":"","_et_pb_old_content":"","_et_gb_content_width":"","footnotes":""},"categories":[149],"tags":[],"class_list":["post-33653","post","type-post","status-publish","format-standard","has-post-thumbnail","hentry","category-france"],"acf":[],"yoast_head":"<!-- This site is optimized with the Yoast SEO plugin v26.9 - https:\/\/yoast.com\/product\/yoast-seo-wordpress\/ -->\n<title>156 vins d\u00e9gust\u00e9s et comment\u00e9s \u00e0 Ribeauvill\u00e9 - Yves Beck<\/title>\n<meta name=\"description\" content=\"Durant la f\u00eate du vin \u00e0 Ribeauvill\u00e9, Yves Beck a not\u00e9 156 vins qu&#039;il pr\u00e9sente dans son carnet de d\u00e9gustation\" \/>\n<meta name=\"robots\" content=\"index, follow, max-snippet:-1, max-image-preview:large, max-video-preview:-1\" \/>\n<link rel=\"canonical\" href=\"https:\/\/www.yvesbeck.wine\/fr\/156-vins-degustes-et-commentes-a-ribeauville\/\" \/>\n<meta property=\"og:locale\" content=\"fr_FR\" \/>\n<meta property=\"og:type\" content=\"article\" \/>\n<meta property=\"og:title\" content=\"156 vins d\u00e9gust\u00e9s et comment\u00e9s \u00e0 Ribeauvill\u00e9 - Yves Beck\" \/>\n<meta property=\"og:description\" content=\"Durant la f\u00eate du vin \u00e0 Ribeauvill\u00e9, Yves Beck a not\u00e9 156 vins qu&#039;il pr\u00e9sente dans son carnet de d\u00e9gustation\" \/>\n<meta property=\"og:url\" content=\"https:\/\/www.yvesbeck.wine\/fr\/156-vins-degustes-et-commentes-a-ribeauville\/\" \/>\n<meta property=\"og:site_name\" content=\"Yves Beck\" \/>\n<meta property=\"article:publisher\" content=\"https:\/\/www.facebook.com\/beckustator\" \/>\n<meta property=\"article:author\" content=\"https:\/\/www.facebook.com\/beckustator\" \/>\n<meta property=\"article:published_time\" content=\"2018-07-29T12:52:49+00:00\" \/>\n<meta property=\"article:modified_time\" content=\"2026-01-04T16:55:08+00:00\" \/>\n<meta property=\"og:image\" content=\"https:\/\/www.yvesbeck.wine\/wp-content\/uploads\/2018\/07\/P_20180611_192055_vHDR_Auto_1-scaled.jpg\" \/>\n\t<meta property=\"og:image:width\" content=\"2560\" \/>\n\t<meta property=\"og:image:height\" content=\"1218\" \/>\n\t<meta property=\"og:image:type\" content=\"image\/jpeg\" \/>\n<meta name=\"author\" content=\"Yves Beck\" \/>\n<meta name=\"twitter:card\" content=\"summary_large_image\" \/>\n<meta name=\"twitter:creator\" content=\"@beckustator\" \/>\n<meta name=\"twitter:site\" content=\"@beckustator\" \/>\n<meta name=\"twitter:label1\" content=\"\u00c9crit par\" \/>\n\t<meta name=\"twitter:data1\" content=\"Yves Beck\" \/>\n\t<meta name=\"twitter:label2\" content=\"Dur\u00e9e de lecture estim\u00e9e\" \/>\n\t<meta name=\"twitter:data2\" content=\"58 minutes\" \/>\n<script type=\"application\/ld+json\" class=\"yoast-schema-graph\">{\"@context\":\"https:\/\/schema.org\",\"@graph\":[{\"@type\":\"Article\",\"@id\":\"https:\/\/www.yvesbeck.wine\/fr\/156-vins-degustes-et-commentes-a-ribeauville\/#article\",\"isPartOf\":{\"@id\":\"https:\/\/www.yvesbeck.wine\/fr\/156-vins-degustes-et-commentes-a-ribeauville\/\"},\"author\":{\"name\":\"Yves Beck\",\"@id\":\"https:\/\/www.yvesbeck.wine\/#\/schema\/person\/33cc92b5916fa8e634fe59f0121a0cad\"},\"headline\":\"156 vins d\u00e9gust\u00e9s et comment\u00e9s \u00e0 Ribeauvill\u00e9\",\"datePublished\":\"2018-07-29T12:52:49+00:00\",\"dateModified\":\"2026-01-04T16:55:08+00:00\",\"mainEntityOfPage\":{\"@id\":\"https:\/\/www.yvesbeck.wine\/fr\/156-vins-degustes-et-commentes-a-ribeauville\/\"},\"wordCount\":12235,\"publisher\":{\"@id\":\"https:\/\/www.yvesbeck.wine\/#organization\"},\"image\":{\"@id\":\"https:\/\/www.yvesbeck.wine\/fr\/156-vins-degustes-et-commentes-a-ribeauville\/#primaryimage\"},\"thumbnailUrl\":\"https:\/\/www.yvesbeck.wine\/wp-content\/uploads\/2018\/07\/P_20180611_192055_vHDR_Auto_1-scaled.jpg\",\"articleSection\":[\"France\"],\"inLanguage\":\"fr-FR\"},{\"@type\":\"WebPage\",\"@id\":\"https:\/\/www.yvesbeck.wine\/fr\/156-vins-degustes-et-commentes-a-ribeauville\/\",\"url\":\"https:\/\/www.yvesbeck.wine\/fr\/156-vins-degustes-et-commentes-a-ribeauville\/\",\"name\":\"156 vins d\u00e9gust\u00e9s et comment\u00e9s \u00e0 Ribeauvill\u00e9 - Yves Beck\",\"isPartOf\":{\"@id\":\"https:\/\/www.yvesbeck.wine\/#website\"},\"primaryImageOfPage\":{\"@id\":\"https:\/\/www.yvesbeck.wine\/fr\/156-vins-degustes-et-commentes-a-ribeauville\/#primaryimage\"},\"image\":{\"@id\":\"https:\/\/www.yvesbeck.wine\/fr\/156-vins-degustes-et-commentes-a-ribeauville\/#primaryimage\"},\"thumbnailUrl\":\"https:\/\/www.yvesbeck.wine\/wp-content\/uploads\/2018\/07\/P_20180611_192055_vHDR_Auto_1-scaled.jpg\",\"datePublished\":\"2018-07-29T12:52:49+00:00\",\"dateModified\":\"2026-01-04T16:55:08+00:00\",\"description\":\"Durant la f\u00eate du vin \u00e0 Ribeauvill\u00e9, Yves Beck a not\u00e9 156 vins qu'il pr\u00e9sente dans son carnet de d\u00e9gustation\",\"breadcrumb\":{\"@id\":\"https:\/\/www.yvesbeck.wine\/fr\/156-vins-degustes-et-commentes-a-ribeauville\/#breadcrumb\"},\"inLanguage\":\"fr-FR\",\"potentialAction\":[{\"@type\":\"ReadAction\",\"target\":[\"https:\/\/www.yvesbeck.wine\/fr\/156-vins-degustes-et-commentes-a-ribeauville\/\"]}]},{\"@type\":\"ImageObject\",\"inLanguage\":\"fr-FR\",\"@id\":\"https:\/\/www.yvesbeck.wine\/fr\/156-vins-degustes-et-commentes-a-ribeauville\/#primaryimage\",\"url\":\"https:\/\/www.yvesbeck.wine\/wp-content\/uploads\/2018\/07\/P_20180611_192055_vHDR_Auto_1-scaled.jpg\",\"contentUrl\":\"https:\/\/www.yvesbeck.wine\/wp-content\/uploads\/2018\/07\/P_20180611_192055_vHDR_Auto_1-scaled.jpg\",\"width\":2560,\"height\":1218,\"caption\":\"F\u00eate du vin \u00e0 Ribeauvill\u00e9 - vignes - yvesbeck.wine\"},{\"@type\":\"BreadcrumbList\",\"@id\":\"https:\/\/www.yvesbeck.wine\/fr\/156-vins-degustes-et-commentes-a-ribeauville\/#breadcrumb\",\"itemListElement\":[{\"@type\":\"ListItem\",\"position\":1,\"name\":\"Startseite\",\"item\":\"https:\/\/www.yvesbeck.wine\/fr\/\"},{\"@type\":\"ListItem\",\"position\":2,\"name\":\"156 vins d\u00e9gust\u00e9s et comment\u00e9s \u00e0 Ribeauvill\u00e9\"}]},{\"@type\":\"WebSite\",\"@id\":\"https:\/\/www.yvesbeck.wine\/#website\",\"url\":\"https:\/\/www.yvesbeck.wine\/\",\"name\":\"Yves Beck\",\"description\":\"Beckustator\",\"publisher\":{\"@id\":\"https:\/\/www.yvesbeck.wine\/#organization\"},\"potentialAction\":[{\"@type\":\"SearchAction\",\"target\":{\"@type\":\"EntryPoint\",\"urlTemplate\":\"https:\/\/www.yvesbeck.wine\/?s={search_term_string}\"},\"query-input\":{\"@type\":\"PropertyValueSpecification\",\"valueRequired\":true,\"valueName\":\"search_term_string\"}}],\"inLanguage\":\"fr-FR\"},{\"@type\":\"Organization\",\"@id\":\"https:\/\/www.yvesbeck.wine\/#organization\",\"name\":\"yvesbeck.wine\",\"url\":\"https:\/\/www.yvesbeck.wine\/\",\"logo\":{\"@type\":\"ImageObject\",\"inLanguage\":\"fr-FR\",\"@id\":\"https:\/\/www.yvesbeck.wine\/#\/schema\/logo\/image\/\",\"url\":\"https:\/\/www.yvesbeck.wine\/wp-content\/uploads\/frontend\/2016\/07\/20160722-Logo-Sidebar.png\",\"contentUrl\":\"https:\/\/www.yvesbeck.wine\/wp-content\/uploads\/frontend\/2016\/07\/20160722-Logo-Sidebar.png\",\"width\":376,\"height\":200,\"caption\":\"yvesbeck.wine\"},\"image\":{\"@id\":\"https:\/\/www.yvesbeck.wine\/#\/schema\/logo\/image\/\"},\"sameAs\":[\"https:\/\/www.facebook.com\/beckustator\",\"https:\/\/x.com\/beckustator\",\"https:\/\/www.instagram.com\/beckustator\",\"https:\/\/www.linkedin.com\/in\/yvesbeck\/\"]},{\"@type\":\"Person\",\"@id\":\"https:\/\/www.yvesbeck.wine\/#\/schema\/person\/33cc92b5916fa8e634fe59f0121a0cad\",\"name\":\"Yves Beck\",\"sameAs\":[\"https:\/\/www.yvesbeck.wine\",\"https:\/\/www.facebook.com\/beckustator\",\"https:\/\/www.instagram.com\/beckustator\",\"https:\/\/www.linkedin\/in\/yvesbeck\"],\"url\":\"https:\/\/www.yvesbeck.wine\/fr\/author\/ddb68\/\"}]}<\/script>\n<!-- \/ Yoast SEO plugin. -->","yoast_head_json":{"title":"156 vins d\u00e9gust\u00e9s et comment\u00e9s \u00e0 Ribeauvill\u00e9 - Yves Beck","description":"Durant la f\u00eate du vin \u00e0 Ribeauvill\u00e9, Yves Beck a not\u00e9 156 vins qu'il pr\u00e9sente dans son carnet de d\u00e9gustation","robots":{"index":"index","follow":"follow","max-snippet":"max-snippet:-1","max-image-preview":"max-image-preview:large","max-video-preview":"max-video-preview:-1"},"canonical":"https:\/\/www.yvesbeck.wine\/fr\/156-vins-degustes-et-commentes-a-ribeauville\/","og_locale":"fr_FR","og_type":"article","og_title":"156 vins d\u00e9gust\u00e9s et comment\u00e9s \u00e0 Ribeauvill\u00e9 - Yves Beck","og_description":"Durant la f\u00eate du vin \u00e0 Ribeauvill\u00e9, Yves Beck a not\u00e9 156 vins qu'il pr\u00e9sente dans son carnet de d\u00e9gustation","og_url":"https:\/\/www.yvesbeck.wine\/fr\/156-vins-degustes-et-commentes-a-ribeauville\/","og_site_name":"Yves Beck","article_publisher":"https:\/\/www.facebook.com\/beckustator","article_author":"https:\/\/www.facebook.com\/beckustator","article_published_time":"2018-07-29T12:52:49+00:00","article_modified_time":"2026-01-04T16:55:08+00:00","og_image":[{"width":2560,"height":1218,"url":"https:\/\/www.yvesbeck.wine\/wp-content\/uploads\/2018\/07\/P_20180611_192055_vHDR_Auto_1-scaled.jpg","type":"image\/jpeg"}],"author":"Yves Beck","twitter_card":"summary_large_image","twitter_creator":"@beckustator","twitter_site":"@beckustator","twitter_misc":{"\u00c9crit par":"Yves Beck","Dur\u00e9e de lecture estim\u00e9e":"58 minutes"},"schema":{"@context":"https:\/\/schema.org","@graph":[{"@type":"Article","@id":"https:\/\/www.yvesbeck.wine\/fr\/156-vins-degustes-et-commentes-a-ribeauville\/#article","isPartOf":{"@id":"https:\/\/www.yvesbeck.wine\/fr\/156-vins-degustes-et-commentes-a-ribeauville\/"},"author":{"name":"Yves Beck","@id":"https:\/\/www.yvesbeck.wine\/#\/schema\/person\/33cc92b5916fa8e634fe59f0121a0cad"},"headline":"156 vins d\u00e9gust\u00e9s et comment\u00e9s \u00e0 Ribeauvill\u00e9","datePublished":"2018-07-29T12:52:49+00:00","dateModified":"2026-01-04T16:55:08+00:00","mainEntityOfPage":{"@id":"https:\/\/www.yvesbeck.wine\/fr\/156-vins-degustes-et-commentes-a-ribeauville\/"},"wordCount":12235,"publisher":{"@id":"https:\/\/www.yvesbeck.wine\/#organization"},"image":{"@id":"https:\/\/www.yvesbeck.wine\/fr\/156-vins-degustes-et-commentes-a-ribeauville\/#primaryimage"},"thumbnailUrl":"https:\/\/www.yvesbeck.wine\/wp-content\/uploads\/2018\/07\/P_20180611_192055_vHDR_Auto_1-scaled.jpg","articleSection":["France"],"inLanguage":"fr-FR"},{"@type":"WebPage","@id":"https:\/\/www.yvesbeck.wine\/fr\/156-vins-degustes-et-commentes-a-ribeauville\/","url":"https:\/\/www.yvesbeck.wine\/fr\/156-vins-degustes-et-commentes-a-ribeauville\/","name":"156 vins d\u00e9gust\u00e9s et comment\u00e9s \u00e0 Ribeauvill\u00e9 - Yves Beck","isPartOf":{"@id":"https:\/\/www.yvesbeck.wine\/#website"},"primaryImageOfPage":{"@id":"https:\/\/www.yvesbeck.wine\/fr\/156-vins-degustes-et-commentes-a-ribeauville\/#primaryimage"},"image":{"@id":"https:\/\/www.yvesbeck.wine\/fr\/156-vins-degustes-et-commentes-a-ribeauville\/#primaryimage"},"thumbnailUrl":"https:\/\/www.yvesbeck.wine\/wp-content\/uploads\/2018\/07\/P_20180611_192055_vHDR_Auto_1-scaled.jpg","datePublished":"2018-07-29T12:52:49+00:00","dateModified":"2026-01-04T16:55:08+00:00","description":"Durant la f\u00eate du vin \u00e0 Ribeauvill\u00e9, Yves Beck a not\u00e9 156 vins qu'il pr\u00e9sente dans son carnet de d\u00e9gustation","breadcrumb":{"@id":"https:\/\/www.yvesbeck.wine\/fr\/156-vins-degustes-et-commentes-a-ribeauville\/#breadcrumb"},"inLanguage":"fr-FR","potentialAction":[{"@type":"ReadAction","target":["https:\/\/www.yvesbeck.wine\/fr\/156-vins-degustes-et-commentes-a-ribeauville\/"]}]},{"@type":"ImageObject","inLanguage":"fr-FR","@id":"https:\/\/www.yvesbeck.wine\/fr\/156-vins-degustes-et-commentes-a-ribeauville\/#primaryimage","url":"https:\/\/www.yvesbeck.wine\/wp-content\/uploads\/2018\/07\/P_20180611_192055_vHDR_Auto_1-scaled.jpg","contentUrl":"https:\/\/www.yvesbeck.wine\/wp-content\/uploads\/2018\/07\/P_20180611_192055_vHDR_Auto_1-scaled.jpg","width":2560,"height":1218,"caption":"F\u00eate du vin \u00e0 Ribeauvill\u00e9 - vignes - yvesbeck.wine"},{"@type":"BreadcrumbList","@id":"https:\/\/www.yvesbeck.wine\/fr\/156-vins-degustes-et-commentes-a-ribeauville\/#breadcrumb","itemListElement":[{"@type":"ListItem","position":1,"name":"Startseite","item":"https:\/\/www.yvesbeck.wine\/fr\/"},{"@type":"ListItem","position":2,"name":"156 vins d\u00e9gust\u00e9s et comment\u00e9s \u00e0 Ribeauvill\u00e9"}]},{"@type":"WebSite","@id":"https:\/\/www.yvesbeck.wine\/#website","url":"https:\/\/www.yvesbeck.wine\/","name":"Yves Beck","description":"Beckustator","publisher":{"@id":"https:\/\/www.yvesbeck.wine\/#organization"},"potentialAction":[{"@type":"SearchAction","target":{"@type":"EntryPoint","urlTemplate":"https:\/\/www.yvesbeck.wine\/?s={search_term_string}"},"query-input":{"@type":"PropertyValueSpecification","valueRequired":true,"valueName":"search_term_string"}}],"inLanguage":"fr-FR"},{"@type":"Organization","@id":"https:\/\/www.yvesbeck.wine\/#organization","name":"yvesbeck.wine","url":"https:\/\/www.yvesbeck.wine\/","logo":{"@type":"ImageObject","inLanguage":"fr-FR","@id":"https:\/\/www.yvesbeck.wine\/#\/schema\/logo\/image\/","url":"https:\/\/www.yvesbeck.wine\/wp-content\/uploads\/frontend\/2016\/07\/20160722-Logo-Sidebar.png","contentUrl":"https:\/\/www.yvesbeck.wine\/wp-content\/uploads\/frontend\/2016\/07\/20160722-Logo-Sidebar.png","width":376,"height":200,"caption":"yvesbeck.wine"},"image":{"@id":"https:\/\/www.yvesbeck.wine\/#\/schema\/logo\/image\/"},"sameAs":["https:\/\/www.facebook.com\/beckustator","https:\/\/x.com\/beckustator","https:\/\/www.instagram.com\/beckustator","https:\/\/www.linkedin.com\/in\/yvesbeck\/"]},{"@type":"Person","@id":"https:\/\/www.yvesbeck.wine\/#\/schema\/person\/33cc92b5916fa8e634fe59f0121a0cad","name":"Yves Beck","sameAs":["https:\/\/www.yvesbeck.wine","https:\/\/www.facebook.com\/beckustator","https:\/\/www.instagram.com\/beckustator","https:\/\/www.linkedin\/in\/yvesbeck"],"url":"https:\/\/www.yvesbeck.wine\/fr\/author\/ddb68\/"}]}},"_links":{"self":[{"href":"https:\/\/www.yvesbeck.wine\/fr\/wp-json\/wp\/v2\/posts\/33653","targetHints":{"allow":["GET"]}}],"collection":[{"href":"https:\/\/www.yvesbeck.wine\/fr\/wp-json\/wp\/v2\/posts"}],"about":[{"href":"https:\/\/www.yvesbeck.wine\/fr\/wp-json\/wp\/v2\/types\/post"}],"author":[{"embeddable":true,"href":"https:\/\/www.yvesbeck.wine\/fr\/wp-json\/wp\/v2\/users\/14"}],"replies":[{"embeddable":true,"href":"https:\/\/www.yvesbeck.wine\/fr\/wp-json\/wp\/v2\/comments?post=33653"}],"version-history":[{"count":4,"href":"https:\/\/www.yvesbeck.wine\/fr\/wp-json\/wp\/v2\/posts\/33653\/revisions"}],"predecessor-version":[{"id":376250,"href":"https:\/\/www.yvesbeck.wine\/fr\/wp-json\/wp\/v2\/posts\/33653\/revisions\/376250"}],"wp:featuredmedia":[{"embeddable":true,"href":"https:\/\/www.yvesbeck.wine\/fr\/wp-json\/wp\/v2\/media\/162564"}],"wp:attachment":[{"href":"https:\/\/www.yvesbeck.wine\/fr\/wp-json\/wp\/v2\/media?parent=33653"}],"wp:term":[{"taxonomy":"category","embeddable":true,"href":"https:\/\/www.yvesbeck.wine\/fr\/wp-json\/wp\/v2\/categories?post=33653"},{"taxonomy":"post_tag","embeddable":true,"href":"https:\/\/www.yvesbeck.wine\/fr\/wp-json\/wp\/v2\/tags?post=33653"}],"curies":[{"name":"wp","href":"https:\/\/api.w.org\/{rel}","templated":true}]}}