{"id":25253,"date":"2017-11-10T07:58:48","date_gmt":"2017-11-10T06:58:48","guid":{"rendered":"https:\/\/www.yvesbeck.wine\/?p=25253"},"modified":"2026-01-04T17:11:32","modified_gmt":"2026-01-04T16:11:32","slug":"chateau-talbot-a-nomme-son-directeur-general","status":"publish","type":"post","link":"https:\/\/www.yvesbeck.wine\/fr\/chateau-talbot-a-nomme-son-directeur-general\/","title":{"rendered":"Ch\u00e2teau Talbot a nomm\u00e9 son futur directeur g\u00e9n\u00e9ral"},"content":{"rendered":"<p><a href=\"http:\/\/www.chateau-talbot.com\/\" target=\"_blank\" rel=\"noopener\"><span style=\"color: #800000;\">Ch\u00e2teau Talbot<\/span><\/a>, prestigieux cru de St-Julien aura un nouveau directeur g\u00e9n\u00e9ral d\u00e8s mars 2018: <span style=\"color: #800000;\">Jean-Michel Laporte<\/span> gravit un bien bel \u00e9chelon dans sa carri\u00e8re et se r\u00e9jouit de relever ce d\u00e9fi.<\/p>\n<p>Le successeur de <span style=\"color: #800000;\">Jean-Pierre Marty<\/span>, l&rsquo;actuel directeur g\u00e9n\u00e9ral qui prendra sa retraite en septembre 2018 est donc connu. Jean-Michel Laporte qui fut durant plusieurs ann\u00e9es directeur technique du <a href=\"http:\/\/www.la-conseillante.com\/\" target=\"_blank\" rel=\"noopener\"><span style=\"color: #800000;\">Ch\u00e2teau La Conseillante<\/span><\/a> \u00e0 Pomerol, puis courtier sur la place de Bordeaux chez <a href=\"http:\/\/www.barre-touton.com\/\" target=\"_blank\" rel=\"noopener\"><span style=\"color: #800000;\">Barre et Touton<\/span><\/a>, est un homme du terrain, bien connu sur la place. Auparavant il a \u00e9galement \u00e9t\u00e9 directeur technique au <a href=\"http:\/\/www.dourthe.com\/chateau\/14-chateau-pey-la-tour\" target=\"_blank\" rel=\"noopener\"><span style=\"color: #800000;\">Ch\u00e2teau Pey la Tour<\/span><\/a> ainsi que chef de culture au <a href=\"http:\/\/www.dourthe.com\/chateau\/7-chateau-la-garde\" target=\"_blank\" rel=\"noopener\"><span style=\"color: #800000;\">Ch\u00e2teau La Garde<\/span><\/a>.<\/p>\n<p>Des perspectives bien r\u00e9jouissantes, tant pour Ch\u00e2teau Talbot que pour son futur directeur g\u00e9n\u00e9ral. Le prestigieux cru class\u00e9 de St-Julien jouit d&rsquo;une renomm\u00e9e et d&rsquo;une popularit\u00e9 mondiale. Avec ce nouveau choix strat\u00e9gique, Talbot consolide et assure sa place parmi l&rsquo;\u00e9lite.<\/p>\n<p><a href=\"https:\/\/www.yvesbeck.wine\/fr\/yves-beck-fait-partie-des-critiques-les-plus-influents-de-bordeaux-au-monde\/\" target=\"_blank\" rel=\"noopener\">Yves Beck<\/a> souhaite plein succ\u00e8s \u00e0 Jean-Michel Laporte pour sa nouvelle fonction \u00e0 St-Julien et se r\u00e9jouit, bien \u00e9videmment, d&rsquo;aller lui rendre visite! Attaque!<\/p>\n<h5>Cr\u00e9dit image : Fr\u00e9d\u00e9ric Lot, <a href=\"https:\/\/www.millesima.fr\/\" target=\"_blank\" rel=\"noopener\">Mill\u00e9sima<\/a><\/h5>\n<hr \/>\n<p><strong><a href=\"https:\/\/www.yvesbeck.wine\/fr\/produkt\/abonnement-prive-yvesbeck-wine\/\">Abonnez-vous \u00e0 yvesbeck.wine pour CHF. 98.00<\/a> par ann\u00e9e et acc\u00e9dez \u00e0 38483 notes de d\u00e9gustation en ligne<\/strong><\/p>\n<p>&nbsp;<\/p>\n<p>&nbsp;<\/p>\n","protected":false},"excerpt":{"rendered":"<p>Ch\u00e2teau Talbot, prestigieux cru de St-Julien aura un nouveau directeur g\u00e9n\u00e9ral d\u00e8s mars 2018: Jean-Michel Laporte gravit un bien bel \u00e9chelon dans sa carri\u00e8re et se r\u00e9jouit de relever ce d\u00e9fi. Le successeur de Jean-Pierre Marty, l&rsquo;actuel directeur g\u00e9n\u00e9ral qui prendra sa retraite en septembre 2018 est donc connu. Jean-Michel Laporte qui fut durant plusieurs [&hellip;]<\/p>\n","protected":false},"author":14,"featured_media":162468,"comment_status":"closed","ping_status":"closed","sticky":false,"template":"","format":"standard","meta":{"_acf_changed":false,"_et_pb_use_builder":"","_et_pb_old_content":"","_et_gb_content_width":"","footnotes":""},"categories":[190],"tags":[8723,10089,16377],"class_list":["post-25253","post","type-post","status-publish","format-standard","has-post-thumbnail","hentry","category-bordeaux-france","tag-bordeaux-fr","tag-st-julien-fr","tag-talbot-2"],"acf":[],"yoast_head":"<!-- This site is optimized with the Yoast SEO plugin v26.9 - https:\/\/yoast.com\/product\/yoast-seo-wordpress\/ -->\n<title>Ch\u00e2teau Talbot a nomm\u00e9 Jean-Michel Laporte directeur g\u00e9n\u00e9ral<\/title>\n<meta name=\"description\" content=\"Ch\u00e2teau Talbot, 4\u00e8me Grand Cru Class\u00e9 de St-Julien a nomm\u00e9 le successeur de Jean-Pierre Marty : Jean-Michel prend le relais d\u00e8s mars 2018\" \/>\n<meta name=\"robots\" content=\"index, follow, max-snippet:-1, max-image-preview:large, max-video-preview:-1\" \/>\n<link rel=\"canonical\" href=\"https:\/\/www.yvesbeck.wine\/fr\/chateau-talbot-a-nomme-son-directeur-general\/\" \/>\n<meta property=\"og:locale\" content=\"fr_FR\" \/>\n<meta property=\"og:type\" content=\"article\" \/>\n<meta property=\"og:title\" content=\"Ch\u00e2teau Talbot a nomm\u00e9 Jean-Michel Laporte directeur g\u00e9n\u00e9ral\" \/>\n<meta property=\"og:description\" content=\"Ch\u00e2teau Talbot, 4\u00e8me Grand Cru Class\u00e9 de St-Julien a nomm\u00e9 le successeur de Jean-Pierre Marty : Jean-Michel prend le relais d\u00e8s mars 2018\" \/>\n<meta property=\"og:url\" content=\"https:\/\/www.yvesbeck.wine\/fr\/chateau-talbot-a-nomme-son-directeur-general\/\" \/>\n<meta property=\"og:site_name\" content=\"Yves Beck\" \/>\n<meta property=\"article:publisher\" content=\"https:\/\/www.facebook.com\/beckustator\" \/>\n<meta property=\"article:author\" content=\"https:\/\/www.facebook.com\/beckustator\" \/>\n<meta property=\"article:published_time\" content=\"2017-11-10T06:58:48+00:00\" \/>\n<meta property=\"article:modified_time\" content=\"2026-01-04T16:11:32+00:00\" \/>\n<meta property=\"og:image\" content=\"https:\/\/www.yvesbeck.wine\/wp-content\/uploads\/2017\/11\/Jean-Michel-Laporte.jpg\" \/>\n\t<meta property=\"og:image:width\" content=\"1154\" \/>\n\t<meta property=\"og:image:height\" content=\"2048\" \/>\n\t<meta property=\"og:image:type\" content=\"image\/jpeg\" \/>\n<meta name=\"author\" content=\"Yves Beck\" \/>\n<meta name=\"twitter:card\" content=\"summary_large_image\" \/>\n<meta name=\"twitter:creator\" content=\"@beckustator\" \/>\n<meta name=\"twitter:site\" content=\"@beckustator\" \/>\n<meta name=\"twitter:label1\" content=\"\u00c9crit par\" \/>\n\t<meta name=\"twitter:data1\" content=\"Yves Beck\" \/>\n\t<meta name=\"twitter:label2\" content=\"Dur\u00e9e de lecture estim\u00e9e\" \/>\n\t<meta name=\"twitter:data2\" content=\"2 minutes\" \/>\n<script type=\"application\/ld+json\" class=\"yoast-schema-graph\">{\"@context\":\"https:\/\/schema.org\",\"@graph\":[{\"@type\":\"Article\",\"@id\":\"https:\/\/www.yvesbeck.wine\/fr\/chateau-talbot-a-nomme-son-directeur-general\/#article\",\"isPartOf\":{\"@id\":\"https:\/\/www.yvesbeck.wine\/fr\/chateau-talbot-a-nomme-son-directeur-general\/\"},\"author\":{\"name\":\"Yves Beck\",\"@id\":\"https:\/\/www.yvesbeck.wine\/#\/schema\/person\/33cc92b5916fa8e634fe59f0121a0cad\"},\"headline\":\"Ch\u00e2teau Talbot a nomm\u00e9 son futur directeur g\u00e9n\u00e9ral\",\"datePublished\":\"2017-11-10T06:58:48+00:00\",\"dateModified\":\"2026-01-04T16:11:32+00:00\",\"mainEntityOfPage\":{\"@id\":\"https:\/\/www.yvesbeck.wine\/fr\/chateau-talbot-a-nomme-son-directeur-general\/\"},\"wordCount\":232,\"publisher\":{\"@id\":\"https:\/\/www.yvesbeck.wine\/#organization\"},\"image\":{\"@id\":\"https:\/\/www.yvesbeck.wine\/fr\/chateau-talbot-a-nomme-son-directeur-general\/#primaryimage\"},\"thumbnailUrl\":\"https:\/\/www.yvesbeck.wine\/wp-content\/uploads\/2017\/11\/Jean-Michel-Laporte.jpg\",\"keywords\":[\"Bordeaux\",\"St-Julien\",\"Talbot\"],\"articleSection\":[\"Bordeaux\"],\"inLanguage\":\"fr-FR\"},{\"@type\":\"WebPage\",\"@id\":\"https:\/\/www.yvesbeck.wine\/fr\/chateau-talbot-a-nomme-son-directeur-general\/\",\"url\":\"https:\/\/www.yvesbeck.wine\/fr\/chateau-talbot-a-nomme-son-directeur-general\/\",\"name\":\"Ch\u00e2teau Talbot a nomm\u00e9 Jean-Michel Laporte directeur g\u00e9n\u00e9ral\",\"isPartOf\":{\"@id\":\"https:\/\/www.yvesbeck.wine\/#website\"},\"primaryImageOfPage\":{\"@id\":\"https:\/\/www.yvesbeck.wine\/fr\/chateau-talbot-a-nomme-son-directeur-general\/#primaryimage\"},\"image\":{\"@id\":\"https:\/\/www.yvesbeck.wine\/fr\/chateau-talbot-a-nomme-son-directeur-general\/#primaryimage\"},\"thumbnailUrl\":\"https:\/\/www.yvesbeck.wine\/wp-content\/uploads\/2017\/11\/Jean-Michel-Laporte.jpg\",\"datePublished\":\"2017-11-10T06:58:48+00:00\",\"dateModified\":\"2026-01-04T16:11:32+00:00\",\"description\":\"Ch\u00e2teau Talbot, 4\u00e8me Grand Cru Class\u00e9 de St-Julien a nomm\u00e9 le successeur de Jean-Pierre Marty : Jean-Michel prend le relais d\u00e8s mars 2018\",\"breadcrumb\":{\"@id\":\"https:\/\/www.yvesbeck.wine\/fr\/chateau-talbot-a-nomme-son-directeur-general\/#breadcrumb\"},\"inLanguage\":\"fr-FR\",\"potentialAction\":[{\"@type\":\"ReadAction\",\"target\":[\"https:\/\/www.yvesbeck.wine\/fr\/chateau-talbot-a-nomme-son-directeur-general\/\"]}]},{\"@type\":\"ImageObject\",\"inLanguage\":\"fr-FR\",\"@id\":\"https:\/\/www.yvesbeck.wine\/fr\/chateau-talbot-a-nomme-son-directeur-general\/#primaryimage\",\"url\":\"https:\/\/www.yvesbeck.wine\/wp-content\/uploads\/2017\/11\/Jean-Michel-Laporte.jpg\",\"contentUrl\":\"https:\/\/www.yvesbeck.wine\/wp-content\/uploads\/2017\/11\/Jean-Michel-Laporte.jpg\",\"width\":1154,\"height\":2048,\"caption\":\"Ch\u00e2teau Talbot - Jean-Michel Laporte - yvesbeck.wine\"},{\"@type\":\"BreadcrumbList\",\"@id\":\"https:\/\/www.yvesbeck.wine\/fr\/chateau-talbot-a-nomme-son-directeur-general\/#breadcrumb\",\"itemListElement\":[{\"@type\":\"ListItem\",\"position\":1,\"name\":\"Startseite\",\"item\":\"https:\/\/www.yvesbeck.wine\/fr\/\"},{\"@type\":\"ListItem\",\"position\":2,\"name\":\"Ch\u00e2teau Talbot a nomm\u00e9 son futur directeur g\u00e9n\u00e9ral\"}]},{\"@type\":\"WebSite\",\"@id\":\"https:\/\/www.yvesbeck.wine\/#website\",\"url\":\"https:\/\/www.yvesbeck.wine\/\",\"name\":\"Yves Beck\",\"description\":\"Beckustator\",\"publisher\":{\"@id\":\"https:\/\/www.yvesbeck.wine\/#organization\"},\"potentialAction\":[{\"@type\":\"SearchAction\",\"target\":{\"@type\":\"EntryPoint\",\"urlTemplate\":\"https:\/\/www.yvesbeck.wine\/?s={search_term_string}\"},\"query-input\":{\"@type\":\"PropertyValueSpecification\",\"valueRequired\":true,\"valueName\":\"search_term_string\"}}],\"inLanguage\":\"fr-FR\"},{\"@type\":\"Organization\",\"@id\":\"https:\/\/www.yvesbeck.wine\/#organization\",\"name\":\"yvesbeck.wine\",\"url\":\"https:\/\/www.yvesbeck.wine\/\",\"logo\":{\"@type\":\"ImageObject\",\"inLanguage\":\"fr-FR\",\"@id\":\"https:\/\/www.yvesbeck.wine\/#\/schema\/logo\/image\/\",\"url\":\"https:\/\/www.yvesbeck.wine\/wp-content\/uploads\/frontend\/2016\/07\/20160722-Logo-Sidebar.png\",\"contentUrl\":\"https:\/\/www.yvesbeck.wine\/wp-content\/uploads\/frontend\/2016\/07\/20160722-Logo-Sidebar.png\",\"width\":376,\"height\":200,\"caption\":\"yvesbeck.wine\"},\"image\":{\"@id\":\"https:\/\/www.yvesbeck.wine\/#\/schema\/logo\/image\/\"},\"sameAs\":[\"https:\/\/www.facebook.com\/beckustator\",\"https:\/\/x.com\/beckustator\",\"https:\/\/www.instagram.com\/beckustator\",\"https:\/\/www.linkedin.com\/in\/yvesbeck\/\"]},{\"@type\":\"Person\",\"@id\":\"https:\/\/www.yvesbeck.wine\/#\/schema\/person\/33cc92b5916fa8e634fe59f0121a0cad\",\"name\":\"Yves Beck\",\"sameAs\":[\"https:\/\/www.yvesbeck.wine\",\"https:\/\/www.facebook.com\/beckustator\",\"https:\/\/www.instagram.com\/beckustator\",\"https:\/\/www.linkedin\/in\/yvesbeck\"],\"url\":\"https:\/\/www.yvesbeck.wine\/fr\/author\/ddb68\/\"}]}<\/script>\n<!-- \/ Yoast SEO plugin. -->","yoast_head_json":{"title":"Ch\u00e2teau Talbot a nomm\u00e9 Jean-Michel Laporte directeur g\u00e9n\u00e9ral","description":"Ch\u00e2teau Talbot, 4\u00e8me Grand Cru Class\u00e9 de St-Julien a nomm\u00e9 le successeur de Jean-Pierre Marty : Jean-Michel prend le relais d\u00e8s mars 2018","robots":{"index":"index","follow":"follow","max-snippet":"max-snippet:-1","max-image-preview":"max-image-preview:large","max-video-preview":"max-video-preview:-1"},"canonical":"https:\/\/www.yvesbeck.wine\/fr\/chateau-talbot-a-nomme-son-directeur-general\/","og_locale":"fr_FR","og_type":"article","og_title":"Ch\u00e2teau Talbot a nomm\u00e9 Jean-Michel Laporte directeur g\u00e9n\u00e9ral","og_description":"Ch\u00e2teau Talbot, 4\u00e8me Grand Cru Class\u00e9 de St-Julien a nomm\u00e9 le successeur de Jean-Pierre Marty : Jean-Michel prend le relais d\u00e8s mars 2018","og_url":"https:\/\/www.yvesbeck.wine\/fr\/chateau-talbot-a-nomme-son-directeur-general\/","og_site_name":"Yves Beck","article_publisher":"https:\/\/www.facebook.com\/beckustator","article_author":"https:\/\/www.facebook.com\/beckustator","article_published_time":"2017-11-10T06:58:48+00:00","article_modified_time":"2026-01-04T16:11:32+00:00","og_image":[{"width":1154,"height":2048,"url":"https:\/\/www.yvesbeck.wine\/wp-content\/uploads\/2017\/11\/Jean-Michel-Laporte.jpg","type":"image\/jpeg"}],"author":"Yves Beck","twitter_card":"summary_large_image","twitter_creator":"@beckustator","twitter_site":"@beckustator","twitter_misc":{"\u00c9crit par":"Yves Beck","Dur\u00e9e de lecture estim\u00e9e":"2 minutes"},"schema":{"@context":"https:\/\/schema.org","@graph":[{"@type":"Article","@id":"https:\/\/www.yvesbeck.wine\/fr\/chateau-talbot-a-nomme-son-directeur-general\/#article","isPartOf":{"@id":"https:\/\/www.yvesbeck.wine\/fr\/chateau-talbot-a-nomme-son-directeur-general\/"},"author":{"name":"Yves Beck","@id":"https:\/\/www.yvesbeck.wine\/#\/schema\/person\/33cc92b5916fa8e634fe59f0121a0cad"},"headline":"Ch\u00e2teau Talbot a nomm\u00e9 son futur directeur g\u00e9n\u00e9ral","datePublished":"2017-11-10T06:58:48+00:00","dateModified":"2026-01-04T16:11:32+00:00","mainEntityOfPage":{"@id":"https:\/\/www.yvesbeck.wine\/fr\/chateau-talbot-a-nomme-son-directeur-general\/"},"wordCount":232,"publisher":{"@id":"https:\/\/www.yvesbeck.wine\/#organization"},"image":{"@id":"https:\/\/www.yvesbeck.wine\/fr\/chateau-talbot-a-nomme-son-directeur-general\/#primaryimage"},"thumbnailUrl":"https:\/\/www.yvesbeck.wine\/wp-content\/uploads\/2017\/11\/Jean-Michel-Laporte.jpg","keywords":["Bordeaux","St-Julien","Talbot"],"articleSection":["Bordeaux"],"inLanguage":"fr-FR"},{"@type":"WebPage","@id":"https:\/\/www.yvesbeck.wine\/fr\/chateau-talbot-a-nomme-son-directeur-general\/","url":"https:\/\/www.yvesbeck.wine\/fr\/chateau-talbot-a-nomme-son-directeur-general\/","name":"Ch\u00e2teau Talbot a nomm\u00e9 Jean-Michel Laporte directeur g\u00e9n\u00e9ral","isPartOf":{"@id":"https:\/\/www.yvesbeck.wine\/#website"},"primaryImageOfPage":{"@id":"https:\/\/www.yvesbeck.wine\/fr\/chateau-talbot-a-nomme-son-directeur-general\/#primaryimage"},"image":{"@id":"https:\/\/www.yvesbeck.wine\/fr\/chateau-talbot-a-nomme-son-directeur-general\/#primaryimage"},"thumbnailUrl":"https:\/\/www.yvesbeck.wine\/wp-content\/uploads\/2017\/11\/Jean-Michel-Laporte.jpg","datePublished":"2017-11-10T06:58:48+00:00","dateModified":"2026-01-04T16:11:32+00:00","description":"Ch\u00e2teau Talbot, 4\u00e8me Grand Cru Class\u00e9 de St-Julien a nomm\u00e9 le successeur de Jean-Pierre Marty : Jean-Michel prend le relais d\u00e8s mars 2018","breadcrumb":{"@id":"https:\/\/www.yvesbeck.wine\/fr\/chateau-talbot-a-nomme-son-directeur-general\/#breadcrumb"},"inLanguage":"fr-FR","potentialAction":[{"@type":"ReadAction","target":["https:\/\/www.yvesbeck.wine\/fr\/chateau-talbot-a-nomme-son-directeur-general\/"]}]},{"@type":"ImageObject","inLanguage":"fr-FR","@id":"https:\/\/www.yvesbeck.wine\/fr\/chateau-talbot-a-nomme-son-directeur-general\/#primaryimage","url":"https:\/\/www.yvesbeck.wine\/wp-content\/uploads\/2017\/11\/Jean-Michel-Laporte.jpg","contentUrl":"https:\/\/www.yvesbeck.wine\/wp-content\/uploads\/2017\/11\/Jean-Michel-Laporte.jpg","width":1154,"height":2048,"caption":"Ch\u00e2teau Talbot - Jean-Michel Laporte - yvesbeck.wine"},{"@type":"BreadcrumbList","@id":"https:\/\/www.yvesbeck.wine\/fr\/chateau-talbot-a-nomme-son-directeur-general\/#breadcrumb","itemListElement":[{"@type":"ListItem","position":1,"name":"Startseite","item":"https:\/\/www.yvesbeck.wine\/fr\/"},{"@type":"ListItem","position":2,"name":"Ch\u00e2teau Talbot a nomm\u00e9 son futur directeur g\u00e9n\u00e9ral"}]},{"@type":"WebSite","@id":"https:\/\/www.yvesbeck.wine\/#website","url":"https:\/\/www.yvesbeck.wine\/","name":"Yves Beck","description":"Beckustator","publisher":{"@id":"https:\/\/www.yvesbeck.wine\/#organization"},"potentialAction":[{"@type":"SearchAction","target":{"@type":"EntryPoint","urlTemplate":"https:\/\/www.yvesbeck.wine\/?s={search_term_string}"},"query-input":{"@type":"PropertyValueSpecification","valueRequired":true,"valueName":"search_term_string"}}],"inLanguage":"fr-FR"},{"@type":"Organization","@id":"https:\/\/www.yvesbeck.wine\/#organization","name":"yvesbeck.wine","url":"https:\/\/www.yvesbeck.wine\/","logo":{"@type":"ImageObject","inLanguage":"fr-FR","@id":"https:\/\/www.yvesbeck.wine\/#\/schema\/logo\/image\/","url":"https:\/\/www.yvesbeck.wine\/wp-content\/uploads\/frontend\/2016\/07\/20160722-Logo-Sidebar.png","contentUrl":"https:\/\/www.yvesbeck.wine\/wp-content\/uploads\/frontend\/2016\/07\/20160722-Logo-Sidebar.png","width":376,"height":200,"caption":"yvesbeck.wine"},"image":{"@id":"https:\/\/www.yvesbeck.wine\/#\/schema\/logo\/image\/"},"sameAs":["https:\/\/www.facebook.com\/beckustator","https:\/\/x.com\/beckustator","https:\/\/www.instagram.com\/beckustator","https:\/\/www.linkedin.com\/in\/yvesbeck\/"]},{"@type":"Person","@id":"https:\/\/www.yvesbeck.wine\/#\/schema\/person\/33cc92b5916fa8e634fe59f0121a0cad","name":"Yves Beck","sameAs":["https:\/\/www.yvesbeck.wine","https:\/\/www.facebook.com\/beckustator","https:\/\/www.instagram.com\/beckustator","https:\/\/www.linkedin\/in\/yvesbeck"],"url":"https:\/\/www.yvesbeck.wine\/fr\/author\/ddb68\/"}]}},"_links":{"self":[{"href":"https:\/\/www.yvesbeck.wine\/fr\/wp-json\/wp\/v2\/posts\/25253","targetHints":{"allow":["GET"]}}],"collection":[{"href":"https:\/\/www.yvesbeck.wine\/fr\/wp-json\/wp\/v2\/posts"}],"about":[{"href":"https:\/\/www.yvesbeck.wine\/fr\/wp-json\/wp\/v2\/types\/post"}],"author":[{"embeddable":true,"href":"https:\/\/www.yvesbeck.wine\/fr\/wp-json\/wp\/v2\/users\/14"}],"replies":[{"embeddable":true,"href":"https:\/\/www.yvesbeck.wine\/fr\/wp-json\/wp\/v2\/comments?post=25253"}],"version-history":[{"count":4,"href":"https:\/\/www.yvesbeck.wine\/fr\/wp-json\/wp\/v2\/posts\/25253\/revisions"}],"predecessor-version":[{"id":376211,"href":"https:\/\/www.yvesbeck.wine\/fr\/wp-json\/wp\/v2\/posts\/25253\/revisions\/376211"}],"wp:featuredmedia":[{"embeddable":true,"href":"https:\/\/www.yvesbeck.wine\/fr\/wp-json\/wp\/v2\/media\/162468"}],"wp:attachment":[{"href":"https:\/\/www.yvesbeck.wine\/fr\/wp-json\/wp\/v2\/media?parent=25253"}],"wp:term":[{"taxonomy":"category","embeddable":true,"href":"https:\/\/www.yvesbeck.wine\/fr\/wp-json\/wp\/v2\/categories?post=25253"},{"taxonomy":"post_tag","embeddable":true,"href":"https:\/\/www.yvesbeck.wine\/fr\/wp-json\/wp\/v2\/tags?post=25253"}],"curies":[{"name":"wp","href":"https:\/\/api.w.org\/{rel}","templated":true}]}}