{"id":164413,"date":"2026-01-04T08:42:37","date_gmt":"2026-01-04T07:42:37","guid":{"rendered":"https:\/\/www.yvesbeck.wine\/?p=164413"},"modified":"2026-01-04T14:07:10","modified_gmt":"2026-01-04T13:07:10","slug":"domaine-henri-cruchon-fusion-de-traditions-et-de-visions","status":"publish","type":"post","link":"https:\/\/www.yvesbeck.wine\/fr\/domaine-henri-cruchon-fusion-de-traditions-et-de-visions\/","title":{"rendered":"Domaine Henri Cruchon &#8211; Fusion de traditions et de visions"},"content":{"rendered":"<p style=\"text-align: justify;\"><strong>Domaine Henri Cruchon<\/strong><\/p>\n<h4 style=\"text-align: justify;\"><strong>Grand diversit\u00e9 de c\u00e9pages<\/strong><\/h4>\n<p style=\"text-align: justify;\">Commen\u00e7ons peut-\u00eatre par ce qui ne coule pas de sources dans LE Pays du Chasselas ; le domaine cultive un total de 16 c\u00e9pages r\u00e9partis sur plusieurs parchais du vignoble morgien.<\/p>\n<p style=\"text-align: justify;\">L&#8217;embl\u00e9matique Raoul Cruchon et sa fille Catherine Cruchon disposent ainsi d&rsquo;une v\u00e9ritable mosa\u00efque amp\u00e9lographique, savamment r\u00e9partie sur des terroirs bien sp\u00e9cifiques.<\/p>\n<h4 style=\"text-align: justify;\"><strong>Famille de vignerons<\/strong><\/h4>\n<p style=\"text-align: justify;\">Au <a href=\"https:\/\/www.henricruchon.com\/\" target=\"_blank\" rel=\"noopener\">Domaine Henri Cruchon<\/a> on ne cultive pas que la vigne, mais aussi l&rsquo;esprit familial avec une ambition de continuit\u00e9 et d&rsquo;innovations.<\/p>\n<p style=\"text-align: justify;\">Descendant d&rsquo;une famille de vignerons, Henri Cruchon a cr\u00e9\u00e9 le domaine familial en 1976. Il a \u00e9t\u00e9 rapidement rejoint par ses fils Michel et Raoul. Ceux-ci ont pu compter sur le soutien engag\u00e9 de leurs \u00e9pouses respectives.<\/p>\n<p style=\"text-align: justify;\">En 2010, Catherine Cruchon, la fille ain\u00e9e de Lisa et Raoul, rejoint le domaine. \u0152nologue dipl\u00f4m\u00e9e de l&rsquo;haut \u00e9cole de Changins, Catherine peut \u00e9galement compter sur l&rsquo;appui de son \u00e9pouse Margaret.\u00a0 Eh oui, une entreprise familiale n&rsquo;avance que si les liens sont soud\u00e9s !<\/p>\n<p style=\"text-align: justify;\">On ne manquera pas d&rsquo;\u00e9galement citer Laura et Ya\u00eblle Cruchon, viticultrices, tr\u00e8s engag\u00e9es au domaine Henri Cruchon \u00e9galement.<\/p>\n<h4 style=\"text-align: justify;\"><strong>Les filles vinifient<\/strong><\/h4>\n<p style=\"text-align: justify;\"><b>#Lesfillesvinifient<\/b>, est un clin d\u2019\u0153il \u00e0 la nouvelle g\u00e9n\u00e9ration qui est enti\u00e8rement f\u00e9minine. Elle compte 4 vins diff\u00e9rents. <a href=\"https:\/\/www.henricruchon.com\/les-filles-vinifient\/\" target=\"_blank\" rel=\"noopener\">D\u00e9couvrez les sur le site d&rsquo;Henri\u00a0 Cruchon<\/a><\/p>\n<h4 style=\"text-align: justify;\"><strong>Biodynamie<\/strong><\/h4>\n<p style=\"text-align: justify;\">Toute personne connaissant Raoul Cruchon, sait \u00e0 quel point il connait profond\u00e9ment la culture du vin, que ce soit au niveau viticole ou \u0153nologique. Tout comme ses vastes connaissances des r\u00e9gions vinicoles du monde entier.<\/p>\n<p style=\"text-align: justify;\">Au fil des ann\u00e9es, il a su accumuler les exp\u00e9riences, les rencontres, les r\u00e9flexions qui l&rsquo;ont men\u00e9 \u00e0 la culture biodynamique. Il\u00a0 s&rsquo;agit donc d&rsquo;une d\u00e9marche d&rsquo;agriculteur soucieux de ses vignes, de leur avenir et de l&rsquo;\u00e9cosyst\u00e8me de ses diff\u00e9rents terroirs.<\/p>\n<p style=\"text-align: justify;\">Sa fille Catherine est \u00e9galement engag\u00e9e dans cette r\u00e9flexion et l&rsquo;on ressent d&#8217;embl\u00e9e, en s&rsquo;entretenant avec elle, sa passion d\u00e9di\u00e9e \u00e0 l&rsquo;agriculture, aux d\u00e9tails, \u00e0 la vigne.<\/p>\n<div id=\"attachment_164417\" style=\"width: 310px\" class=\"wp-caption aligncenter\"><img loading=\"lazy\" decoding=\"async\" aria-describedby=\"caption-attachment-164417\" class=\"size-medium wp-image-164417\" src=\"https:\/\/www.yvesbeck.wine\/wp-content\/uploads\/2025\/03\/henri-cruchon-vendanges-finies-yvesbeck.wine_-300x200.png\" alt=\"henri cruchon - vendanges finies yvesbeck.wine\" width=\"300\" height=\"200\" srcset=\"https:\/\/www.yvesbeck.wine\/wp-content\/uploads\/2025\/03\/henri-cruchon-vendanges-finies-yvesbeck.wine_-300x200.png 300w, https:\/\/www.yvesbeck.wine\/wp-content\/uploads\/2025\/03\/henri-cruchon-vendanges-finies-yvesbeck.wine_-1024x682.png 1024w, https:\/\/www.yvesbeck.wine\/wp-content\/uploads\/2025\/03\/henri-cruchon-vendanges-finies-yvesbeck.wine_-150x100.png 150w, https:\/\/www.yvesbeck.wine\/wp-content\/uploads\/2025\/03\/henri-cruchon-vendanges-finies-yvesbeck.wine_-768x512.png 768w, https:\/\/www.yvesbeck.wine\/wp-content\/uploads\/2025\/03\/henri-cruchon-vendanges-finies-yvesbeck.wine_-700x466.png 700w, https:\/\/www.yvesbeck.wine\/wp-content\/uploads\/2025\/03\/henri-cruchon-vendanges-finies-yvesbeck.wine_-600x400.png 600w, https:\/\/www.yvesbeck.wine\/wp-content\/uploads\/2025\/03\/henri-cruchon-vendanges-finies-yvesbeck.wine_.png 1280w\" sizes=\"(max-width: 300px) 100vw, 300px\" \/><p id=\"caption-attachment-164417\" class=\"wp-caption-text\">Clap de fin des vendanges au Domaine Henri Cruchon<\/p><\/div>\n<hr \/>\n<p style=\"text-align: justify;\">Une fois par ann\u00e9e, <a href=\"https:\/\/www.yvesbeck.wine\/fr\/yves-beck\/\">Yves Beck<\/a> se rend au domaine pour d\u00e9guster les vins du dernier mill\u00e9sime mis en bouteille. Vous trouverez ci-apr\u00e8s les vins que <a href=\"https:\/\/www.facebook.com\/beckustator\" target=\"_blank\" rel=\"noopener\">Beckustator<\/a> a pu d\u00e9guster diff\u00e9rents vins du Domaine Henri Cruchon.<\/p>\n<h4 style=\"text-align: center;\"><strong>Compte-rendu de d\u00e9gustation<\/strong><\/h4>\n<h4 style=\"text-align: center;\"><strong>Novembre 2025<\/strong><\/h4>\n<h4 style=\"text-align: justify;\"><strong>En Roman Grand Cru Chasselas 2024<\/strong><\/h4>\n<p style=\"text-align: justify;\">Ce Chasselas est issu de jeunes vignes dont les terres sont compos\u00e9es de moraines mais aussi de sols siliceux plus drainants. D&rsquo;entr\u00e9e, le bouquet affiche de la complexit\u00e9 et de la profondeur. Tr\u00e8s pur dans son style, il r\u00e9v\u00e8le des notes florales, une touche d&rsquo;agrumes ainsi que des nuances de fruits \u00e0 chair blanche (poires, pommes). L\u00e9g\u00e8rement salin en attaque, le vin est \u00e9l\u00e9gant, a\u00e9rien et port\u00e9 par une structure pl\u00e9biscitant autant son expression fruit\u00e9e que sa fra\u00eecheur. Un vin sapide, salivant et redemandant. <strong>90\/100<\/strong><\/p>\n<h4 style=\"text-align: justify;\"><strong>Au Clos Grand Cru Chasselas 2024<\/strong><\/h4>\n<p style=\"text-align: justify;\">Ce Chasselas est issu de vignes plant\u00e9es en 1978 sur des sols de mollasses argileuses. Le bouquet signale d&rsquo;entr\u00e9e une certaine \u00ab\u00a0richesse\u00a0\u00bb respectivement de la densit\u00e9 ainsi que des nuances de poires et de nectarines, mais \u00e9galement des nuances d&rsquo;anis et de fleurs blanches. Port\u00e9 par une structure assurant une certaine largeur, le vin est \u00e9l\u00e9gant, velout\u00e9 et expressif. Il doit ce dernier point, entre autres, \u00e0 de fins amers qui pl\u00e9biscitent le caract\u00e8re aromatique ainsi que la persistance. Un vin complet, abouti et serein qui se place au-dessus du mill\u00e9sime 2024. Vive le Chasselas ! Maintenant &#8211; 2039 <strong>94\/100<\/strong><\/p>\n<h4 style=\"text-align: justify;\"><strong>Mont de Vaux Grand Cru Chasselas 2024<\/strong><\/h4>\n<p style=\"text-align: justify;\">Le bouquet du Mont de Vaux annonce un vin profond et subtil. C&rsquo;est d&rsquo;ailleurs la pluralit\u00e9 qui m\u00e8ne le bal au travers de moult nuances, sans qu&rsquo;une seule se hisse au-dessus des autres. La complexit\u00e9 s&rsquo;en retrouve accrue. Que d&rsquo;enthousiasme olfactif. Les notes de tabac blond, de foin, d&rsquo;anis et de notes de fruits \u00e0 chair blanche cr\u00e9ent une dynamique exceptionnelle. En bouche, le lien entre finesse et temp\u00e9rament est consolid\u00e9 par une acidit\u00e9 structurante qui agit en coulisse, commun\u00e9ment avec de fins amers et un caract\u00e8re lin\u00e9aire. Le c\u00f4t\u00e9 salin pl\u00e9biscite la fra\u00eecheur, tandis que les tannins conf\u00e8rent de la vigueur. Un vin peut-\u00eatre c\u00e9r\u00e9bral, mais aussi de c\u0153ur ! Il est entra\u00eenant, persistant et enthousiasmant ! Maintenant &#8211; 2039 <strong>94\/100<\/strong><\/p>\n<h4 style=\"text-align: justify;\"><strong>Mont de Vaux Grand Cru Chasselas 2020<\/strong><\/h4>\n<p style=\"text-align: justify;\">Superbe bouquet : Ce Chasselas, d\u00e9j\u00e0 complexe dans sa jeunesse, est encore plus explicite, plus d\u00e9fini, plus proche de son terroir avec des nuances de pierre \u00e0 feu, de fleurs blanches et de fruits \u00e0 noyau. \u00c9panoui et l\u00e9g\u00e8rement cr\u00e9meux, le vin met sa force de frappe \u00e0 contribution, dans une logique de subtilit\u00e9 \u00e9videmment, avec de surcro\u00eet une persistance exceptionnelle. Un vin salivant, enrobant et long. Maintenant &#8211; 2045 <strong>95\/100<\/strong><\/p>\n<h4 style=\"text-align: justify;\"><strong>Pinot Blanc 2024<\/strong><\/h4>\n<p style=\"text-align: justify;\">Que de subtilit\u00e9 dans ce bouquet avec des nuances touchant \u00e0 moult registres, respectivement des notes de fruits de la passion, d&rsquo;agrumes, de fleurs et de fruits \u00e0 noyau. Le vin s&rsquo;illustre par son \u00e9l\u00e9gance, son caract\u00e8re lin\u00e9aire et \u00e9lanc\u00e9, tout en disposant de vigueur et de sapidit\u00e9. Un vin expressif et persistant. 2027-2037 <strong>93\/100<\/strong><\/p>\n<h4 style=\"text-align: justify;\"><strong>Altesse 2023<\/strong><\/h4>\n<p style=\"text-align: justify;\">L&rsquo;impact de l&rsquo;\u00e9levage en barriques est certes soulign\u00e9, mais il laisse de la place aux nuances florales, \u00e9pic\u00e9es et fruit\u00e9es. Le caract\u00e8re sucrant du bois est perceptible en attaque, quoique rapidement contr\u00e9 par une rafra\u00eechissante salinit\u00e9. Un vin qui demande \u00e0 s&rsquo;\u00e9panouir et \u00e0 dig\u00e9rer son bois, mais la base, elle, est excellente ! Que de longueur dans cette finale intense. Un vin \u00e0 suivre dans le temps. 2027-2040 <strong>93-94\/100<\/strong><\/p>\n<h4 style=\"text-align: justify;\"><strong>Noblesse de Chardonnay 2023<\/strong><\/h4>\n<p style=\"text-align: justify;\">La subtilit\u00e9 de l&rsquo;\u00e9levage va de pair avec la complexit\u00e9 pr\u00e9sente. Ce sont les d\u00e9tails qui m\u00e8nent ce vin, m\u00eame dans une logique bois\u00e9e. Ce dernier point est crucial ; le bois n&rsquo;a pour seule ambition que de mener l&rsquo;ensemble de l&rsquo;avant et de valoriser des acquis tels que les fruits \u00e0 chair blanche et les agrumes, men\u00e9s par une \u00e9l\u00e9gante r\u00e9duction. Dense et lin\u00e9aire, le vin dispose d&rsquo;une acidit\u00e9 structurante qui contrecarre bien l&rsquo;ampleur pr\u00e9sente et qui contribue autant \u00e0 la fra\u00eecheur qu&rsquo;au temp\u00e9rament du vin. 2028-2038 <strong>93\/100<\/strong><\/p>\n<h4 style=\"text-align: justify;\"><strong>Pinot Blanc 2014<\/strong><\/h4>\n<p style=\"text-align: justify;\">Juv\u00e9nile et \u00e9panoui, le bouquet r\u00e9v\u00e8le des nuances de noisettes et de fruits \u00e0 chair blanche suivies d&rsquo;une touche min\u00e9rale. En bouche, le vin cumule salinit\u00e9, tension et harmonie ! Belle persistance aromatique. Maintenant &#8211; 2034 <strong>93\/100<\/strong><\/p>\n<h4 style=\"text-align: justify;\"><strong>Pinot Noir les Lugrines 2023<\/strong><\/h4>\n<p style=\"text-align: justify;\">Vignes sur Monnaz, parcelle situ\u00e9e en amont de La Morge. 18 mois d&rsquo;\u00e9levage en foudre pour Les Lugrines 2023. Le bouquet se r\u00e9v\u00e8le avec d\u00e9licatesse et subtilit\u00e9. Il est ax\u00e9 sur la fra\u00eecheur, ce qui est de bon augure dans le contexte chaleureux du mill\u00e9sime. Les nuances \u00e9pic\u00e9es vont de pair avec des parfums de baies rouges\u2026 encore un \u00e9l\u00e9ment qui plaide pour la fra\u00eecheur. En bouche, le vin convainc par son c\u00f4t\u00e9 \u00e9lanc\u00e9 et velout\u00e9. Port\u00e9 par une acidit\u00e9 structurante, il profite de l&rsquo;appui subtil de tannins parfaitement int\u00e9gr\u00e9s qui se r\u00e9v\u00e8lent en fin de bouche. Un vin gagne en expression gustative aux fil des minutes ; les jalons sont bien pos\u00e9s. Maintenant &#8211; 2038 <strong>92\/100<\/strong><\/p>\n<h4 style=\"text-align: justify;\"><strong>Champanel Grand Cru Pinot Noir 2023<\/strong><\/h4>\n<p style=\"text-align: justify;\">Issu de sols assez profonds compos\u00e9s d&rsquo;argiles et de calcaire actif, ce Pinot Noir a \u00e9t\u00e9 \u00e9lev\u00e9 dans un foudre de de 3&rsquo;600 litres. Le bouquet s&rsquo;illustre par sa fra\u00eecheur au travers de nuances de baies rouges et des notes \u00e9pic\u00e9es. De bonne densit\u00e9, le vin dispose de tannins velout\u00e9s, \u00e9l\u00e9gants, qui se r\u00e9v\u00e8lent pas \u00e0 pas pour prendre position en fin de bouche. Un vin expressif et harmonieux qui a du temp\u00e9rament et de la finesse. 2027-2038 <strong>92\/100<\/strong><\/p>\n<h4 style=\"text-align: justify;\"><strong>Raissennaz Grand Cru Pinot Noir 2023<\/strong><\/h4>\n<p style=\"text-align: justify;\">Le bouquet de Raissenaz cumule richesse et finesse. La vigne, \u00e2g\u00e9e, ne produit pas plus de 30 hl\/ha et est situ\u00e9e sur un sol compos\u00e9 d&rsquo;environ 70 cm de terre sur une bande calcaire. Le terme Raissenaz signifie : bande de terre \u00e9troite. La densit\u00e9 sous-entendue par le bouquet est bien assimil\u00e9e par le palais. Le vin dispose de tannins puissants et \u00e9l\u00e9gants. Ils offrent une confortable assise et pl\u00e9biscitent l&rsquo;expression aromatique commun\u00e9ment avec la structure acide. Un vin qui est en phase de \u00ab\u00a0construction\u00a0\u00bb. Il a besoin de temps, mais ce qu&rsquo;il affiche aujourd&rsquo;hui ouvre des perspectives r\u00e9jouissantes. 2028-2040 <strong>93\/100<\/strong><\/p>\n<h4 style=\"text-align: justify;\"><strong>Servagnin 2023<\/strong><\/h4>\n<p style=\"text-align: justify;\">Issu d&rsquo;un assemblage de diff\u00e9rents parcelles situ\u00e9es \u00e0 Pr\u00e9verenges (argiles et sables), Colombier et Romanel sur Morges, ce Servagnin souligne son caract\u00e8re \u00e9pic\u00e9 combin\u00e9 \u00e0 de la fra\u00eecheur. Le fruit se veut plut\u00f4t discret, au d\u00e9but en tout cas. Il prend position au fil des minutes avec des nuances de baies rouges et noires puis une touche de poivre de Sichuan. En bouche, le vin affiche un c\u00f4t\u00e9 strict, mais pas dur. Il est juste tonique, lin\u00e9aire, peut-\u00eatre anguleux, mais en aucun cas dur. Un vin qui a du caract\u00e8re et des ambitions. Le temps saura cr\u00e9er les liens. La base est fiable et c&rsquo;est bien l\u00e0 que tout commence. 2027-2037 <strong>91-93\/100<\/strong><\/p>\n<h4 style=\"text-align: justify;\"><strong>Syrah 2023<\/strong><\/h4>\n<p style=\"text-align: justify;\">Elevage en barrique de 500 litres de plusieurs vins durant 12 mois puis 6 mois en foudres (pas de barriques neuves). Sols sableux sur Pr\u00e9verenges orient\u00e9s vers le lac. La typicit\u00e9 du c\u00e9page est perceptible d&rsquo;entr\u00e9e avec des notes de poivre noir et de violettes qui sont compl\u00e9t\u00e9es par une touche de cassis. De type \u00e9lanc\u00e9, le vin est lin\u00e9aire et muscl\u00e9. Un v\u00e9ritable coureur de fond qui pourra certes performer au 100 m\u00e8tres, mais je le vois bien entamer un 10&rsquo;000 ! A boire donc jeune et moins jeune. 2027-2037 <strong>93\/100<\/strong><\/p>\n<p><strong>\u00a0<\/strong><\/p>\n<hr \/>\n<h5 style=\"text-align: center;\"><strong>Archives (octobre 2024)<\/strong><\/h5>\n<h4 style=\"text-align: justify;\"><strong>Champanel Grand Cru Chasselas 2023<\/strong><\/h4>\n<p style=\"text-align: justify;\">Ce Chasselas est issu de la parcelle Champanel dont les ceps ont \u00e9t\u00e9 plant\u00e9s en 1991. Pr\u00e9cis, il se r\u00e9v\u00e8le avec pluralit\u00e9 et subtilit\u00e9. Il affiche des nuances florales, une touche d&rsquo;agrumes et un caract\u00e8re min\u00e9ral. En bouche, le vin se distingue par une certaine largeur et sa structure. Il est salivant, salin et persistant. Un Chasselas tout en finesse qui souligne autant le terroir que l&rsquo;aptitude du vinificateur, vinificatrice en l&rsquo;occurrence ! Maintenant &#8211; 2032 <strong>91\/100<\/strong><\/p>\n<h4 style=\"text-align: justify;\"><strong>En Roman Grand Cru Chasselas 2023<\/strong><\/h4>\n<p style=\"text-align: justify;\">Chasselas parcellaire issu de la parcelle En Roman. Le bouquet, tr\u00e8s pur dans son style, r\u00e9v\u00e8le de nombreuses facettes, plus subtiles les unes que les autres. L&rsquo;harmonie olfactive est \u00e9vidente avec des nuances de pain frais, de menthe et de poires. Le c\u00f4t\u00e9 subtil constitue \u00e9galement le fil rouge du palais. Le vin est lin\u00e9aire et se d\u00e9roule sans accrocs, avec pr\u00e9cision et persistance. Sa structure assure fra\u00eecheur et temp\u00e9rament et forme une belle ossature. 2025-2035 <strong>93\/100<\/strong><\/p>\n<h4 style=\"text-align: justify;\"><strong>Le Chapitre Grand Cru Chasselas 2023<\/strong><\/h4>\n<p style=\"text-align: justify;\">Chasselas issu de vieilles vignes sur la parcelle Le Chapitre. Complexe, le bouquet affiche de la s\u00e9r\u00e9nit\u00e9, de la profondeur. Il n&rsquo;est gu\u00e8re exub\u00e9rant, mais fin et pr\u00e9cis avec des nuances d&rsquo;anis, de muscade et de fleurs blanches. Droit et \u00e9lanc\u00e9, le vin b\u00e9n\u00e9ficie de l&rsquo;appui de sa structure et d&rsquo;une fine amertume qui pl\u00e9biscite l&rsquo;expression et la persistance de la finale. Un vin de haute voltige ! 2025-2034 <strong>93\/100<\/strong><\/p>\n<h4 style=\"text-align: justify;\"><strong>Au Clos Grand Cru Chasselas 2023<\/strong><\/h4>\n<p style=\"text-align: justify;\">Issu d&rsquo;une vigne sur des moraines situ\u00e9e en face du Ch\u00e2teau de Vufflens, ce Chasselas se caract\u00e9rise par son intensit\u00e9 florale, respectivement des notes de fleurs de tilleul ainsi que des \u00e9corces d&rsquo;agrumes. En bouche, le vin va droit au but tout en \u00e9tant tapissant ! Entendez par l\u00e0 qu&rsquo;il a une certaine largeur, mais \u00e9galement du pep, du temp\u00e9rament et qu&rsquo;il est men\u00e9 par une acidit\u00e9 structurante qui assure vivacit\u00e9 et fra\u00eecheur, malgr\u00e9 le caract\u00e8re chaud et sec du mill\u00e9sime. 2025-2040 <strong>94\/100<\/strong><\/p>\n<h4 style=\"text-align: justify;\"><strong>Mont de Vaux Grand Cru Chasselas 2023<\/strong><\/h4>\n<p style=\"text-align: justify;\">Ce Chasselas issu de la parcelle Mont de Vaux se r\u00e9v\u00e8le de mani\u00e8re filigrane. Il affiche un c\u00f4t\u00e9 \u00e9pic\u00e9 avec des notes de muscade, de nectarines et une touche d&rsquo;\u00e9corce d&rsquo;agrumes. L\u00e9g\u00e8rement salin en attaque, le vin est salivant, rafra\u00eechissant et de bonne longueur. Il se caract\u00e9rise par une puissance insoup\u00e7onn\u00e9e qui pl\u00e9biscite la persistance et l&rsquo;aptitude \u00e0 la garde. Un vin qui a besoin de temps ! Maintenant &#8211; 2036 <strong>92\/100<\/strong><\/p>\n<h4 style=\"text-align: justify;\"><strong>Altesse 2022<\/strong><\/h4>\n<p style=\"text-align: justify;\">Elevage de 18 mois en cuve inox pour ce vin issu de c\u00e9page Altesse. Subtil et de bonne intensit\u00e9, le bouquet r\u00e9v\u00e8le des notes de muscade et de p\u00eaches. Le vin a du corps et de la tension. Il s&rsquo;en retrouve cr\u00e9meux et vif, tandis que la salinit\u00e9 et des fins amers rafra\u00eechissent la finale. Maintenant &#8211; 2038 <strong>91\/100<\/strong><\/p>\n<h4 style=\"text-align: justify;\"><strong>Altesse Nature sans sulfite ajout\u00e9 2021<\/strong><\/h4>\n<p style=\"text-align: justify;\">Belle intensit\u00e9 du bouquet qui r\u00e9v\u00e8le, outre des notes min\u00e9rales, des nuances truff\u00e9es, une touche de sous-bois ainsi qu&rsquo;un c\u00f4t\u00e9 tropical au travers de notes de mangues. Vif et friand en attaque, le vin est lin\u00e9aire et bien port\u00e9 par sa structure. Il est sapide, a du caract\u00e8re et dispose d\u2019une belle persistance aromatique. Maintenant &#8211; 2028 <strong>92\/100<\/strong><\/p>\n<h4 style=\"text-align: justify;\"><strong>Servagnin 2022<\/strong><\/h4>\n<p style=\"text-align: justify;\">Le Servagnin est un Pinot Noir issu exclusivement de l&rsquo;appellation de Morges. Le bouquet est bien inspir\u00e9 du c\u00e9page avec des notes de griottes et une touche \u00e9pic\u00e9e. De bonne densit\u00e9, le vin peut se targuer de sa structure qui offre muscle et largeur. Les tannins, parfaitement int\u00e9gr\u00e9s, assurent une belle assise tandis que la structure se charge de la persistance aromatique de la finale. Un vin qui a du caract\u00e8re et de l&rsquo;\u00e9l\u00e9gance ! 2025-2037 <strong>91\/100<\/strong><\/p>\n<p style=\"text-align: justify;\"><strong>\u00a0<\/strong><strong>Les Lugrines Grand Cru Pinot Noir 2022<\/strong><\/p>\n<p style=\"text-align: justify;\">Ce vin parcellaire, issu \u00e0 100 % de Pinot Noir, provient de la parcelle Les Lugrines. Le bouquet r\u00e9v\u00e8le le c\u00f4t\u00e9 vari\u00e9tal du c\u00e9page, avec des notes de cerises, et le c\u00f4t\u00e9 solaire du mill\u00e9sime ! Une belle symbiose entre \u00e9panouissement et fra\u00eecheur. Le vin garde cette logique en bouche. Il profite de la structure, respectivement d&rsquo;une agr\u00e9able fra\u00eecheur et de tannins compacts assurant bien les arri\u00e8res. Un vin go\u00fbteux qui m\u00e9rite un peu d&rsquo;\u00e9panouissement. 2025-2037 <strong>91\/100<\/strong><\/p>\n<h4 style=\"text-align: justify;\"><strong>Champanel Grand Cru Pinot Noir 2022<\/strong><\/h4>\n<p style=\"text-align: justify;\">Ce Pinot Noir r\u00e9v\u00e8le des nuances bois\u00e9es, mais ce sont rapidement les notes \u00e9pic\u00e9es et fruit\u00e9es qui prennent le dessus. De type \u00e9lanc\u00e9, et ce n&rsquo;\u00e9tait pas gagn\u00e9 d&rsquo;avance en 2022, le vin se distingue par son authenticit\u00e9, par son aptitude \u00e0 valoriser sa nature, son c\u00e9page. Il est friand, salivant, je dirais m\u00eame d\u00e9salt\u00e9rant, mais il a quand-m\u00eame du muscle. A savourer tranquillement ! 2025-2038 <strong>92\/100<\/strong><\/p>\n<h4 style=\"text-align: justify;\"><strong>Raissennaz Grand Cru Pinot Noir 2022<\/strong><\/h4>\n<p style=\"text-align: justify;\">Fruit et fra\u00eecheur sont le leitmotiv de ce vin avec des notes de baies rouges ! Le vin se caract\u00e9rise par son harmonie, sa lin\u00e9arit\u00e9 et sa structure. Cette derni\u00e8re offre du muscle, tandis que les tannins assurent vigueur et persistance. Un vin qui demande \u00e0 s&rsquo;\u00e9panouir, mais qui ouvre de bien belles perspectives tant sur le plan de la sapidit\u00e9 que de la long\u00e9vit\u00e9. 2025-2038 <strong>91\/100<\/strong><\/p>\n<h4 style=\"text-align: justify;\"><strong>C\u0153ur de Cuv\u00e9e<\/strong><\/h4>\n<p style=\"text-align: justify;\">Ce Chardonnay mousseux a \u00e9t\u00e9 vinifi\u00e9 dans des demi-muids de 500 l. Pas de fermentation malolactique. Que de fruit, de fra\u00eecheur dans ce bouquet. Il est marqu\u00e9 par des nuances de pommes et d&rsquo;abricots ainsi que des notes de p\u00e2te \u00e0 pain. La finesse de bulle est un indicateur du soin apport\u00e9 \u00e0 la prise de mousse. Elle est synonyme de fra\u00eecheur et souligne le c\u00f4t\u00e9 rafra\u00eechissant de ce mousseux. Un vin sapide, savoureux et redemandant ! A d\u00e9couvrir absolument. <strong>93\/100<\/strong><\/p>\n<hr \/>\n<p>Vous souhaitez \u00eatre inform\u00e9 des actualit\u00e9s du monde du vin ? <a href=\"https:\/\/www.yvesbeck.wine\/fr\/?page_id=11798\" target=\"_blank\" rel=\"noopener\">Inscrivez-vous \u00e0 la newsletter de yvesbeck.wine !<\/a><\/p>\n","protected":false},"excerpt":{"rendered":"<p>Domaine Henri Cruchon Grand diversit\u00e9 de c\u00e9pages Commen\u00e7ons peut-\u00eatre par ce qui ne coule pas de sources dans LE Pays du Chasselas ; le domaine cultive un total de 16 c\u00e9pages r\u00e9partis sur plusieurs parchais du vignoble morgien. L&#8217;embl\u00e9matique Raoul Cruchon et sa fille Catherine Cruchon disposent ainsi d&rsquo;une v\u00e9ritable mosa\u00efque amp\u00e9lographique, savamment r\u00e9partie sur [&hellip;]<\/p>\n","protected":false},"author":14,"featured_media":164420,"comment_status":"closed","ping_status":"closed","sticky":false,"template":"","format":"standard","meta":{"_acf_changed":false,"_et_pb_use_builder":"","_et_pb_old_content":"","_et_gb_content_width":"","footnotes":""},"categories":[171],"tags":[],"class_list":["post-164413","post","type-post","status-publish","format-standard","has-post-thumbnail","hentry","category-suisse"],"acf":[],"yoast_head":"<!-- This site is optimized with the Yoast SEO plugin v26.9 - https:\/\/yoast.com\/product\/yoast-seo-wordpress\/ -->\n<title>Domaine Henri Cruchon - Fusion de traditions et de visions - Yves Beck<\/title>\n<meta name=\"description\" content=\"Cr\u00e9\u00e9 en 1976 par Henri Cruchon, le domaine sis \u00e0 Echichens a su cr\u00e9er le le lien entre traditions et modernit\u00e9. yvesbeck.wine vous en parle\" \/>\n<meta name=\"robots\" content=\"index, follow, max-snippet:-1, max-image-preview:large, max-video-preview:-1\" \/>\n<link rel=\"canonical\" href=\"https:\/\/www.yvesbeck.wine\/fr\/domaine-henri-cruchon-fusion-de-traditions-et-de-visions\/\" \/>\n<meta property=\"og:locale\" content=\"fr_FR\" \/>\n<meta property=\"og:type\" content=\"article\" \/>\n<meta property=\"og:title\" content=\"Domaine Henri Cruchon - Fusion de traditions et de visions - Yves Beck\" \/>\n<meta property=\"og:description\" content=\"Cr\u00e9\u00e9 en 1976 par Henri Cruchon, le domaine sis \u00e0 Echichens a su cr\u00e9er le le lien entre traditions et modernit\u00e9. yvesbeck.wine vous en parle\" \/>\n<meta property=\"og:url\" content=\"https:\/\/www.yvesbeck.wine\/fr\/domaine-henri-cruchon-fusion-de-traditions-et-de-visions\/\" \/>\n<meta property=\"og:site_name\" content=\"Yves Beck\" \/>\n<meta property=\"article:publisher\" content=\"https:\/\/www.facebook.com\/beckustator\" \/>\n<meta property=\"article:author\" content=\"https:\/\/www.facebook.com\/beckustator\" \/>\n<meta property=\"article:published_time\" content=\"2026-01-04T07:42:37+00:00\" \/>\n<meta property=\"article:modified_time\" content=\"2026-01-04T13:07:10+00:00\" \/>\n<meta property=\"og:image\" content=\"https:\/\/www.yvesbeck.wine\/wp-content\/uploads\/2025\/03\/Henri-Cruchon-Vignes-et-moutons-yvesbeck.wine_-scaled.jpg\" \/>\n\t<meta property=\"og:image:width\" content=\"2560\" \/>\n\t<meta property=\"og:image:height\" content=\"1752\" \/>\n\t<meta property=\"og:image:type\" content=\"image\/jpeg\" \/>\n<meta name=\"author\" content=\"Yves Beck\" \/>\n<meta name=\"twitter:card\" content=\"summary_large_image\" \/>\n<meta name=\"twitter:creator\" content=\"@beckustator\" \/>\n<meta name=\"twitter:site\" content=\"@beckustator\" \/>\n<meta name=\"twitter:label1\" content=\"\u00c9crit par\" \/>\n\t<meta name=\"twitter:data1\" content=\"Yves Beck\" \/>\n\t<meta name=\"twitter:label2\" content=\"Dur\u00e9e de lecture estim\u00e9e\" \/>\n\t<meta name=\"twitter:data2\" content=\"14 minutes\" \/>\n<script type=\"application\/ld+json\" class=\"yoast-schema-graph\">{\"@context\":\"https:\/\/schema.org\",\"@graph\":[{\"@type\":\"Article\",\"@id\":\"https:\/\/www.yvesbeck.wine\/fr\/domaine-henri-cruchon-fusion-de-traditions-et-de-visions\/#article\",\"isPartOf\":{\"@id\":\"https:\/\/www.yvesbeck.wine\/fr\/domaine-henri-cruchon-fusion-de-traditions-et-de-visions\/\"},\"author\":{\"name\":\"Yves Beck\",\"@id\":\"https:\/\/www.yvesbeck.wine\/#\/schema\/person\/33cc92b5916fa8e634fe59f0121a0cad\"},\"headline\":\"Domaine Henri Cruchon &#8211; Fusion de traditions et de visions\",\"datePublished\":\"2026-01-04T07:42:37+00:00\",\"dateModified\":\"2026-01-04T13:07:10+00:00\",\"mainEntityOfPage\":{\"@id\":\"https:\/\/www.yvesbeck.wine\/fr\/domaine-henri-cruchon-fusion-de-traditions-et-de-visions\/\"},\"wordCount\":2726,\"publisher\":{\"@id\":\"https:\/\/www.yvesbeck.wine\/#organization\"},\"image\":{\"@id\":\"https:\/\/www.yvesbeck.wine\/fr\/domaine-henri-cruchon-fusion-de-traditions-et-de-visions\/#primaryimage\"},\"thumbnailUrl\":\"https:\/\/www.yvesbeck.wine\/wp-content\/uploads\/2025\/03\/Henri-Cruchon-Vignes-et-moutons-yvesbeck.wine_-scaled.jpg\",\"articleSection\":[\"Suisse\"],\"inLanguage\":\"fr-FR\"},{\"@type\":\"WebPage\",\"@id\":\"https:\/\/www.yvesbeck.wine\/fr\/domaine-henri-cruchon-fusion-de-traditions-et-de-visions\/\",\"url\":\"https:\/\/www.yvesbeck.wine\/fr\/domaine-henri-cruchon-fusion-de-traditions-et-de-visions\/\",\"name\":\"Domaine Henri Cruchon - Fusion de traditions et de visions - Yves Beck\",\"isPartOf\":{\"@id\":\"https:\/\/www.yvesbeck.wine\/#website\"},\"primaryImageOfPage\":{\"@id\":\"https:\/\/www.yvesbeck.wine\/fr\/domaine-henri-cruchon-fusion-de-traditions-et-de-visions\/#primaryimage\"},\"image\":{\"@id\":\"https:\/\/www.yvesbeck.wine\/fr\/domaine-henri-cruchon-fusion-de-traditions-et-de-visions\/#primaryimage\"},\"thumbnailUrl\":\"https:\/\/www.yvesbeck.wine\/wp-content\/uploads\/2025\/03\/Henri-Cruchon-Vignes-et-moutons-yvesbeck.wine_-scaled.jpg\",\"datePublished\":\"2026-01-04T07:42:37+00:00\",\"dateModified\":\"2026-01-04T13:07:10+00:00\",\"description\":\"Cr\u00e9\u00e9 en 1976 par Henri Cruchon, le domaine sis \u00e0 Echichens a su cr\u00e9er le le lien entre traditions et modernit\u00e9. yvesbeck.wine vous en parle\",\"breadcrumb\":{\"@id\":\"https:\/\/www.yvesbeck.wine\/fr\/domaine-henri-cruchon-fusion-de-traditions-et-de-visions\/#breadcrumb\"},\"inLanguage\":\"fr-FR\",\"potentialAction\":[{\"@type\":\"ReadAction\",\"target\":[\"https:\/\/www.yvesbeck.wine\/fr\/domaine-henri-cruchon-fusion-de-traditions-et-de-visions\/\"]}]},{\"@type\":\"ImageObject\",\"inLanguage\":\"fr-FR\",\"@id\":\"https:\/\/www.yvesbeck.wine\/fr\/domaine-henri-cruchon-fusion-de-traditions-et-de-visions\/#primaryimage\",\"url\":\"https:\/\/www.yvesbeck.wine\/wp-content\/uploads\/2025\/03\/Henri-Cruchon-Vignes-et-moutons-yvesbeck.wine_-scaled.jpg\",\"contentUrl\":\"https:\/\/www.yvesbeck.wine\/wp-content\/uploads\/2025\/03\/Henri-Cruchon-Vignes-et-moutons-yvesbeck.wine_-scaled.jpg\",\"width\":2560,\"height\":1752,\"caption\":\"Domaine Henri Cruchon - Vignes - yvesbeck.wine\"},{\"@type\":\"BreadcrumbList\",\"@id\":\"https:\/\/www.yvesbeck.wine\/fr\/domaine-henri-cruchon-fusion-de-traditions-et-de-visions\/#breadcrumb\",\"itemListElement\":[{\"@type\":\"ListItem\",\"position\":1,\"name\":\"Startseite\",\"item\":\"https:\/\/www.yvesbeck.wine\/fr\/\"},{\"@type\":\"ListItem\",\"position\":2,\"name\":\"Domaine Henri Cruchon &#8211; Fusion de traditions et de visions\"}]},{\"@type\":\"WebSite\",\"@id\":\"https:\/\/www.yvesbeck.wine\/#website\",\"url\":\"https:\/\/www.yvesbeck.wine\/\",\"name\":\"Yves Beck\",\"description\":\"Beckustator\",\"publisher\":{\"@id\":\"https:\/\/www.yvesbeck.wine\/#organization\"},\"potentialAction\":[{\"@type\":\"SearchAction\",\"target\":{\"@type\":\"EntryPoint\",\"urlTemplate\":\"https:\/\/www.yvesbeck.wine\/?s={search_term_string}\"},\"query-input\":{\"@type\":\"PropertyValueSpecification\",\"valueRequired\":true,\"valueName\":\"search_term_string\"}}],\"inLanguage\":\"fr-FR\"},{\"@type\":\"Organization\",\"@id\":\"https:\/\/www.yvesbeck.wine\/#organization\",\"name\":\"yvesbeck.wine\",\"url\":\"https:\/\/www.yvesbeck.wine\/\",\"logo\":{\"@type\":\"ImageObject\",\"inLanguage\":\"fr-FR\",\"@id\":\"https:\/\/www.yvesbeck.wine\/#\/schema\/logo\/image\/\",\"url\":\"https:\/\/www.yvesbeck.wine\/wp-content\/uploads\/frontend\/2016\/07\/20160722-Logo-Sidebar.png\",\"contentUrl\":\"https:\/\/www.yvesbeck.wine\/wp-content\/uploads\/frontend\/2016\/07\/20160722-Logo-Sidebar.png\",\"width\":376,\"height\":200,\"caption\":\"yvesbeck.wine\"},\"image\":{\"@id\":\"https:\/\/www.yvesbeck.wine\/#\/schema\/logo\/image\/\"},\"sameAs\":[\"https:\/\/www.facebook.com\/beckustator\",\"https:\/\/x.com\/beckustator\",\"https:\/\/www.instagram.com\/beckustator\",\"https:\/\/www.linkedin.com\/in\/yvesbeck\/\"]},{\"@type\":\"Person\",\"@id\":\"https:\/\/www.yvesbeck.wine\/#\/schema\/person\/33cc92b5916fa8e634fe59f0121a0cad\",\"name\":\"Yves Beck\",\"sameAs\":[\"https:\/\/www.yvesbeck.wine\",\"https:\/\/www.facebook.com\/beckustator\",\"https:\/\/www.instagram.com\/beckustator\",\"https:\/\/www.linkedin\/in\/yvesbeck\"],\"url\":\"https:\/\/www.yvesbeck.wine\/fr\/author\/ddb68\/\"}]}<\/script>\n<!-- \/ Yoast SEO plugin. -->","yoast_head_json":{"title":"Domaine Henri Cruchon - Fusion de traditions et de visions - Yves Beck","description":"Cr\u00e9\u00e9 en 1976 par Henri Cruchon, le domaine sis \u00e0 Echichens a su cr\u00e9er le le lien entre traditions et modernit\u00e9. yvesbeck.wine vous en parle","robots":{"index":"index","follow":"follow","max-snippet":"max-snippet:-1","max-image-preview":"max-image-preview:large","max-video-preview":"max-video-preview:-1"},"canonical":"https:\/\/www.yvesbeck.wine\/fr\/domaine-henri-cruchon-fusion-de-traditions-et-de-visions\/","og_locale":"fr_FR","og_type":"article","og_title":"Domaine Henri Cruchon - Fusion de traditions et de visions - Yves Beck","og_description":"Cr\u00e9\u00e9 en 1976 par Henri Cruchon, le domaine sis \u00e0 Echichens a su cr\u00e9er le le lien entre traditions et modernit\u00e9. yvesbeck.wine vous en parle","og_url":"https:\/\/www.yvesbeck.wine\/fr\/domaine-henri-cruchon-fusion-de-traditions-et-de-visions\/","og_site_name":"Yves Beck","article_publisher":"https:\/\/www.facebook.com\/beckustator","article_author":"https:\/\/www.facebook.com\/beckustator","article_published_time":"2026-01-04T07:42:37+00:00","article_modified_time":"2026-01-04T13:07:10+00:00","og_image":[{"width":2560,"height":1752,"url":"https:\/\/www.yvesbeck.wine\/wp-content\/uploads\/2025\/03\/Henri-Cruchon-Vignes-et-moutons-yvesbeck.wine_-scaled.jpg","type":"image\/jpeg"}],"author":"Yves Beck","twitter_card":"summary_large_image","twitter_creator":"@beckustator","twitter_site":"@beckustator","twitter_misc":{"\u00c9crit par":"Yves Beck","Dur\u00e9e de lecture estim\u00e9e":"14 minutes"},"schema":{"@context":"https:\/\/schema.org","@graph":[{"@type":"Article","@id":"https:\/\/www.yvesbeck.wine\/fr\/domaine-henri-cruchon-fusion-de-traditions-et-de-visions\/#article","isPartOf":{"@id":"https:\/\/www.yvesbeck.wine\/fr\/domaine-henri-cruchon-fusion-de-traditions-et-de-visions\/"},"author":{"name":"Yves Beck","@id":"https:\/\/www.yvesbeck.wine\/#\/schema\/person\/33cc92b5916fa8e634fe59f0121a0cad"},"headline":"Domaine Henri Cruchon &#8211; Fusion de traditions et de visions","datePublished":"2026-01-04T07:42:37+00:00","dateModified":"2026-01-04T13:07:10+00:00","mainEntityOfPage":{"@id":"https:\/\/www.yvesbeck.wine\/fr\/domaine-henri-cruchon-fusion-de-traditions-et-de-visions\/"},"wordCount":2726,"publisher":{"@id":"https:\/\/www.yvesbeck.wine\/#organization"},"image":{"@id":"https:\/\/www.yvesbeck.wine\/fr\/domaine-henri-cruchon-fusion-de-traditions-et-de-visions\/#primaryimage"},"thumbnailUrl":"https:\/\/www.yvesbeck.wine\/wp-content\/uploads\/2025\/03\/Henri-Cruchon-Vignes-et-moutons-yvesbeck.wine_-scaled.jpg","articleSection":["Suisse"],"inLanguage":"fr-FR"},{"@type":"WebPage","@id":"https:\/\/www.yvesbeck.wine\/fr\/domaine-henri-cruchon-fusion-de-traditions-et-de-visions\/","url":"https:\/\/www.yvesbeck.wine\/fr\/domaine-henri-cruchon-fusion-de-traditions-et-de-visions\/","name":"Domaine Henri Cruchon - Fusion de traditions et de visions - Yves Beck","isPartOf":{"@id":"https:\/\/www.yvesbeck.wine\/#website"},"primaryImageOfPage":{"@id":"https:\/\/www.yvesbeck.wine\/fr\/domaine-henri-cruchon-fusion-de-traditions-et-de-visions\/#primaryimage"},"image":{"@id":"https:\/\/www.yvesbeck.wine\/fr\/domaine-henri-cruchon-fusion-de-traditions-et-de-visions\/#primaryimage"},"thumbnailUrl":"https:\/\/www.yvesbeck.wine\/wp-content\/uploads\/2025\/03\/Henri-Cruchon-Vignes-et-moutons-yvesbeck.wine_-scaled.jpg","datePublished":"2026-01-04T07:42:37+00:00","dateModified":"2026-01-04T13:07:10+00:00","description":"Cr\u00e9\u00e9 en 1976 par Henri Cruchon, le domaine sis \u00e0 Echichens a su cr\u00e9er le le lien entre traditions et modernit\u00e9. yvesbeck.wine vous en parle","breadcrumb":{"@id":"https:\/\/www.yvesbeck.wine\/fr\/domaine-henri-cruchon-fusion-de-traditions-et-de-visions\/#breadcrumb"},"inLanguage":"fr-FR","potentialAction":[{"@type":"ReadAction","target":["https:\/\/www.yvesbeck.wine\/fr\/domaine-henri-cruchon-fusion-de-traditions-et-de-visions\/"]}]},{"@type":"ImageObject","inLanguage":"fr-FR","@id":"https:\/\/www.yvesbeck.wine\/fr\/domaine-henri-cruchon-fusion-de-traditions-et-de-visions\/#primaryimage","url":"https:\/\/www.yvesbeck.wine\/wp-content\/uploads\/2025\/03\/Henri-Cruchon-Vignes-et-moutons-yvesbeck.wine_-scaled.jpg","contentUrl":"https:\/\/www.yvesbeck.wine\/wp-content\/uploads\/2025\/03\/Henri-Cruchon-Vignes-et-moutons-yvesbeck.wine_-scaled.jpg","width":2560,"height":1752,"caption":"Domaine Henri Cruchon - Vignes - yvesbeck.wine"},{"@type":"BreadcrumbList","@id":"https:\/\/www.yvesbeck.wine\/fr\/domaine-henri-cruchon-fusion-de-traditions-et-de-visions\/#breadcrumb","itemListElement":[{"@type":"ListItem","position":1,"name":"Startseite","item":"https:\/\/www.yvesbeck.wine\/fr\/"},{"@type":"ListItem","position":2,"name":"Domaine Henri Cruchon &#8211; Fusion de traditions et de visions"}]},{"@type":"WebSite","@id":"https:\/\/www.yvesbeck.wine\/#website","url":"https:\/\/www.yvesbeck.wine\/","name":"Yves Beck","description":"Beckustator","publisher":{"@id":"https:\/\/www.yvesbeck.wine\/#organization"},"potentialAction":[{"@type":"SearchAction","target":{"@type":"EntryPoint","urlTemplate":"https:\/\/www.yvesbeck.wine\/?s={search_term_string}"},"query-input":{"@type":"PropertyValueSpecification","valueRequired":true,"valueName":"search_term_string"}}],"inLanguage":"fr-FR"},{"@type":"Organization","@id":"https:\/\/www.yvesbeck.wine\/#organization","name":"yvesbeck.wine","url":"https:\/\/www.yvesbeck.wine\/","logo":{"@type":"ImageObject","inLanguage":"fr-FR","@id":"https:\/\/www.yvesbeck.wine\/#\/schema\/logo\/image\/","url":"https:\/\/www.yvesbeck.wine\/wp-content\/uploads\/frontend\/2016\/07\/20160722-Logo-Sidebar.png","contentUrl":"https:\/\/www.yvesbeck.wine\/wp-content\/uploads\/frontend\/2016\/07\/20160722-Logo-Sidebar.png","width":376,"height":200,"caption":"yvesbeck.wine"},"image":{"@id":"https:\/\/www.yvesbeck.wine\/#\/schema\/logo\/image\/"},"sameAs":["https:\/\/www.facebook.com\/beckustator","https:\/\/x.com\/beckustator","https:\/\/www.instagram.com\/beckustator","https:\/\/www.linkedin.com\/in\/yvesbeck\/"]},{"@type":"Person","@id":"https:\/\/www.yvesbeck.wine\/#\/schema\/person\/33cc92b5916fa8e634fe59f0121a0cad","name":"Yves Beck","sameAs":["https:\/\/www.yvesbeck.wine","https:\/\/www.facebook.com\/beckustator","https:\/\/www.instagram.com\/beckustator","https:\/\/www.linkedin\/in\/yvesbeck"],"url":"https:\/\/www.yvesbeck.wine\/fr\/author\/ddb68\/"}]}},"_links":{"self":[{"href":"https:\/\/www.yvesbeck.wine\/fr\/wp-json\/wp\/v2\/posts\/164413","targetHints":{"allow":["GET"]}}],"collection":[{"href":"https:\/\/www.yvesbeck.wine\/fr\/wp-json\/wp\/v2\/posts"}],"about":[{"href":"https:\/\/www.yvesbeck.wine\/fr\/wp-json\/wp\/v2\/types\/post"}],"author":[{"embeddable":true,"href":"https:\/\/www.yvesbeck.wine\/fr\/wp-json\/wp\/v2\/users\/14"}],"replies":[{"embeddable":true,"href":"https:\/\/www.yvesbeck.wine\/fr\/wp-json\/wp\/v2\/comments?post=164413"}],"version-history":[{"count":7,"href":"https:\/\/www.yvesbeck.wine\/fr\/wp-json\/wp\/v2\/posts\/164413\/revisions"}],"predecessor-version":[{"id":376118,"href":"https:\/\/www.yvesbeck.wine\/fr\/wp-json\/wp\/v2\/posts\/164413\/revisions\/376118"}],"wp:featuredmedia":[{"embeddable":true,"href":"https:\/\/www.yvesbeck.wine\/fr\/wp-json\/wp\/v2\/media\/164420"}],"wp:attachment":[{"href":"https:\/\/www.yvesbeck.wine\/fr\/wp-json\/wp\/v2\/media?parent=164413"}],"wp:term":[{"taxonomy":"category","embeddable":true,"href":"https:\/\/www.yvesbeck.wine\/fr\/wp-json\/wp\/v2\/categories?post=164413"},{"taxonomy":"post_tag","embeddable":true,"href":"https:\/\/www.yvesbeck.wine\/fr\/wp-json\/wp\/v2\/tags?post=164413"}],"curies":[{"name":"wp","href":"https:\/\/api.w.org\/{rel}","templated":true}]}}