{"id":164296,"date":"2025-03-09T13:27:54","date_gmt":"2025-03-09T12:27:54","guid":{"rendered":"https:\/\/www.yvesbeck.wine\/?p=164296"},"modified":"2025-08-08T12:32:50","modified_gmt":"2025-08-08T11:32:50","slug":"chateau-beausejour-1945-un-ado-octogenaire","status":"publish","type":"post","link":"https:\/\/www.yvesbeck.wine\/fr\/chateau-beausejour-1945-un-ado-octogenaire\/","title":{"rendered":"Ch\u00e2teau Beaus\u00e9jour 1945 &#8211; Un ado octog\u00e9naire"},"content":{"rendered":"<p style=\"text-align: justify;\"><strong>Ch\u00e2teau Beaus\u00e9jour 1945 &#8211; Jean Fagouet<\/strong><\/p>\n<p style=\"text-align: justify;\">Devenue aujourd&rsquo;hui <a href=\"http:\/\/www.beausejour-becot.com\/\" target=\"_blank\" rel=\"noopener\">Beau-S\u00e9jour B\u00e9cot<\/a>, la propri\u00e9t\u00e9 appartenait au Dr. Jean Fagouet, qui l&rsquo;avait acquise en 1924. Beau-S\u00e9jour a \u00e9t\u00e9 vendu par le Dr. Jean Fagouet \u00e0 Michel B\u00e9cot en 1969.<\/p>\n<hr \/>\n<p style=\"text-align: justify;\">Le Ch\u00e2teau Beaus\u00e9jour a \u00e9t\u00e9 divis\u00e9 en deux entit\u00e9s par le propri\u00e9taire d&rsquo;alors, Pierre-Paulin Ducarpe, en 1869. Les deux parts ont \u00e9t\u00e9 r\u00e9parties entre sa fille, qui maria un membre de la famille Duffau-Lagarosse, et son fils qui h\u00e9rita de la part constituant une partie du Ch\u00e2teau Beau-S\u00e9jour B\u00e9cot d&rsquo;aujourd&rsquo;hui.<\/p>\n<p><img loading=\"lazy\" decoding=\"async\" class=\"wp-image-164299 alignright\" src=\"https:\/\/www.yvesbeck.wine\/wp-content\/uploads\/2025\/03\/Beausejour-1945-Jean-Fagouet-yvesbeck.wine_-300x269.jpg\" alt=\"Beaus\u00e9jour 1945 Jean Fagouet - yvesbeck.wine\" width=\"203\" height=\"182\" srcset=\"https:\/\/www.yvesbeck.wine\/wp-content\/uploads\/2025\/03\/Beausejour-1945-Jean-Fagouet-yvesbeck.wine_-300x269.jpg 300w, https:\/\/www.yvesbeck.wine\/wp-content\/uploads\/2025\/03\/Beausejour-1945-Jean-Fagouet-yvesbeck.wine_-1024x918.jpg 1024w, https:\/\/www.yvesbeck.wine\/wp-content\/uploads\/2025\/03\/Beausejour-1945-Jean-Fagouet-yvesbeck.wine_-150x135.jpg 150w, https:\/\/www.yvesbeck.wine\/wp-content\/uploads\/2025\/03\/Beausejour-1945-Jean-Fagouet-yvesbeck.wine_-768x689.jpg 768w, https:\/\/www.yvesbeck.wine\/wp-content\/uploads\/2025\/03\/Beausejour-1945-Jean-Fagouet-yvesbeck.wine_-1536x1377.jpg 1536w, https:\/\/www.yvesbeck.wine\/wp-content\/uploads\/2025\/03\/Beausejour-1945-Jean-Fagouet-yvesbeck.wine_-700x628.jpg 700w, https:\/\/www.yvesbeck.wine\/wp-content\/uploads\/2025\/03\/Beausejour-1945-Jean-Fagouet-yvesbeck.wine_-600x538.jpg 600w\" sizes=\"(max-width: 203px) 100vw, 203px\" \/><\/p>\n<h4 style=\"text-align: justify;\"><strong>Notes de d\u00e9gustation<\/strong><\/h4>\n<p style=\"text-align: justify;\">Beaus\u00e9jour 1945 est un v\u00e9ritable OVNI qui a survol\u00e9 les d\u00e9cennies sans prendre une ride. Le seul indice pouvant mettre la puce \u00e0 l&rsquo;oreille est sa couleur rouge rubis tirant vers le clair, mais sans indices d&rsquo;\u00e9volution, ce qui est rapidement contrecarr\u00e9 par la fra\u00eecheur olfactive. Ainsi, je me suis surpris \u00e0 estimer l&rsquo;\u00e2ge de ce vin a environ 25 ans. J&rsquo;\u00e9tais \u00e0 peine 55 ans \u00e0 c\u00f4t\u00e9, c&rsquo;est pas grave !<\/p>\n<p style=\"text-align: justify;\">Le bouquet m&rsquo;a pouss\u00e9 vers cette appr\u00e9ciation avec des parfums de menthe, voire d&rsquo;eucalyptus, et de baies rouges. Le palais n&rsquo;a fait que me conforter dans mon approche avec des tannins certes bien int\u00e9gr\u00e9s, mais toujours puissant et porteurs, commun\u00e9ment avec une structure acide autant salivante que juteuse. Un vin d\u00e9stabilisant, surtout lorsque l&rsquo;on r\u00e9alise qu&rsquo;\u00e0 80 ans il est \u00e0 peine sorti de son adolescence. Il a tout pour devenir centenaire. Maintenant &#8211; 2045 <strong>95\/100<\/strong><\/p>\n<hr \/>\n<p>D\u00e9couvrez [wine_note] notes de d\u00e9gustation en souscrivant l&rsquo;<a href=\"https:\/\/www.yvesbeck.wine\/fr\/produkt\/abonnement-prive-yvesbeck-wine\/\">abonnement annuel<\/a> d&rsquo;yvesbeck.wine pour CHF. 98.00<\/p>\n","protected":false},"excerpt":{"rendered":"<p>Ch\u00e2teau Beaus\u00e9jour 1945 &#8211; Jean Fagouet Devenue aujourd&rsquo;hui Beau-S\u00e9jour B\u00e9cot, la propri\u00e9t\u00e9 appartenait au Dr. Jean Fagouet, qui l&rsquo;avait acquise en 1924. Beau-S\u00e9jour a \u00e9t\u00e9 vendu par le Dr. Jean Fagouet \u00e0 Michel B\u00e9cot en 1969. Le Ch\u00e2teau Beaus\u00e9jour a \u00e9t\u00e9 divis\u00e9 en deux entit\u00e9s par le propri\u00e9taire d&rsquo;alors, Pierre-Paulin Ducarpe, en 1869. Les deux [&hellip;]<\/p>\n","protected":false},"author":14,"featured_media":164299,"comment_status":"closed","ping_status":"closed","sticky":false,"template":"","format":"standard","meta":{"_acf_changed":false,"_et_pb_use_builder":"","_et_pb_old_content":"","_et_gb_content_width":"","footnotes":""},"categories":[190],"tags":[],"class_list":["post-164296","post","type-post","status-publish","format-standard","has-post-thumbnail","hentry","category-bordeaux-france"],"acf":[],"yoast_head":"<!-- This site is optimized with the Yoast SEO plugin v26.9 - https:\/\/yoast.com\/product\/yoast-seo-wordpress\/ -->\n<title>Ch\u00e2teau Beaus\u00e9jour 1945 - Un ado octog\u00e9naire - Yves Beck<\/title>\n<meta name=\"description\" content=\"Ch\u00e2teau Beaus\u00e9jour 1945 a impressionn\u00e9 beckustator alias yvesbeck.wine par sa fra\u00eecheur ! D\u00e9couvrez le compte-rendu de Yves Beck\" \/>\n<meta name=\"robots\" content=\"index, follow, max-snippet:-1, max-image-preview:large, max-video-preview:-1\" \/>\n<link rel=\"canonical\" href=\"https:\/\/www.yvesbeck.wine\/fr\/chateau-beausejour-1945-un-ado-octogenaire\/\" \/>\n<meta property=\"og:locale\" content=\"fr_FR\" \/>\n<meta property=\"og:type\" content=\"article\" \/>\n<meta property=\"og:title\" content=\"Ch\u00e2teau Beaus\u00e9jour 1945 - Un ado octog\u00e9naire - Yves Beck\" \/>\n<meta property=\"og:description\" content=\"Ch\u00e2teau Beaus\u00e9jour 1945 a impressionn\u00e9 beckustator alias yvesbeck.wine par sa fra\u00eecheur ! D\u00e9couvrez le compte-rendu de Yves Beck\" \/>\n<meta property=\"og:url\" content=\"https:\/\/www.yvesbeck.wine\/fr\/chateau-beausejour-1945-un-ado-octogenaire\/\" \/>\n<meta property=\"og:site_name\" content=\"Yves Beck\" \/>\n<meta property=\"article:publisher\" content=\"https:\/\/www.facebook.com\/beckustator\" \/>\n<meta property=\"article:author\" content=\"https:\/\/www.facebook.com\/beckustator\" \/>\n<meta property=\"article:published_time\" content=\"2025-03-09T12:27:54+00:00\" \/>\n<meta property=\"article:modified_time\" content=\"2025-08-08T11:32:50+00:00\" \/>\n<meta property=\"og:image\" content=\"https:\/\/www.yvesbeck.wine\/wp-content\/uploads\/2025\/03\/Beausejour-1945-Jean-Fagouet-yvesbeck.wine_-scaled.jpg\" \/>\n\t<meta property=\"og:image:width\" content=\"2560\" \/>\n\t<meta property=\"og:image:height\" content=\"2296\" \/>\n\t<meta property=\"og:image:type\" content=\"image\/jpeg\" \/>\n<meta name=\"author\" content=\"Yves Beck\" \/>\n<meta name=\"twitter:card\" content=\"summary_large_image\" \/>\n<meta name=\"twitter:creator\" content=\"@beckustator\" \/>\n<meta name=\"twitter:site\" content=\"@beckustator\" \/>\n<meta name=\"twitter:label1\" content=\"\u00c9crit par\" \/>\n\t<meta name=\"twitter:data1\" content=\"Yves Beck\" \/>\n\t<meta name=\"twitter:label2\" content=\"Dur\u00e9e de lecture estim\u00e9e\" \/>\n\t<meta name=\"twitter:data2\" content=\"2 minutes\" \/>\n<script type=\"application\/ld+json\" class=\"yoast-schema-graph\">{\"@context\":\"https:\/\/schema.org\",\"@graph\":[{\"@type\":\"Article\",\"@id\":\"https:\/\/www.yvesbeck.wine\/fr\/chateau-beausejour-1945-un-ado-octogenaire\/#article\",\"isPartOf\":{\"@id\":\"https:\/\/www.yvesbeck.wine\/fr\/chateau-beausejour-1945-un-ado-octogenaire\/\"},\"author\":{\"name\":\"Yves Beck\",\"@id\":\"https:\/\/www.yvesbeck.wine\/#\/schema\/person\/33cc92b5916fa8e634fe59f0121a0cad\"},\"headline\":\"Ch\u00e2teau Beaus\u00e9jour 1945 &#8211; Un ado octog\u00e9naire\",\"datePublished\":\"2025-03-09T12:27:54+00:00\",\"dateModified\":\"2025-08-08T11:32:50+00:00\",\"mainEntityOfPage\":{\"@id\":\"https:\/\/www.yvesbeck.wine\/fr\/chateau-beausejour-1945-un-ado-octogenaire\/\"},\"wordCount\":289,\"publisher\":{\"@id\":\"https:\/\/www.yvesbeck.wine\/#organization\"},\"image\":{\"@id\":\"https:\/\/www.yvesbeck.wine\/fr\/chateau-beausejour-1945-un-ado-octogenaire\/#primaryimage\"},\"thumbnailUrl\":\"https:\/\/www.yvesbeck.wine\/wp-content\/uploads\/2025\/03\/Beausejour-1945-Jean-Fagouet-yvesbeck.wine_-scaled.jpg\",\"articleSection\":[\"Bordeaux\"],\"inLanguage\":\"fr-FR\"},{\"@type\":\"WebPage\",\"@id\":\"https:\/\/www.yvesbeck.wine\/fr\/chateau-beausejour-1945-un-ado-octogenaire\/\",\"url\":\"https:\/\/www.yvesbeck.wine\/fr\/chateau-beausejour-1945-un-ado-octogenaire\/\",\"name\":\"Ch\u00e2teau Beaus\u00e9jour 1945 - Un ado octog\u00e9naire - Yves Beck\",\"isPartOf\":{\"@id\":\"https:\/\/www.yvesbeck.wine\/#website\"},\"primaryImageOfPage\":{\"@id\":\"https:\/\/www.yvesbeck.wine\/fr\/chateau-beausejour-1945-un-ado-octogenaire\/#primaryimage\"},\"image\":{\"@id\":\"https:\/\/www.yvesbeck.wine\/fr\/chateau-beausejour-1945-un-ado-octogenaire\/#primaryimage\"},\"thumbnailUrl\":\"https:\/\/www.yvesbeck.wine\/wp-content\/uploads\/2025\/03\/Beausejour-1945-Jean-Fagouet-yvesbeck.wine_-scaled.jpg\",\"datePublished\":\"2025-03-09T12:27:54+00:00\",\"dateModified\":\"2025-08-08T11:32:50+00:00\",\"description\":\"Ch\u00e2teau Beaus\u00e9jour 1945 a impressionn\u00e9 beckustator alias yvesbeck.wine par sa fra\u00eecheur ! D\u00e9couvrez le compte-rendu de Yves Beck\",\"breadcrumb\":{\"@id\":\"https:\/\/www.yvesbeck.wine\/fr\/chateau-beausejour-1945-un-ado-octogenaire\/#breadcrumb\"},\"inLanguage\":\"fr-FR\",\"potentialAction\":[{\"@type\":\"ReadAction\",\"target\":[\"https:\/\/www.yvesbeck.wine\/fr\/chateau-beausejour-1945-un-ado-octogenaire\/\"]}]},{\"@type\":\"ImageObject\",\"inLanguage\":\"fr-FR\",\"@id\":\"https:\/\/www.yvesbeck.wine\/fr\/chateau-beausejour-1945-un-ado-octogenaire\/#primaryimage\",\"url\":\"https:\/\/www.yvesbeck.wine\/wp-content\/uploads\/2025\/03\/Beausejour-1945-Jean-Fagouet-yvesbeck.wine_-scaled.jpg\",\"contentUrl\":\"https:\/\/www.yvesbeck.wine\/wp-content\/uploads\/2025\/03\/Beausejour-1945-Jean-Fagouet-yvesbeck.wine_-scaled.jpg\",\"width\":2560,\"height\":2296,\"caption\":\"Beaus\u00e9jour 1945 Jean Fagouet - yvesbeck.wine\"},{\"@type\":\"BreadcrumbList\",\"@id\":\"https:\/\/www.yvesbeck.wine\/fr\/chateau-beausejour-1945-un-ado-octogenaire\/#breadcrumb\",\"itemListElement\":[{\"@type\":\"ListItem\",\"position\":1,\"name\":\"Startseite\",\"item\":\"https:\/\/www.yvesbeck.wine\/fr\/\"},{\"@type\":\"ListItem\",\"position\":2,\"name\":\"Ch\u00e2teau Beaus\u00e9jour 1945 &#8211; Un ado octog\u00e9naire\"}]},{\"@type\":\"WebSite\",\"@id\":\"https:\/\/www.yvesbeck.wine\/#website\",\"url\":\"https:\/\/www.yvesbeck.wine\/\",\"name\":\"Yves Beck\",\"description\":\"Beckustator\",\"publisher\":{\"@id\":\"https:\/\/www.yvesbeck.wine\/#organization\"},\"potentialAction\":[{\"@type\":\"SearchAction\",\"target\":{\"@type\":\"EntryPoint\",\"urlTemplate\":\"https:\/\/www.yvesbeck.wine\/?s={search_term_string}\"},\"query-input\":{\"@type\":\"PropertyValueSpecification\",\"valueRequired\":true,\"valueName\":\"search_term_string\"}}],\"inLanguage\":\"fr-FR\"},{\"@type\":\"Organization\",\"@id\":\"https:\/\/www.yvesbeck.wine\/#organization\",\"name\":\"yvesbeck.wine\",\"url\":\"https:\/\/www.yvesbeck.wine\/\",\"logo\":{\"@type\":\"ImageObject\",\"inLanguage\":\"fr-FR\",\"@id\":\"https:\/\/www.yvesbeck.wine\/#\/schema\/logo\/image\/\",\"url\":\"https:\/\/www.yvesbeck.wine\/wp-content\/uploads\/frontend\/2016\/07\/20160722-Logo-Sidebar.png\",\"contentUrl\":\"https:\/\/www.yvesbeck.wine\/wp-content\/uploads\/frontend\/2016\/07\/20160722-Logo-Sidebar.png\",\"width\":376,\"height\":200,\"caption\":\"yvesbeck.wine\"},\"image\":{\"@id\":\"https:\/\/www.yvesbeck.wine\/#\/schema\/logo\/image\/\"},\"sameAs\":[\"https:\/\/www.facebook.com\/beckustator\",\"https:\/\/x.com\/beckustator\",\"https:\/\/www.instagram.com\/beckustator\",\"https:\/\/www.linkedin.com\/in\/yvesbeck\/\"]},{\"@type\":\"Person\",\"@id\":\"https:\/\/www.yvesbeck.wine\/#\/schema\/person\/33cc92b5916fa8e634fe59f0121a0cad\",\"name\":\"Yves Beck\",\"sameAs\":[\"https:\/\/www.yvesbeck.wine\",\"https:\/\/www.facebook.com\/beckustator\",\"https:\/\/www.instagram.com\/beckustator\",\"https:\/\/www.linkedin\/in\/yvesbeck\"],\"url\":\"https:\/\/www.yvesbeck.wine\/fr\/author\/ddb68\/\"}]}<\/script>\n<!-- \/ Yoast SEO plugin. -->","yoast_head_json":{"title":"Ch\u00e2teau Beaus\u00e9jour 1945 - Un ado octog\u00e9naire - Yves Beck","description":"Ch\u00e2teau Beaus\u00e9jour 1945 a impressionn\u00e9 beckustator alias yvesbeck.wine par sa fra\u00eecheur ! D\u00e9couvrez le compte-rendu de Yves Beck","robots":{"index":"index","follow":"follow","max-snippet":"max-snippet:-1","max-image-preview":"max-image-preview:large","max-video-preview":"max-video-preview:-1"},"canonical":"https:\/\/www.yvesbeck.wine\/fr\/chateau-beausejour-1945-un-ado-octogenaire\/","og_locale":"fr_FR","og_type":"article","og_title":"Ch\u00e2teau Beaus\u00e9jour 1945 - Un ado octog\u00e9naire - Yves Beck","og_description":"Ch\u00e2teau Beaus\u00e9jour 1945 a impressionn\u00e9 beckustator alias yvesbeck.wine par sa fra\u00eecheur ! D\u00e9couvrez le compte-rendu de Yves Beck","og_url":"https:\/\/www.yvesbeck.wine\/fr\/chateau-beausejour-1945-un-ado-octogenaire\/","og_site_name":"Yves Beck","article_publisher":"https:\/\/www.facebook.com\/beckustator","article_author":"https:\/\/www.facebook.com\/beckustator","article_published_time":"2025-03-09T12:27:54+00:00","article_modified_time":"2025-08-08T11:32:50+00:00","og_image":[{"width":2560,"height":2296,"url":"https:\/\/www.yvesbeck.wine\/wp-content\/uploads\/2025\/03\/Beausejour-1945-Jean-Fagouet-yvesbeck.wine_-scaled.jpg","type":"image\/jpeg"}],"author":"Yves Beck","twitter_card":"summary_large_image","twitter_creator":"@beckustator","twitter_site":"@beckustator","twitter_misc":{"\u00c9crit par":"Yves Beck","Dur\u00e9e de lecture estim\u00e9e":"2 minutes"},"schema":{"@context":"https:\/\/schema.org","@graph":[{"@type":"Article","@id":"https:\/\/www.yvesbeck.wine\/fr\/chateau-beausejour-1945-un-ado-octogenaire\/#article","isPartOf":{"@id":"https:\/\/www.yvesbeck.wine\/fr\/chateau-beausejour-1945-un-ado-octogenaire\/"},"author":{"name":"Yves Beck","@id":"https:\/\/www.yvesbeck.wine\/#\/schema\/person\/33cc92b5916fa8e634fe59f0121a0cad"},"headline":"Ch\u00e2teau Beaus\u00e9jour 1945 &#8211; Un ado octog\u00e9naire","datePublished":"2025-03-09T12:27:54+00:00","dateModified":"2025-08-08T11:32:50+00:00","mainEntityOfPage":{"@id":"https:\/\/www.yvesbeck.wine\/fr\/chateau-beausejour-1945-un-ado-octogenaire\/"},"wordCount":289,"publisher":{"@id":"https:\/\/www.yvesbeck.wine\/#organization"},"image":{"@id":"https:\/\/www.yvesbeck.wine\/fr\/chateau-beausejour-1945-un-ado-octogenaire\/#primaryimage"},"thumbnailUrl":"https:\/\/www.yvesbeck.wine\/wp-content\/uploads\/2025\/03\/Beausejour-1945-Jean-Fagouet-yvesbeck.wine_-scaled.jpg","articleSection":["Bordeaux"],"inLanguage":"fr-FR"},{"@type":"WebPage","@id":"https:\/\/www.yvesbeck.wine\/fr\/chateau-beausejour-1945-un-ado-octogenaire\/","url":"https:\/\/www.yvesbeck.wine\/fr\/chateau-beausejour-1945-un-ado-octogenaire\/","name":"Ch\u00e2teau Beaus\u00e9jour 1945 - Un ado octog\u00e9naire - Yves Beck","isPartOf":{"@id":"https:\/\/www.yvesbeck.wine\/#website"},"primaryImageOfPage":{"@id":"https:\/\/www.yvesbeck.wine\/fr\/chateau-beausejour-1945-un-ado-octogenaire\/#primaryimage"},"image":{"@id":"https:\/\/www.yvesbeck.wine\/fr\/chateau-beausejour-1945-un-ado-octogenaire\/#primaryimage"},"thumbnailUrl":"https:\/\/www.yvesbeck.wine\/wp-content\/uploads\/2025\/03\/Beausejour-1945-Jean-Fagouet-yvesbeck.wine_-scaled.jpg","datePublished":"2025-03-09T12:27:54+00:00","dateModified":"2025-08-08T11:32:50+00:00","description":"Ch\u00e2teau Beaus\u00e9jour 1945 a impressionn\u00e9 beckustator alias yvesbeck.wine par sa fra\u00eecheur ! D\u00e9couvrez le compte-rendu de Yves Beck","breadcrumb":{"@id":"https:\/\/www.yvesbeck.wine\/fr\/chateau-beausejour-1945-un-ado-octogenaire\/#breadcrumb"},"inLanguage":"fr-FR","potentialAction":[{"@type":"ReadAction","target":["https:\/\/www.yvesbeck.wine\/fr\/chateau-beausejour-1945-un-ado-octogenaire\/"]}]},{"@type":"ImageObject","inLanguage":"fr-FR","@id":"https:\/\/www.yvesbeck.wine\/fr\/chateau-beausejour-1945-un-ado-octogenaire\/#primaryimage","url":"https:\/\/www.yvesbeck.wine\/wp-content\/uploads\/2025\/03\/Beausejour-1945-Jean-Fagouet-yvesbeck.wine_-scaled.jpg","contentUrl":"https:\/\/www.yvesbeck.wine\/wp-content\/uploads\/2025\/03\/Beausejour-1945-Jean-Fagouet-yvesbeck.wine_-scaled.jpg","width":2560,"height":2296,"caption":"Beaus\u00e9jour 1945 Jean Fagouet - yvesbeck.wine"},{"@type":"BreadcrumbList","@id":"https:\/\/www.yvesbeck.wine\/fr\/chateau-beausejour-1945-un-ado-octogenaire\/#breadcrumb","itemListElement":[{"@type":"ListItem","position":1,"name":"Startseite","item":"https:\/\/www.yvesbeck.wine\/fr\/"},{"@type":"ListItem","position":2,"name":"Ch\u00e2teau Beaus\u00e9jour 1945 &#8211; Un ado octog\u00e9naire"}]},{"@type":"WebSite","@id":"https:\/\/www.yvesbeck.wine\/#website","url":"https:\/\/www.yvesbeck.wine\/","name":"Yves Beck","description":"Beckustator","publisher":{"@id":"https:\/\/www.yvesbeck.wine\/#organization"},"potentialAction":[{"@type":"SearchAction","target":{"@type":"EntryPoint","urlTemplate":"https:\/\/www.yvesbeck.wine\/?s={search_term_string}"},"query-input":{"@type":"PropertyValueSpecification","valueRequired":true,"valueName":"search_term_string"}}],"inLanguage":"fr-FR"},{"@type":"Organization","@id":"https:\/\/www.yvesbeck.wine\/#organization","name":"yvesbeck.wine","url":"https:\/\/www.yvesbeck.wine\/","logo":{"@type":"ImageObject","inLanguage":"fr-FR","@id":"https:\/\/www.yvesbeck.wine\/#\/schema\/logo\/image\/","url":"https:\/\/www.yvesbeck.wine\/wp-content\/uploads\/frontend\/2016\/07\/20160722-Logo-Sidebar.png","contentUrl":"https:\/\/www.yvesbeck.wine\/wp-content\/uploads\/frontend\/2016\/07\/20160722-Logo-Sidebar.png","width":376,"height":200,"caption":"yvesbeck.wine"},"image":{"@id":"https:\/\/www.yvesbeck.wine\/#\/schema\/logo\/image\/"},"sameAs":["https:\/\/www.facebook.com\/beckustator","https:\/\/x.com\/beckustator","https:\/\/www.instagram.com\/beckustator","https:\/\/www.linkedin.com\/in\/yvesbeck\/"]},{"@type":"Person","@id":"https:\/\/www.yvesbeck.wine\/#\/schema\/person\/33cc92b5916fa8e634fe59f0121a0cad","name":"Yves Beck","sameAs":["https:\/\/www.yvesbeck.wine","https:\/\/www.facebook.com\/beckustator","https:\/\/www.instagram.com\/beckustator","https:\/\/www.linkedin\/in\/yvesbeck"],"url":"https:\/\/www.yvesbeck.wine\/fr\/author\/ddb68\/"}]}},"_links":{"self":[{"href":"https:\/\/www.yvesbeck.wine\/fr\/wp-json\/wp\/v2\/posts\/164296","targetHints":{"allow":["GET"]}}],"collection":[{"href":"https:\/\/www.yvesbeck.wine\/fr\/wp-json\/wp\/v2\/posts"}],"about":[{"href":"https:\/\/www.yvesbeck.wine\/fr\/wp-json\/wp\/v2\/types\/post"}],"author":[{"embeddable":true,"href":"https:\/\/www.yvesbeck.wine\/fr\/wp-json\/wp\/v2\/users\/14"}],"replies":[{"embeddable":true,"href":"https:\/\/www.yvesbeck.wine\/fr\/wp-json\/wp\/v2\/comments?post=164296"}],"version-history":[{"count":5,"href":"https:\/\/www.yvesbeck.wine\/fr\/wp-json\/wp\/v2\/posts\/164296\/revisions"}],"predecessor-version":[{"id":366364,"href":"https:\/\/www.yvesbeck.wine\/fr\/wp-json\/wp\/v2\/posts\/164296\/revisions\/366364"}],"wp:featuredmedia":[{"embeddable":true,"href":"https:\/\/www.yvesbeck.wine\/fr\/wp-json\/wp\/v2\/media\/164299"}],"wp:attachment":[{"href":"https:\/\/www.yvesbeck.wine\/fr\/wp-json\/wp\/v2\/media?parent=164296"}],"wp:term":[{"taxonomy":"category","embeddable":true,"href":"https:\/\/www.yvesbeck.wine\/fr\/wp-json\/wp\/v2\/categories?post=164296"},{"taxonomy":"post_tag","embeddable":true,"href":"https:\/\/www.yvesbeck.wine\/fr\/wp-json\/wp\/v2\/tags?post=164296"}],"curies":[{"name":"wp","href":"https:\/\/api.w.org\/{rel}","templated":true}]}}