{"id":149304,"date":"2024-03-01T09:57:12","date_gmt":"2024-03-01T08:57:12","guid":{"rendered":"https:\/\/www.yvesbeck.wine\/?p=149304"},"modified":"2025-08-12T10:44:19","modified_gmt":"2025-08-12T09:44:19","slug":"chateau-nairac-la-pepite-de-barsac","status":"publish","type":"post","link":"https:\/\/www.yvesbeck.wine\/fr\/chateau-nairac-la-pepite-de-barsac\/","title":{"rendered":"Ch\u00e2teau Nairac &#8211; La P\u00e9pite de Barsac"},"content":{"rendered":"<p style=\"text-align: justify;\"><strong>les amateurs et les passionn\u00e9s le savent : Ch\u00e2teau Nairac fait partie des vins exceptionnels de Barsac et Sauternes !<br \/>\n<\/strong><\/p>\n<h4 style=\"text-align: justify;\"><strong>Retour sur sc\u00e8ne du Ch\u00e2teau Nairac<\/strong><\/h4>\n<p style=\"text-align: justify;\">Cela \u00e9tait bien silencieux du c\u00f4t\u00e9 de cette propri\u00e9t\u00e9 tant r\u00e9put\u00e9e de <a href=\"https:\/\/fr.wikipedia.org\/wiki\/Barsac_(AOC)\" target=\"_blank\" rel=\"noopener\">Barsac<\/a>. Le vin n&rsquo;\u00e9tait plus pr\u00e9sent\u00e9 aux d\u00e9gustations et, il faut l&rsquo;avouer, l&rsquo;on ne fait pas spontan\u00e9ment un d\u00e9tour par Sauternes \/ Barsac&#8230; et pourtant ce ne sont pas les raisons qui manquent !<\/p>\n<h4 style=\"text-align: justify;\"><strong>Fermage de 25 ans et conversion bio<\/strong><\/h4>\n<p style=\"text-align: justify;\">Sans entrer dans les d\u00e9tails relatifs \u00e0 l&rsquo;absence de Ch\u00e2teau Nairac au cours de ces derni\u00e8res ann\u00e9es, la bonne nouvelle vient par la <a href=\"https:\/\/fr.wikipedia.org\/wiki\/Grands_Chais_de_France\" target=\"_blank\" rel=\"noopener\">Famille Helfrich<\/a>, respectivement les <a href=\"https:\/\/www.groupegcf.fr\/\" target=\"_blank\" rel=\"noopener\">Grands Chais de France<\/a> (GCF). En effet, en avril 2022, la famille Tari et les GCF ont conclu un contrat de fermage pour une dur\u00e9e de 25 ans.<\/p>\n<p style=\"text-align: justify;\">&#8211; Cette dur\u00e9e est tout \u00e0 fait normale dans le monde agricole, explique <strong>Jean-Marc Dulong<\/strong>, directeur du <a href=\"https:\/\/www.chateaubastorlamontagne.fr\/fr\/\" target=\"_blank\" rel=\"noopener\">Ch\u00e2teau Bastor-Lamontagne<\/a> et de Ch\u00e2teau Nairac. Il ne manque pas de souligner qu&rsquo;outre d&rsquo;importants travaux \u00e0 la vigne, le domaine a entam\u00e9 sa conversion vers l&rsquo;agriculture biologique.<\/p>\n<h4 style=\"text-align: justify;\"><strong>Historique du Ch\u00e2teau Nairac<\/strong><\/h4>\n<p style=\"text-align: justify;\">Le <a href=\"https:\/\/fr.wikipedia.org\/wiki\/Ch%C3%A2teau_Nairac\" target=\"_blank\" rel=\"noopener\">Ch\u00e2teau Nairac<\/a> se trouve dans le nord de l&rsquo;appellation, au dessus de Barsac. Il est pratiquement situ\u00e9 \u00e0 c\u00f4t\u00e9 de la Garonne (\u00e0 moins de 2km en fait) avec ses brouillards d&rsquo;automne tant essentiels pour d\u00e9velopper le <a href=\"https:\/\/fr.wikipedia.org\/wiki\/Botrytis_cinerea\" target=\"_blank\" rel=\"noopener\">botrytis cinerea<\/a> dans les vignes. Le vignoble a \u00e9t\u00e9 cr\u00e9\u00e9 au milieu du <b>XVIIe si\u00e8cle\u00a0<\/b>par <strong>Andr\u00e9 Duranceau<\/strong>.<\/p>\n<p style=\"text-align: justify;\">Le b\u00e2tisse actuelle f\u00fbt construite en 1786, sous la supervision de l&rsquo;architecte<b> Andr\u00e9 Molli\u00e9, <\/b>collaborateur de Victor Louis pour le Grand Th\u00e9\u00e2tre de Bordeaux.<\/p>\n<p style=\"text-align: justify;\">Apr\u00e8s le d\u00e9c\u00e8s d&rsquo;<strong>\u00c9lis\u00e9e Nairac<\/strong> en 1791, ses filles Henriette (1765-1837) et \u00c9milie (1766-1834) dirigent le domaine jusqu&rsquo;\u00e0 leur mort. En 1837, les h\u00e9ritiers Nairac c\u00e8dent le domaine \u00e0 <strong>Bernard Capdeville<\/strong>, \u00e9galement propri\u00e9taire du <a href=\"https:\/\/www.vignoblesdeterroirs.com\/chateau-broustet\/\" target=\"_blank\" rel=\"noopener\">Ch\u00e2teau Broustet<\/a> situ\u00e9 \u00e0 proximit\u00e9. Les deux vignobles fusionnent sous le nom de Ch\u00e2teau Broustet-Nairac,<b>\u00a0class\u00e9 deuxi\u00e8me cru en 1855<\/b>\u00a0en tant que \u00ab Broustet-Nairac \u00bb.<\/p>\n<p style=\"text-align: justify;\">La division du domaine en deux entit\u00e9s distinctes intervient ensuite : Broustet \u00e0 la fin du XIXe si\u00e8cle et Nairac en 1906, acquis par M. Perpezat, n\u00e9gociant lorrain.<\/p>\n<p style=\"text-align: justify;\">En 1966, le Ch\u00e2teau est vendu \u00e0 un conseiller municipal de Bordeaux, puis revendu en 1971 \u00e0 l&rsquo;am\u00e9ricain <strong>Thomas Heeter<\/strong> et \u00e0 son \u00e9pouse <strong>Nicole Tari<\/strong>, laquelle est la fille du propri\u00e9taire du <a href=\"https:\/\/giscours.com\/fr\/\" target=\"_blank\" rel=\"noopener\">Ch\u00e2teau Giscours<\/a>. Le couple augmente alors la superficie des vignes en achetant 3ha \u00e0 <a href=\"https:\/\/chateau-climens.fr\/\" target=\"_blank\" rel=\"noopener\">Ch\u00e2teau Climens<\/a> pour ainsi atteindre 17ha. Cela correspond \u00e0 la taille actuelle du vignoble<\/p>\n<p style=\"text-align: justify;\">En 1993, Nicolas Tari-Heeter prend la responsabilit\u00e9 de la propri\u00e9t\u00e9 \u00e9paul\u00e9 par Mme Tari-Heeter et par sa s\u0153ur \u00c9lo\u00efse. Depuis Avril 2022, Terres Bordelaises &#8211;\u00a0<b>Famille Helfrich<\/b> est fermier de la propri\u00e9t\u00e9 pour un bail de 25 ans<\/p>\n<hr \/>\n<h4 style=\"text-align: center;\"><strong>Compte-rendu de d\u00e9gustation par <a href=\"https:\/\/www.yvesbeck.wine\/fr\/yves-beck\/\">Yves Beck<\/a><br \/>\n<\/strong><\/h4>\n<p style=\"text-align: justify;\">Vous le constaterez, la barre est fix\u00e9e tr\u00e8s haut&#8230; en particulier si l&rsquo;on s&rsquo;en tient aux mill\u00e9simes 2003 et 2010. Ces vins refl\u00e8tent parfaitement ce qui est possible \u00e0 Nairac. Ce qui \u00e9tait possible, le reste&#8230; surtout \u00e0 la vue des importants travaux de remise en \u00e9tat de la vigne. Les \u00e9quipes techniques de Nairac ont un outil merveilleux entre leurs mains. Reste maintenant \u00e0 prendre connaissance des particularit\u00e9s de ce vignoble exceptionnel. Le 2022, tr\u00e8s prometteur, est d\u00e9j\u00e0 r\u00e9v\u00e9lateur. Et il est probable que le 2023 fasse beaucoup parler&#8230; \u00e0 suivre !<\/p>\n<h4 style=\"text-align: justify;\"><strong>Ch\u00e2teau Nairac 1990<\/strong><\/h4>\n<p style=\"text-align: justify;\">Epanoui, le bouquet r\u00e9v\u00e8le des notes de raisins de Corinthe, des nuances de malt, d\u2019iode et une touche fum\u00e9e. Dense et suave, Nairac 1990 est bien soutenu par une fine amertume, qui \u00e9tire sa finale, tandis que la structure acide assure un peu de tension ; ceci est de bon augure dans le contexte tout de m\u00eame tr\u00e8s charmant de Nairac 1990. On retrouve le c\u00f4t\u00e9 malt\u00e9 en fin de bouche. Un vin \u00e9l\u00e9gant \u00e0 la douceur s\u00e9duisante. Maintenant &#8211; 2028 <strong>93\/100<\/strong><\/p>\n<h4 style=\"text-align: justify;\"><strong>Ch\u00e2teau Nairac 1994<\/strong><\/h4>\n<p style=\"text-align: justify;\">Note de botrytis, respectivement de safran, dans le bouquet du 1994 qui r\u00e9v\u00e8le \u00e9galement des parfums de fruits confits. Fin, \u00e9l\u00e9gant et \u00e9panoui, le vin doit son salut \u00e0 de fins amers qui soutiennent l&rsquo;aromatique et la persistance de la finale. A Terminer <strong>90\/100<\/strong><\/p>\n<h4 style=\"text-align: justify;\"><strong>Ch\u00e2teau Nairac 1995<\/strong><\/h4>\n<p style=\"text-align: justify;\">Tout en \u00e9tant \u00e9panoui, le bouquet de Nairac 1995 est de bonne intensit\u00e9. Il r\u00e9v\u00e8le d&rsquo;invitantes notes d&rsquo;amandes grill\u00e9es, de fruits confits et de citronnelle ainsi qu&rsquo;une touche iod\u00e9e. Le c\u00f4t\u00e9 \u00e9panoui est \u00e9galement perceptible en bouche, mais la structure acide assure une bonne tenue \u00e0 l&rsquo;ensemble du palais. A Terminer <strong>92\/100<\/strong><\/p>\n<h4 style=\"text-align: justify;\"><strong>Ch\u00e2teau Nairac 2001<\/strong><\/h4>\n<p style=\"text-align: justify;\">C&rsquo;est la 3\u00e8me fois que je d\u00e9guste le 2001 de Nairac. Le vin fait son bonhomme de chemin et souligne, \u00e0 chaque fois, qu&rsquo;il est non seulement d\u00e9licieux, mais apte \u00e0 \u00e9voluer pour quelques d\u00e9cennies suppl\u00e9mentaires. Le bouquet, tr\u00e8s invitant, r\u00e9v\u00e8le des notes de raisins de Corinthe, de cr\u00e8me br\u00fbl\u00e9e, de nougat et de citronnelle. Donc de la maturit\u00e9 et de la fra\u00eecheur ! Dense et puissant le vin a de l&rsquo;\u00e9clat et beaucoup de longueur. Notes de bonbons aux herbes (Ricola, \u00e9videmment) en finale. Grand r\u00e9ussite. Maintenant &#8211; 2056 <strong>97\/100<\/strong><\/p>\n<h4 style=\"text-align: justify;\"><strong>Ch\u00e2teau Nairac 2002<\/strong><\/h4>\n<p style=\"text-align: justify;\">Que de finesse et de subtilit\u00e9 dans le bouquet de ce 2002 avec des parfums de th\u00e9 vert et de fleurs d&rsquo;acacia compl\u00e9t\u00e9s par d&rsquo;invitantes notes de meringues ! En bouche le vin se distingue par son ampleur, sa densit\u00e9. Il est cr\u00e9meux, suave, mais \u00e9galement vif, ce qui souligne sa fra\u00eecheur, apr\u00e8s plus de 20 ans ! Un vin charmant, dense et \u00e9quilibr\u00e9. Maintenant &#8211; 2053 <strong>97\/100<\/strong><\/p>\n<h4 style=\"text-align: justify;\"><strong>Ch\u00e2teau Nairac 2003<\/strong><\/h4>\n<p style=\"text-align: justify;\">Ce 2003 fait ind\u00e9niablement partie des plus grandes r\u00e9ussites du mill\u00e9sime ! Il se distingue par ses paradoxes, \u00e0 l&rsquo;image de ce mill\u00e9sime tr\u00e8s chaud. Ainsi, le bouquet affiche de l&rsquo;\u00e9panouissement et de la fra\u00eecheur. Il est complexe, charmant et r\u00e9v\u00e8le des nuances crayeuses et fum\u00e9es puis des parfums d&rsquo;abricots et de th\u00e9 vert. Dense et puissant, Nairac 2003 est en pleine forme. Il cumule profondeur, puissance, vivacit\u00e9 et amertume. Un vin multidimensionnel \u00e0 la finale interminablement persistante\u2026 il a de quoi s&rsquo;inscrire au palmar\u00e8s des l\u00e9gendes de Barsac ! Maintenant &#8211; 2060 <strong>100\/100<\/strong><\/p>\n<h4 style=\"text-align: justify;\"><strong>Ch\u00e2teau Nairac 2004<\/strong><\/h4>\n<p style=\"text-align: justify;\">Magnifique bouquet aux nuances paradoxales, entendez par-l\u00e0, fra\u00eecheur et maturit\u00e9 ou intensit\u00e9 et subtilit\u00e9 ! Notes iod\u00e9es, parfums de fruits confits, de prunes, d&rsquo;amandes grill\u00e9es, de th\u00e9 vert et de camomille. Caract\u00e8re dense et suave en bouche. La finale, litt\u00e9ralement pl\u00e9biscit\u00e9e par de fins amers, est d&rsquo;une exceptionnelle longueur. Une grande r\u00e9ussite ! Maintenant &#8211; 2043 <strong>96\/100<\/strong><\/p>\n<h4 style=\"text-align: justify;\"><strong>Ch\u00e2teau Nairac 2009<\/strong><\/h4>\n<p style=\"text-align: justify;\">La d\u00e9licatesse et la finesse r\u00e9sument \u00e0 elles-seules les caract\u00e9ristiques du bouquet. Invitantes nuances de coings et de mirabelles compl\u00e9t\u00e9es par une touche de noisettes. Caract\u00e8re dense et suave en bouche. Gr\u00e2ce \u00e0 la fra\u00eecheur, conf\u00e9r\u00e9e par la structure acide, le vin est \u00e9quilibr\u00e9. Belle symbiose entre puissance, charme et vivacit\u00e9. Un Nairac exceptionnel\u2026 un de plus ! Maintenant &#8211; 2054 <strong>98\/100<\/strong><\/p>\n<h4 style=\"text-align: justify;\"><strong>Ch\u00e2teau Nairac 2010<\/strong><\/h4>\n<p style=\"text-align: justify;\">Quel privil\u00e8ge et quel plaisir de d\u00e9guster Nairac 2010 une deuxi\u00e8me fois en l&rsquo;espace de six mois. Ce vin fait simplement partie des plus grandes r\u00e9ussites de la propri\u00e9t\u00e9\u2026 et de Sauternes sur ce mill\u00e9sime. Quelle s\u00e9r\u00e9nit\u00e9, quelle jeunesse. Je sais bien que c&rsquo;est ringard de dire cela, mais ce vin est trop jeune !! Sa richesse et sa pl\u00e9nitude olfactives sont n\u00e9anmoins tellement tentantes\u2026 donc on le go\u00fbte et on a bien raison ! Tout est \u00e0 point ; la salinit\u00e9, la douceur, l&rsquo;amertume, la densit\u00e9, la profondeur et la longueur. Un vin impressionnant qui saura d\u00e9fier de nombreuses d\u00e9cennies. Et comme je le trouve encore meilleur qu&rsquo;en mars 2023\u2026 je lui donne un point de plus ! Le compte est bon \ud83d\ude42 2025-2080 <strong>100\/100<\/strong><\/p>\n<h4 style=\"text-align: justify;\"><strong>Ch\u00e2teau Nairac 2016<\/strong><\/h4>\n<p style=\"text-align: justify;\">Le bouquet est marqu\u00e9 par l&rsquo;\u00e9levage avec des notes de caramel et de vanille compl\u00e9t\u00e9es par une touche zeste d&rsquo;oranges, donc de la fra\u00eecheur ! Bonne densit\u00e9 en bouche o\u00f9 le vin a du gras ainsi qu&rsquo;une belle intensit\u00e9 aromatique, de l&rsquo;attaque jusqu&rsquo;\u00e0 la finale. Un vin que l&rsquo;on peut commencer d&rsquo;appr\u00e9cier. Maintenant &#8211; 2036 <strong>92\/100<\/strong><\/p>\n<h4 style=\"text-align: justify;\"><strong>Ch\u00e2teau Nairac 2017<\/strong><\/h4>\n<p style=\"text-align: justify;\">Complexe, le bouquet de Nairac 2017 affiche moult facettes en cumulant des notes fra\u00eeches et confites. Ainsi, il r\u00e9v\u00e8le des parfums d&rsquo;\u00e9corce d&rsquo;agrumes, de coings et de poivre blanc puis des nuances confites. Dense et cr\u00e9meux, le vin est bien tenu par sa structure acide. Un Nairac puissant \u00e0 la finale vive et persistante. Saveurs de p\u00e2te d&rsquo;amandes en fin de bouche. Maintenant &#8211; 2042 <strong>94\/100<\/strong><\/p>\n<h4 style=\"text-align: justify;\"><strong>Ch\u00e2teau Nairac 2022<\/strong><\/h4>\n<p style=\"text-align: justify;\">Le bouquet du 2022 se caract\u00e9rise par son c\u00f4t\u00e9 tropical avec des notes de bananes puis de la fra\u00eecheur. C&rsquo;est en bouche que les choses se passent. Le vin se dessine lentement. Il a de la densit\u00e9, du tonus et des amertumes bien g\u00e9r\u00e9es qui pl\u00e9biscitent l&rsquo;intensit\u00e9 aromatique et \u00e9tirent la finale tout au laissant le soin \u00e0 la douceur de prendre le dessus. Nairac est de retour. Enfin !! 2027-2050 <strong>94-95\/100<\/strong><\/p>\n","protected":false},"excerpt":{"rendered":"<p>les amateurs et les passionn\u00e9s le savent : Ch\u00e2teau Nairac fait partie des vins exceptionnels de Barsac et Sauternes ! Retour sur sc\u00e8ne du Ch\u00e2teau Nairac Cela \u00e9tait bien silencieux du c\u00f4t\u00e9 de cette propri\u00e9t\u00e9 tant r\u00e9put\u00e9e de Barsac. Le vin n&rsquo;\u00e9tait plus pr\u00e9sent\u00e9 aux d\u00e9gustations et, il faut l&rsquo;avouer, l&rsquo;on ne fait pas spontan\u00e9ment [&hellip;]<\/p>\n","protected":false},"author":14,"featured_media":163293,"comment_status":"closed","ping_status":"closed","sticky":false,"template":"","format":"standard","meta":{"_acf_changed":false,"_et_pb_use_builder":"","_et_pb_old_content":"","_et_gb_content_width":"","footnotes":""},"categories":[190],"tags":[13904,8723,13915],"class_list":["post-149304","post","type-post","status-publish","format-standard","has-post-thumbnail","hentry","category-bordeaux-france","tag-barsac","tag-bordeaux-fr","tag-nairac-fr"],"acf":[],"yoast_head":"<!-- This site is optimized with the Yoast SEO plugin v26.9 - https:\/\/yoast.com\/product\/yoast-seo-wordpress\/ -->\n<title>Ch\u00e2teau Nairac - La P\u00e9pite de Barsac - Yves Beck<\/title>\n<meta name=\"description\" content=\"Les vins de Nairac avaient disparu des \u00e9crans radar ! Peu pr\u00e9sents lors de d\u00e9gustation, le retour sur sc\u00e8ne de ce joyau est r\u00e9jouissant.\" \/>\n<meta name=\"robots\" content=\"index, follow, max-snippet:-1, max-image-preview:large, max-video-preview:-1\" \/>\n<link rel=\"canonical\" href=\"https:\/\/www.yvesbeck.wine\/fr\/chateau-nairac-la-pepite-de-barsac\/\" \/>\n<meta property=\"og:locale\" content=\"fr_FR\" \/>\n<meta property=\"og:type\" content=\"article\" \/>\n<meta property=\"og:title\" content=\"Ch\u00e2teau Nairac - La P\u00e9pite de Barsac - Yves Beck\" \/>\n<meta property=\"og:description\" content=\"Les vins de Nairac avaient disparu des \u00e9crans radar ! Peu pr\u00e9sents lors de d\u00e9gustation, le retour sur sc\u00e8ne de ce joyau est r\u00e9jouissant.\" \/>\n<meta property=\"og:url\" content=\"https:\/\/www.yvesbeck.wine\/fr\/chateau-nairac-la-pepite-de-barsac\/\" \/>\n<meta property=\"og:site_name\" content=\"Yves Beck\" \/>\n<meta property=\"article:publisher\" content=\"https:\/\/www.facebook.com\/beckustator\" \/>\n<meta property=\"article:author\" content=\"https:\/\/www.facebook.com\/beckustator\" \/>\n<meta property=\"article:published_time\" content=\"2024-03-01T08:57:12+00:00\" \/>\n<meta property=\"article:modified_time\" content=\"2025-08-12T09:44:19+00:00\" \/>\n<meta property=\"og:image\" content=\"https:\/\/www.yvesbeck.wine\/wp-content\/uploads\/2024\/03\/Chateau-Nairac-Barsac-yvesbeck.wine_-1.png\" \/>\n\t<meta property=\"og:image:width\" content=\"1003\" \/>\n\t<meta property=\"og:image:height\" content=\"715\" \/>\n\t<meta property=\"og:image:type\" content=\"image\/png\" \/>\n<meta name=\"author\" content=\"Yves Beck\" \/>\n<meta name=\"twitter:card\" content=\"summary_large_image\" \/>\n<meta name=\"twitter:creator\" content=\"@beckustator\" \/>\n<meta name=\"twitter:site\" content=\"@beckustator\" \/>\n<meta name=\"twitter:label1\" content=\"\u00c9crit par\" \/>\n\t<meta name=\"twitter:data1\" content=\"Yves Beck\" \/>\n\t<meta name=\"twitter:label2\" content=\"Dur\u00e9e de lecture estim\u00e9e\" \/>\n\t<meta name=\"twitter:data2\" content=\"8 minutes\" \/>\n<script type=\"application\/ld+json\" class=\"yoast-schema-graph\">{\"@context\":\"https:\/\/schema.org\",\"@graph\":[{\"@type\":\"Article\",\"@id\":\"https:\/\/www.yvesbeck.wine\/fr\/chateau-nairac-la-pepite-de-barsac\/#article\",\"isPartOf\":{\"@id\":\"https:\/\/www.yvesbeck.wine\/fr\/chateau-nairac-la-pepite-de-barsac\/\"},\"author\":{\"name\":\"Yves Beck\",\"@id\":\"https:\/\/www.yvesbeck.wine\/#\/schema\/person\/33cc92b5916fa8e634fe59f0121a0cad\"},\"headline\":\"Ch\u00e2teau Nairac &#8211; La P\u00e9pite de Barsac\",\"datePublished\":\"2024-03-01T08:57:12+00:00\",\"dateModified\":\"2025-08-12T09:44:19+00:00\",\"mainEntityOfPage\":{\"@id\":\"https:\/\/www.yvesbeck.wine\/fr\/chateau-nairac-la-pepite-de-barsac\/\"},\"wordCount\":1558,\"publisher\":{\"@id\":\"https:\/\/www.yvesbeck.wine\/#organization\"},\"image\":{\"@id\":\"https:\/\/www.yvesbeck.wine\/fr\/chateau-nairac-la-pepite-de-barsac\/#primaryimage\"},\"thumbnailUrl\":\"https:\/\/www.yvesbeck.wine\/wp-content\/uploads\/2024\/03\/Chateau-Nairac-Barsac-yvesbeck.wine_-1.png\",\"keywords\":[\"Barsac\",\"Bordeaux\",\"Nairac\"],\"articleSection\":[\"Bordeaux\"],\"inLanguage\":\"fr-FR\"},{\"@type\":\"WebPage\",\"@id\":\"https:\/\/www.yvesbeck.wine\/fr\/chateau-nairac-la-pepite-de-barsac\/\",\"url\":\"https:\/\/www.yvesbeck.wine\/fr\/chateau-nairac-la-pepite-de-barsac\/\",\"name\":\"Ch\u00e2teau Nairac - La P\u00e9pite de Barsac - Yves Beck\",\"isPartOf\":{\"@id\":\"https:\/\/www.yvesbeck.wine\/#website\"},\"primaryImageOfPage\":{\"@id\":\"https:\/\/www.yvesbeck.wine\/fr\/chateau-nairac-la-pepite-de-barsac\/#primaryimage\"},\"image\":{\"@id\":\"https:\/\/www.yvesbeck.wine\/fr\/chateau-nairac-la-pepite-de-barsac\/#primaryimage\"},\"thumbnailUrl\":\"https:\/\/www.yvesbeck.wine\/wp-content\/uploads\/2024\/03\/Chateau-Nairac-Barsac-yvesbeck.wine_-1.png\",\"datePublished\":\"2024-03-01T08:57:12+00:00\",\"dateModified\":\"2025-08-12T09:44:19+00:00\",\"description\":\"Les vins de Nairac avaient disparu des \u00e9crans radar ! Peu pr\u00e9sents lors de d\u00e9gustation, le retour sur sc\u00e8ne de ce joyau est r\u00e9jouissant.\",\"breadcrumb\":{\"@id\":\"https:\/\/www.yvesbeck.wine\/fr\/chateau-nairac-la-pepite-de-barsac\/#breadcrumb\"},\"inLanguage\":\"fr-FR\",\"potentialAction\":[{\"@type\":\"ReadAction\",\"target\":[\"https:\/\/www.yvesbeck.wine\/fr\/chateau-nairac-la-pepite-de-barsac\/\"]}]},{\"@type\":\"ImageObject\",\"inLanguage\":\"fr-FR\",\"@id\":\"https:\/\/www.yvesbeck.wine\/fr\/chateau-nairac-la-pepite-de-barsac\/#primaryimage\",\"url\":\"https:\/\/www.yvesbeck.wine\/wp-content\/uploads\/2024\/03\/Chateau-Nairac-Barsac-yvesbeck.wine_-1.png\",\"contentUrl\":\"https:\/\/www.yvesbeck.wine\/wp-content\/uploads\/2024\/03\/Chateau-Nairac-Barsac-yvesbeck.wine_-1.png\",\"width\":1003,\"height\":715,\"caption\":\"Ch\u00e2teau Nairac Barsac - yvesbeck.wine\"},{\"@type\":\"BreadcrumbList\",\"@id\":\"https:\/\/www.yvesbeck.wine\/fr\/chateau-nairac-la-pepite-de-barsac\/#breadcrumb\",\"itemListElement\":[{\"@type\":\"ListItem\",\"position\":1,\"name\":\"Startseite\",\"item\":\"https:\/\/www.yvesbeck.wine\/fr\/\"},{\"@type\":\"ListItem\",\"position\":2,\"name\":\"Ch\u00e2teau Nairac &#8211; La P\u00e9pite de Barsac\"}]},{\"@type\":\"WebSite\",\"@id\":\"https:\/\/www.yvesbeck.wine\/#website\",\"url\":\"https:\/\/www.yvesbeck.wine\/\",\"name\":\"Yves Beck\",\"description\":\"Beckustator\",\"publisher\":{\"@id\":\"https:\/\/www.yvesbeck.wine\/#organization\"},\"potentialAction\":[{\"@type\":\"SearchAction\",\"target\":{\"@type\":\"EntryPoint\",\"urlTemplate\":\"https:\/\/www.yvesbeck.wine\/?s={search_term_string}\"},\"query-input\":{\"@type\":\"PropertyValueSpecification\",\"valueRequired\":true,\"valueName\":\"search_term_string\"}}],\"inLanguage\":\"fr-FR\"},{\"@type\":\"Organization\",\"@id\":\"https:\/\/www.yvesbeck.wine\/#organization\",\"name\":\"yvesbeck.wine\",\"url\":\"https:\/\/www.yvesbeck.wine\/\",\"logo\":{\"@type\":\"ImageObject\",\"inLanguage\":\"fr-FR\",\"@id\":\"https:\/\/www.yvesbeck.wine\/#\/schema\/logo\/image\/\",\"url\":\"https:\/\/www.yvesbeck.wine\/wp-content\/uploads\/frontend\/2016\/07\/20160722-Logo-Sidebar.png\",\"contentUrl\":\"https:\/\/www.yvesbeck.wine\/wp-content\/uploads\/frontend\/2016\/07\/20160722-Logo-Sidebar.png\",\"width\":376,\"height\":200,\"caption\":\"yvesbeck.wine\"},\"image\":{\"@id\":\"https:\/\/www.yvesbeck.wine\/#\/schema\/logo\/image\/\"},\"sameAs\":[\"https:\/\/www.facebook.com\/beckustator\",\"https:\/\/x.com\/beckustator\",\"https:\/\/www.instagram.com\/beckustator\",\"https:\/\/www.linkedin.com\/in\/yvesbeck\/\"]},{\"@type\":\"Person\",\"@id\":\"https:\/\/www.yvesbeck.wine\/#\/schema\/person\/33cc92b5916fa8e634fe59f0121a0cad\",\"name\":\"Yves Beck\",\"sameAs\":[\"https:\/\/www.yvesbeck.wine\",\"https:\/\/www.facebook.com\/beckustator\",\"https:\/\/www.instagram.com\/beckustator\",\"https:\/\/www.linkedin\/in\/yvesbeck\"],\"url\":\"https:\/\/www.yvesbeck.wine\/fr\/author\/ddb68\/\"}]}<\/script>\n<!-- \/ Yoast SEO plugin. -->","yoast_head_json":{"title":"Ch\u00e2teau Nairac - La P\u00e9pite de Barsac - Yves Beck","description":"Les vins de Nairac avaient disparu des \u00e9crans radar ! Peu pr\u00e9sents lors de d\u00e9gustation, le retour sur sc\u00e8ne de ce joyau est r\u00e9jouissant.","robots":{"index":"index","follow":"follow","max-snippet":"max-snippet:-1","max-image-preview":"max-image-preview:large","max-video-preview":"max-video-preview:-1"},"canonical":"https:\/\/www.yvesbeck.wine\/fr\/chateau-nairac-la-pepite-de-barsac\/","og_locale":"fr_FR","og_type":"article","og_title":"Ch\u00e2teau Nairac - La P\u00e9pite de Barsac - Yves Beck","og_description":"Les vins de Nairac avaient disparu des \u00e9crans radar ! Peu pr\u00e9sents lors de d\u00e9gustation, le retour sur sc\u00e8ne de ce joyau est r\u00e9jouissant.","og_url":"https:\/\/www.yvesbeck.wine\/fr\/chateau-nairac-la-pepite-de-barsac\/","og_site_name":"Yves Beck","article_publisher":"https:\/\/www.facebook.com\/beckustator","article_author":"https:\/\/www.facebook.com\/beckustator","article_published_time":"2024-03-01T08:57:12+00:00","article_modified_time":"2025-08-12T09:44:19+00:00","og_image":[{"width":1003,"height":715,"url":"https:\/\/www.yvesbeck.wine\/wp-content\/uploads\/2024\/03\/Chateau-Nairac-Barsac-yvesbeck.wine_-1.png","type":"image\/png"}],"author":"Yves Beck","twitter_card":"summary_large_image","twitter_creator":"@beckustator","twitter_site":"@beckustator","twitter_misc":{"\u00c9crit par":"Yves Beck","Dur\u00e9e de lecture estim\u00e9e":"8 minutes"},"schema":{"@context":"https:\/\/schema.org","@graph":[{"@type":"Article","@id":"https:\/\/www.yvesbeck.wine\/fr\/chateau-nairac-la-pepite-de-barsac\/#article","isPartOf":{"@id":"https:\/\/www.yvesbeck.wine\/fr\/chateau-nairac-la-pepite-de-barsac\/"},"author":{"name":"Yves Beck","@id":"https:\/\/www.yvesbeck.wine\/#\/schema\/person\/33cc92b5916fa8e634fe59f0121a0cad"},"headline":"Ch\u00e2teau Nairac &#8211; La P\u00e9pite de Barsac","datePublished":"2024-03-01T08:57:12+00:00","dateModified":"2025-08-12T09:44:19+00:00","mainEntityOfPage":{"@id":"https:\/\/www.yvesbeck.wine\/fr\/chateau-nairac-la-pepite-de-barsac\/"},"wordCount":1558,"publisher":{"@id":"https:\/\/www.yvesbeck.wine\/#organization"},"image":{"@id":"https:\/\/www.yvesbeck.wine\/fr\/chateau-nairac-la-pepite-de-barsac\/#primaryimage"},"thumbnailUrl":"https:\/\/www.yvesbeck.wine\/wp-content\/uploads\/2024\/03\/Chateau-Nairac-Barsac-yvesbeck.wine_-1.png","keywords":["Barsac","Bordeaux","Nairac"],"articleSection":["Bordeaux"],"inLanguage":"fr-FR"},{"@type":"WebPage","@id":"https:\/\/www.yvesbeck.wine\/fr\/chateau-nairac-la-pepite-de-barsac\/","url":"https:\/\/www.yvesbeck.wine\/fr\/chateau-nairac-la-pepite-de-barsac\/","name":"Ch\u00e2teau Nairac - La P\u00e9pite de Barsac - Yves Beck","isPartOf":{"@id":"https:\/\/www.yvesbeck.wine\/#website"},"primaryImageOfPage":{"@id":"https:\/\/www.yvesbeck.wine\/fr\/chateau-nairac-la-pepite-de-barsac\/#primaryimage"},"image":{"@id":"https:\/\/www.yvesbeck.wine\/fr\/chateau-nairac-la-pepite-de-barsac\/#primaryimage"},"thumbnailUrl":"https:\/\/www.yvesbeck.wine\/wp-content\/uploads\/2024\/03\/Chateau-Nairac-Barsac-yvesbeck.wine_-1.png","datePublished":"2024-03-01T08:57:12+00:00","dateModified":"2025-08-12T09:44:19+00:00","description":"Les vins de Nairac avaient disparu des \u00e9crans radar ! Peu pr\u00e9sents lors de d\u00e9gustation, le retour sur sc\u00e8ne de ce joyau est r\u00e9jouissant.","breadcrumb":{"@id":"https:\/\/www.yvesbeck.wine\/fr\/chateau-nairac-la-pepite-de-barsac\/#breadcrumb"},"inLanguage":"fr-FR","potentialAction":[{"@type":"ReadAction","target":["https:\/\/www.yvesbeck.wine\/fr\/chateau-nairac-la-pepite-de-barsac\/"]}]},{"@type":"ImageObject","inLanguage":"fr-FR","@id":"https:\/\/www.yvesbeck.wine\/fr\/chateau-nairac-la-pepite-de-barsac\/#primaryimage","url":"https:\/\/www.yvesbeck.wine\/wp-content\/uploads\/2024\/03\/Chateau-Nairac-Barsac-yvesbeck.wine_-1.png","contentUrl":"https:\/\/www.yvesbeck.wine\/wp-content\/uploads\/2024\/03\/Chateau-Nairac-Barsac-yvesbeck.wine_-1.png","width":1003,"height":715,"caption":"Ch\u00e2teau Nairac Barsac - yvesbeck.wine"},{"@type":"BreadcrumbList","@id":"https:\/\/www.yvesbeck.wine\/fr\/chateau-nairac-la-pepite-de-barsac\/#breadcrumb","itemListElement":[{"@type":"ListItem","position":1,"name":"Startseite","item":"https:\/\/www.yvesbeck.wine\/fr\/"},{"@type":"ListItem","position":2,"name":"Ch\u00e2teau Nairac &#8211; La P\u00e9pite de Barsac"}]},{"@type":"WebSite","@id":"https:\/\/www.yvesbeck.wine\/#website","url":"https:\/\/www.yvesbeck.wine\/","name":"Yves Beck","description":"Beckustator","publisher":{"@id":"https:\/\/www.yvesbeck.wine\/#organization"},"potentialAction":[{"@type":"SearchAction","target":{"@type":"EntryPoint","urlTemplate":"https:\/\/www.yvesbeck.wine\/?s={search_term_string}"},"query-input":{"@type":"PropertyValueSpecification","valueRequired":true,"valueName":"search_term_string"}}],"inLanguage":"fr-FR"},{"@type":"Organization","@id":"https:\/\/www.yvesbeck.wine\/#organization","name":"yvesbeck.wine","url":"https:\/\/www.yvesbeck.wine\/","logo":{"@type":"ImageObject","inLanguage":"fr-FR","@id":"https:\/\/www.yvesbeck.wine\/#\/schema\/logo\/image\/","url":"https:\/\/www.yvesbeck.wine\/wp-content\/uploads\/frontend\/2016\/07\/20160722-Logo-Sidebar.png","contentUrl":"https:\/\/www.yvesbeck.wine\/wp-content\/uploads\/frontend\/2016\/07\/20160722-Logo-Sidebar.png","width":376,"height":200,"caption":"yvesbeck.wine"},"image":{"@id":"https:\/\/www.yvesbeck.wine\/#\/schema\/logo\/image\/"},"sameAs":["https:\/\/www.facebook.com\/beckustator","https:\/\/x.com\/beckustator","https:\/\/www.instagram.com\/beckustator","https:\/\/www.linkedin.com\/in\/yvesbeck\/"]},{"@type":"Person","@id":"https:\/\/www.yvesbeck.wine\/#\/schema\/person\/33cc92b5916fa8e634fe59f0121a0cad","name":"Yves Beck","sameAs":["https:\/\/www.yvesbeck.wine","https:\/\/www.facebook.com\/beckustator","https:\/\/www.instagram.com\/beckustator","https:\/\/www.linkedin\/in\/yvesbeck"],"url":"https:\/\/www.yvesbeck.wine\/fr\/author\/ddb68\/"}]}},"_links":{"self":[{"href":"https:\/\/www.yvesbeck.wine\/fr\/wp-json\/wp\/v2\/posts\/149304","targetHints":{"allow":["GET"]}}],"collection":[{"href":"https:\/\/www.yvesbeck.wine\/fr\/wp-json\/wp\/v2\/posts"}],"about":[{"href":"https:\/\/www.yvesbeck.wine\/fr\/wp-json\/wp\/v2\/types\/post"}],"author":[{"embeddable":true,"href":"https:\/\/www.yvesbeck.wine\/fr\/wp-json\/wp\/v2\/users\/14"}],"replies":[{"embeddable":true,"href":"https:\/\/www.yvesbeck.wine\/fr\/wp-json\/wp\/v2\/comments?post=149304"}],"version-history":[{"count":15,"href":"https:\/\/www.yvesbeck.wine\/fr\/wp-json\/wp\/v2\/posts\/149304\/revisions"}],"predecessor-version":[{"id":366383,"href":"https:\/\/www.yvesbeck.wine\/fr\/wp-json\/wp\/v2\/posts\/149304\/revisions\/366383"}],"wp:featuredmedia":[{"embeddable":true,"href":"https:\/\/www.yvesbeck.wine\/fr\/wp-json\/wp\/v2\/media\/163293"}],"wp:attachment":[{"href":"https:\/\/www.yvesbeck.wine\/fr\/wp-json\/wp\/v2\/media?parent=149304"}],"wp:term":[{"taxonomy":"category","embeddable":true,"href":"https:\/\/www.yvesbeck.wine\/fr\/wp-json\/wp\/v2\/categories?post=149304"},{"taxonomy":"post_tag","embeddable":true,"href":"https:\/\/www.yvesbeck.wine\/fr\/wp-json\/wp\/v2\/tags?post=149304"}],"curies":[{"name":"wp","href":"https:\/\/api.w.org\/{rel}","templated":true}]}}