{"id":111790,"date":"2022-11-03T15:45:24","date_gmt":"2022-11-03T14:45:24","guid":{"rendered":"https:\/\/www.yvesbeck.wine\/?p=111790"},"modified":"2026-01-04T15:38:53","modified_gmt":"2026-01-04T14:38:53","slug":"clap-de-fin-des-vendanges-a-sauternes","status":"publish","type":"post","link":"https:\/\/www.yvesbeck.wine\/fr\/clap-de-fin-des-vendanges-a-sauternes\/","title":{"rendered":"Clap de fin des vendanges \u00e0 Sauternes"},"content":{"rendered":"<p><strong>Belles perspectives \u00e0 Sauternes<\/strong><\/p>\n<p>Compte-rendu r\u00e9alis\u00e9 par l&rsquo;<a href=\"https:\/\/www.agencehemispheresud.fr\/\" target=\"_blank\" rel=\"noopener\">Agence H\u00e9misph\u00e8re Sud<\/a> et relay\u00e9 par <a href=\"https:\/\/www.yvesbeck.wine\/yves-beck\/\" target=\"_blank\" rel=\"noopener\">yvesbeck.wine<\/a><\/p>\n<hr \/>\n<h4 style=\"text-align: justify;\"><strong>Impressions de Sandrine Garbay<\/strong><\/h4>\n<p style=\"text-align: justify;\">Apr\u00e8s 27 ann\u00e9es d\u00e9di\u00e9es \u00e0 la vinification des vins de <a href=\"https:\/\/yquem.fr\/fr-fr\/\" target=\"_blank\" rel=\"noopener\">Ch\u00e2teau d\u2019Yquem<\/a>, <strong>Sandrine Garbay<\/strong> livre ses impressions sur ses premi\u00e8res vendanges au <a href=\"https:\/\/www.chateauguiraud.com\/\" target=\"_blank\" rel=\"noopener\">Ch\u00e2teau Guiraud<\/a> dont elle a pris la direction g\u00e9n\u00e9rale en mai 2022.<\/p>\n<p style=\"text-align: justify;\">Tr\u00e8s belle propri\u00e9t\u00e9 de 128 ha situ\u00e9e sur la commune de Sauternes, le Ch\u00e2teau Guiraud, 1er Grand Cru Class\u00e9 en 1855, produit de magnifiques vins liquoreux issus de s\u00e9millons et de sauvignons atteints de pourriture noble, ce champignon microscopique responsable des vins de Sauternes.<\/p>\n<h4><strong>Aboutissement d&rsquo;une longue carri\u00e8re<\/strong><\/h4>\n<p style=\"text-align: justify;\">\u00ab J\u2019ai toujours beaucoup aim\u00e9 la p\u00e9riode des vendanges, au cours de laquelle nous participons \u00e0 la naissance d\u2019un nouveau mill\u00e9sime. Mais particuli\u00e8rement cette ann\u00e9e, j\u2019y ai une part plus importante ! C\u2019est l\u2019aboutissement d\u2019une longue carri\u00e8re dans la vinification des vins liquoreux, je suis extr\u00eamement \u00e9panouie. \u00bb confie Sandrine Garbay.<\/p>\n<p style=\"text-align: justify;\">Les vendanges \u00e0 Sauternes sont tr\u00e8s particuli\u00e8res et se font par tries successives : 4 en moyenne. Il s\u2019agit de r\u00e9colter grains \u00e0 grains, au fur et \u00e0 mesure de leur arriv\u00e9e, au bon stade de d\u00e9veloppement de la pourriture noble, les raisins de s\u00e9millons et de sauvignons. Elles n\u00e9cessitent un vrai sa-voir-faire, beaucoup de patience, de minutie et d\u2019exigence dans le choix des baies.<\/p>\n<h4><strong>Patience<\/strong><\/h4>\n<p style=\"text-align: justify;\">Apr\u00e8s un \u00e9t\u00e9 particuli\u00e8rement chaud et sec, le Ch\u00e2teau Guiraud a d\u00fb patienter jusqu\u2019\u00e0 la fin du mois de septembre pour qu\u2019une semaine de pluies fines et r\u00e9guli\u00e8res viennent enfin apporter l\u2019humidit\u00e9 n\u00e9cessaire au Botrytis cinerea.<\/p>\n<p style=\"text-align: justify;\">Une premi\u00e8re trie a \u00e9t\u00e9 r\u00e9alis\u00e9e entre le 15 et le 23 septembre, une deuxi\u00e8me trie s\u2019est amorc\u00e9e le dimanche 9 octobre, mais la r\u00e9colte a \u00e9t\u00e9 interrompue par les pluies du mardi 11 octobre. Grace \u00e0 la bonne installation du botrytis sur les raisins et au temps chaud et tr\u00e8s vent\u00e9 des derniers jours d\u2019octobre, les vendanges ont pu se terminer dans de tr\u00e8s belles conditions. Les raisins affichent de belles concentrations en ar\u00f4mes et en sucre.<\/p>\n<h4><strong>Ann\u00e9e qualitative et g\u00e9n\u00e9reuse<\/strong><\/h4>\n<p style=\"text-align: justify;\">\u00abNous attendons le meilleur pour ce mill\u00e9sime 2022. Il devrait nous permettre de renouer avec un mill\u00e9sime \u00e0 la fois qualitatif et g\u00e9n\u00e9reux.<\/p>\n<p style=\"text-align: justify;\">Le consommateur est en recherche permanente d\u2019authenticit\u00e9, de naturalit\u00e9, de puret\u00e9\u2026quoi de plus naturel que nos vins, totalement d\u00e9pendant d\u2019un \u00e9cosyst\u00e8me unique permettant le d\u00e9veloppement du botrytis cinerea. Notre appellation est probablement l\u2019une de celle qui illustre le mieux la magie de la nature, et en cela, elle ne peut que s\u00e9duire le consommateur ! \u00bb<\/p>\n<hr \/>\n<p><strong><a href=\"https:\/\/www.yvesbeck.wine\/fr\/produkt\/abonnement-prive-yvesbeck-wine\/\">Abonnez-vous \u00e0 yvesbeck.wine \u00e0 partir de CHF. 98.00 par ann\u00e9e et acc\u00e9dez \u00e0 38483 notes de d\u00e9gustation en ligne<\/a>.<\/strong><\/p>\n<p>&nbsp;<\/p>\n","protected":false},"excerpt":{"rendered":"<p>Belles perspectives \u00e0 Sauternes Compte-rendu r\u00e9alis\u00e9 par l&rsquo;Agence H\u00e9misph\u00e8re Sud et relay\u00e9 par yvesbeck.wine Impressions de Sandrine Garbay Apr\u00e8s 27 ann\u00e9es d\u00e9di\u00e9es \u00e0 la vinification des vins de Ch\u00e2teau d\u2019Yquem, Sandrine Garbay livre ses impressions sur ses premi\u00e8res vendanges au Ch\u00e2teau Guiraud dont elle a pris la direction g\u00e9n\u00e9rale en mai 2022. Tr\u00e8s belle propri\u00e9t\u00e9 [&hellip;]<\/p>\n","protected":false},"author":14,"featured_media":163175,"comment_status":"closed","ping_status":"closed","sticky":false,"template":"","format":"standard","meta":{"_acf_changed":false,"_et_pb_use_builder":"","_et_pb_old_content":"","_et_gb_content_width":"","footnotes":""},"categories":[190,149],"tags":[11935,11934],"class_list":["post-111790","post","type-post","status-publish","format-standard","has-post-thumbnail","hentry","category-bordeaux-france","category-france","tag-sauternes-fr","tag-vendanges"],"acf":[],"yoast_head":"<!-- This site is optimized with the Yoast SEO plugin v26.9 - https:\/\/yoast.com\/product\/yoast-seo-wordpress\/ -->\n<title>Clap de fin des vendanges \u00e0 Sauternes - Yves Beck<\/title>\n<meta name=\"description\" content=\"Apr\u00e8s 27 ans d\u00e9di\u00e9s \u00e0 la vinification des vins d\u2019Yquem, Sandrine Garbay livre ses impressions sur les vendanges du Ch\u00e2teau Guiraud \u00e0 Sauternes\" \/>\n<meta name=\"robots\" content=\"index, follow, max-snippet:-1, max-image-preview:large, max-video-preview:-1\" \/>\n<link rel=\"canonical\" href=\"https:\/\/www.yvesbeck.wine\/fr\/clap-de-fin-des-vendanges-a-sauternes\/\" \/>\n<meta property=\"og:locale\" content=\"fr_FR\" \/>\n<meta property=\"og:type\" content=\"article\" \/>\n<meta property=\"og:title\" content=\"Clap de fin des vendanges \u00e0 Sauternes - Yves Beck\" \/>\n<meta property=\"og:description\" content=\"Apr\u00e8s 27 ans d\u00e9di\u00e9s \u00e0 la vinification des vins d\u2019Yquem, Sandrine Garbay livre ses impressions sur les vendanges du Ch\u00e2teau Guiraud \u00e0 Sauternes\" \/>\n<meta property=\"og:url\" content=\"https:\/\/www.yvesbeck.wine\/fr\/clap-de-fin-des-vendanges-a-sauternes\/\" \/>\n<meta property=\"og:site_name\" content=\"Yves Beck\" \/>\n<meta property=\"article:publisher\" content=\"https:\/\/www.facebook.com\/beckustator\" \/>\n<meta property=\"article:author\" content=\"https:\/\/www.facebook.com\/beckustator\" \/>\n<meta property=\"article:published_time\" content=\"2022-11-03T14:45:24+00:00\" \/>\n<meta property=\"article:modified_time\" content=\"2026-01-04T14:38:53+00:00\" \/>\n<meta property=\"og:image\" content=\"https:\/\/www.yvesbeck.wine\/wp-content\/uploads\/2022\/11\/Sauternes-2022.png\" \/>\n\t<meta property=\"og:image:width\" content=\"1002\" \/>\n\t<meta property=\"og:image:height\" content=\"483\" \/>\n\t<meta property=\"og:image:type\" content=\"image\/png\" \/>\n<meta name=\"author\" content=\"Yves Beck\" \/>\n<meta name=\"twitter:card\" content=\"summary_large_image\" \/>\n<meta name=\"twitter:creator\" content=\"@beckustator\" \/>\n<meta name=\"twitter:site\" content=\"@beckustator\" \/>\n<meta name=\"twitter:label1\" content=\"\u00c9crit par\" \/>\n\t<meta name=\"twitter:data1\" content=\"Yves Beck\" \/>\n\t<meta name=\"twitter:label2\" content=\"Dur\u00e9e de lecture estim\u00e9e\" \/>\n\t<meta name=\"twitter:data2\" content=\"3 minutes\" \/>\n<script type=\"application\/ld+json\" class=\"yoast-schema-graph\">{\"@context\":\"https:\/\/schema.org\",\"@graph\":[{\"@type\":\"Article\",\"@id\":\"https:\/\/www.yvesbeck.wine\/fr\/clap-de-fin-des-vendanges-a-sauternes\/#article\",\"isPartOf\":{\"@id\":\"https:\/\/www.yvesbeck.wine\/fr\/clap-de-fin-des-vendanges-a-sauternes\/\"},\"author\":{\"name\":\"Yves Beck\",\"@id\":\"https:\/\/www.yvesbeck.wine\/#\/schema\/person\/33cc92b5916fa8e634fe59f0121a0cad\"},\"headline\":\"Clap de fin des vendanges \u00e0 Sauternes\",\"datePublished\":\"2022-11-03T14:45:24+00:00\",\"dateModified\":\"2026-01-04T14:38:53+00:00\",\"mainEntityOfPage\":{\"@id\":\"https:\/\/www.yvesbeck.wine\/fr\/clap-de-fin-des-vendanges-a-sauternes\/\"},\"wordCount\":494,\"publisher\":{\"@id\":\"https:\/\/www.yvesbeck.wine\/#organization\"},\"image\":{\"@id\":\"https:\/\/www.yvesbeck.wine\/fr\/clap-de-fin-des-vendanges-a-sauternes\/#primaryimage\"},\"thumbnailUrl\":\"https:\/\/www.yvesbeck.wine\/wp-content\/uploads\/2022\/11\/Sauternes-2022.png\",\"keywords\":[\"Sauternes\",\"Vendanges\"],\"articleSection\":[\"Bordeaux\",\"France\"],\"inLanguage\":\"fr-FR\"},{\"@type\":\"WebPage\",\"@id\":\"https:\/\/www.yvesbeck.wine\/fr\/clap-de-fin-des-vendanges-a-sauternes\/\",\"url\":\"https:\/\/www.yvesbeck.wine\/fr\/clap-de-fin-des-vendanges-a-sauternes\/\",\"name\":\"Clap de fin des vendanges \u00e0 Sauternes - Yves Beck\",\"isPartOf\":{\"@id\":\"https:\/\/www.yvesbeck.wine\/#website\"},\"primaryImageOfPage\":{\"@id\":\"https:\/\/www.yvesbeck.wine\/fr\/clap-de-fin-des-vendanges-a-sauternes\/#primaryimage\"},\"image\":{\"@id\":\"https:\/\/www.yvesbeck.wine\/fr\/clap-de-fin-des-vendanges-a-sauternes\/#primaryimage\"},\"thumbnailUrl\":\"https:\/\/www.yvesbeck.wine\/wp-content\/uploads\/2022\/11\/Sauternes-2022.png\",\"datePublished\":\"2022-11-03T14:45:24+00:00\",\"dateModified\":\"2026-01-04T14:38:53+00:00\",\"description\":\"Apr\u00e8s 27 ans d\u00e9di\u00e9s \u00e0 la vinification des vins d\u2019Yquem, Sandrine Garbay livre ses impressions sur les vendanges du Ch\u00e2teau Guiraud \u00e0 Sauternes\",\"breadcrumb\":{\"@id\":\"https:\/\/www.yvesbeck.wine\/fr\/clap-de-fin-des-vendanges-a-sauternes\/#breadcrumb\"},\"inLanguage\":\"fr-FR\",\"potentialAction\":[{\"@type\":\"ReadAction\",\"target\":[\"https:\/\/www.yvesbeck.wine\/fr\/clap-de-fin-des-vendanges-a-sauternes\/\"]}]},{\"@type\":\"ImageObject\",\"inLanguage\":\"fr-FR\",\"@id\":\"https:\/\/www.yvesbeck.wine\/fr\/clap-de-fin-des-vendanges-a-sauternes\/#primaryimage\",\"url\":\"https:\/\/www.yvesbeck.wine\/wp-content\/uploads\/2022\/11\/Sauternes-2022.png\",\"contentUrl\":\"https:\/\/www.yvesbeck.wine\/wp-content\/uploads\/2022\/11\/Sauternes-2022.png\",\"width\":1002,\"height\":483,\"caption\":\"Sauternes 2022 - yvesbeck.wine\"},{\"@type\":\"BreadcrumbList\",\"@id\":\"https:\/\/www.yvesbeck.wine\/fr\/clap-de-fin-des-vendanges-a-sauternes\/#breadcrumb\",\"itemListElement\":[{\"@type\":\"ListItem\",\"position\":1,\"name\":\"Startseite\",\"item\":\"https:\/\/www.yvesbeck.wine\/fr\/\"},{\"@type\":\"ListItem\",\"position\":2,\"name\":\"Clap de fin des vendanges \u00e0 Sauternes\"}]},{\"@type\":\"WebSite\",\"@id\":\"https:\/\/www.yvesbeck.wine\/#website\",\"url\":\"https:\/\/www.yvesbeck.wine\/\",\"name\":\"Yves Beck\",\"description\":\"Beckustator\",\"publisher\":{\"@id\":\"https:\/\/www.yvesbeck.wine\/#organization\"},\"potentialAction\":[{\"@type\":\"SearchAction\",\"target\":{\"@type\":\"EntryPoint\",\"urlTemplate\":\"https:\/\/www.yvesbeck.wine\/?s={search_term_string}\"},\"query-input\":{\"@type\":\"PropertyValueSpecification\",\"valueRequired\":true,\"valueName\":\"search_term_string\"}}],\"inLanguage\":\"fr-FR\"},{\"@type\":\"Organization\",\"@id\":\"https:\/\/www.yvesbeck.wine\/#organization\",\"name\":\"yvesbeck.wine\",\"url\":\"https:\/\/www.yvesbeck.wine\/\",\"logo\":{\"@type\":\"ImageObject\",\"inLanguage\":\"fr-FR\",\"@id\":\"https:\/\/www.yvesbeck.wine\/#\/schema\/logo\/image\/\",\"url\":\"https:\/\/www.yvesbeck.wine\/wp-content\/uploads\/frontend\/2016\/07\/20160722-Logo-Sidebar.png\",\"contentUrl\":\"https:\/\/www.yvesbeck.wine\/wp-content\/uploads\/frontend\/2016\/07\/20160722-Logo-Sidebar.png\",\"width\":376,\"height\":200,\"caption\":\"yvesbeck.wine\"},\"image\":{\"@id\":\"https:\/\/www.yvesbeck.wine\/#\/schema\/logo\/image\/\"},\"sameAs\":[\"https:\/\/www.facebook.com\/beckustator\",\"https:\/\/x.com\/beckustator\",\"https:\/\/www.instagram.com\/beckustator\",\"https:\/\/www.linkedin.com\/in\/yvesbeck\/\"]},{\"@type\":\"Person\",\"@id\":\"https:\/\/www.yvesbeck.wine\/#\/schema\/person\/33cc92b5916fa8e634fe59f0121a0cad\",\"name\":\"Yves Beck\",\"sameAs\":[\"https:\/\/www.yvesbeck.wine\",\"https:\/\/www.facebook.com\/beckustator\",\"https:\/\/www.instagram.com\/beckustator\",\"https:\/\/www.linkedin\/in\/yvesbeck\"],\"url\":\"https:\/\/www.yvesbeck.wine\/fr\/author\/ddb68\/\"}]}<\/script>\n<!-- \/ Yoast SEO plugin. -->","yoast_head_json":{"title":"Clap de fin des vendanges \u00e0 Sauternes - Yves Beck","description":"Apr\u00e8s 27 ans d\u00e9di\u00e9s \u00e0 la vinification des vins d\u2019Yquem, Sandrine Garbay livre ses impressions sur les vendanges du Ch\u00e2teau Guiraud \u00e0 Sauternes","robots":{"index":"index","follow":"follow","max-snippet":"max-snippet:-1","max-image-preview":"max-image-preview:large","max-video-preview":"max-video-preview:-1"},"canonical":"https:\/\/www.yvesbeck.wine\/fr\/clap-de-fin-des-vendanges-a-sauternes\/","og_locale":"fr_FR","og_type":"article","og_title":"Clap de fin des vendanges \u00e0 Sauternes - Yves Beck","og_description":"Apr\u00e8s 27 ans d\u00e9di\u00e9s \u00e0 la vinification des vins d\u2019Yquem, Sandrine Garbay livre ses impressions sur les vendanges du Ch\u00e2teau Guiraud \u00e0 Sauternes","og_url":"https:\/\/www.yvesbeck.wine\/fr\/clap-de-fin-des-vendanges-a-sauternes\/","og_site_name":"Yves Beck","article_publisher":"https:\/\/www.facebook.com\/beckustator","article_author":"https:\/\/www.facebook.com\/beckustator","article_published_time":"2022-11-03T14:45:24+00:00","article_modified_time":"2026-01-04T14:38:53+00:00","og_image":[{"width":1002,"height":483,"url":"https:\/\/www.yvesbeck.wine\/wp-content\/uploads\/2022\/11\/Sauternes-2022.png","type":"image\/png"}],"author":"Yves Beck","twitter_card":"summary_large_image","twitter_creator":"@beckustator","twitter_site":"@beckustator","twitter_misc":{"\u00c9crit par":"Yves Beck","Dur\u00e9e de lecture estim\u00e9e":"3 minutes"},"schema":{"@context":"https:\/\/schema.org","@graph":[{"@type":"Article","@id":"https:\/\/www.yvesbeck.wine\/fr\/clap-de-fin-des-vendanges-a-sauternes\/#article","isPartOf":{"@id":"https:\/\/www.yvesbeck.wine\/fr\/clap-de-fin-des-vendanges-a-sauternes\/"},"author":{"name":"Yves Beck","@id":"https:\/\/www.yvesbeck.wine\/#\/schema\/person\/33cc92b5916fa8e634fe59f0121a0cad"},"headline":"Clap de fin des vendanges \u00e0 Sauternes","datePublished":"2022-11-03T14:45:24+00:00","dateModified":"2026-01-04T14:38:53+00:00","mainEntityOfPage":{"@id":"https:\/\/www.yvesbeck.wine\/fr\/clap-de-fin-des-vendanges-a-sauternes\/"},"wordCount":494,"publisher":{"@id":"https:\/\/www.yvesbeck.wine\/#organization"},"image":{"@id":"https:\/\/www.yvesbeck.wine\/fr\/clap-de-fin-des-vendanges-a-sauternes\/#primaryimage"},"thumbnailUrl":"https:\/\/www.yvesbeck.wine\/wp-content\/uploads\/2022\/11\/Sauternes-2022.png","keywords":["Sauternes","Vendanges"],"articleSection":["Bordeaux","France"],"inLanguage":"fr-FR"},{"@type":"WebPage","@id":"https:\/\/www.yvesbeck.wine\/fr\/clap-de-fin-des-vendanges-a-sauternes\/","url":"https:\/\/www.yvesbeck.wine\/fr\/clap-de-fin-des-vendanges-a-sauternes\/","name":"Clap de fin des vendanges \u00e0 Sauternes - Yves Beck","isPartOf":{"@id":"https:\/\/www.yvesbeck.wine\/#website"},"primaryImageOfPage":{"@id":"https:\/\/www.yvesbeck.wine\/fr\/clap-de-fin-des-vendanges-a-sauternes\/#primaryimage"},"image":{"@id":"https:\/\/www.yvesbeck.wine\/fr\/clap-de-fin-des-vendanges-a-sauternes\/#primaryimage"},"thumbnailUrl":"https:\/\/www.yvesbeck.wine\/wp-content\/uploads\/2022\/11\/Sauternes-2022.png","datePublished":"2022-11-03T14:45:24+00:00","dateModified":"2026-01-04T14:38:53+00:00","description":"Apr\u00e8s 27 ans d\u00e9di\u00e9s \u00e0 la vinification des vins d\u2019Yquem, Sandrine Garbay livre ses impressions sur les vendanges du Ch\u00e2teau Guiraud \u00e0 Sauternes","breadcrumb":{"@id":"https:\/\/www.yvesbeck.wine\/fr\/clap-de-fin-des-vendanges-a-sauternes\/#breadcrumb"},"inLanguage":"fr-FR","potentialAction":[{"@type":"ReadAction","target":["https:\/\/www.yvesbeck.wine\/fr\/clap-de-fin-des-vendanges-a-sauternes\/"]}]},{"@type":"ImageObject","inLanguage":"fr-FR","@id":"https:\/\/www.yvesbeck.wine\/fr\/clap-de-fin-des-vendanges-a-sauternes\/#primaryimage","url":"https:\/\/www.yvesbeck.wine\/wp-content\/uploads\/2022\/11\/Sauternes-2022.png","contentUrl":"https:\/\/www.yvesbeck.wine\/wp-content\/uploads\/2022\/11\/Sauternes-2022.png","width":1002,"height":483,"caption":"Sauternes 2022 - yvesbeck.wine"},{"@type":"BreadcrumbList","@id":"https:\/\/www.yvesbeck.wine\/fr\/clap-de-fin-des-vendanges-a-sauternes\/#breadcrumb","itemListElement":[{"@type":"ListItem","position":1,"name":"Startseite","item":"https:\/\/www.yvesbeck.wine\/fr\/"},{"@type":"ListItem","position":2,"name":"Clap de fin des vendanges \u00e0 Sauternes"}]},{"@type":"WebSite","@id":"https:\/\/www.yvesbeck.wine\/#website","url":"https:\/\/www.yvesbeck.wine\/","name":"Yves Beck","description":"Beckustator","publisher":{"@id":"https:\/\/www.yvesbeck.wine\/#organization"},"potentialAction":[{"@type":"SearchAction","target":{"@type":"EntryPoint","urlTemplate":"https:\/\/www.yvesbeck.wine\/?s={search_term_string}"},"query-input":{"@type":"PropertyValueSpecification","valueRequired":true,"valueName":"search_term_string"}}],"inLanguage":"fr-FR"},{"@type":"Organization","@id":"https:\/\/www.yvesbeck.wine\/#organization","name":"yvesbeck.wine","url":"https:\/\/www.yvesbeck.wine\/","logo":{"@type":"ImageObject","inLanguage":"fr-FR","@id":"https:\/\/www.yvesbeck.wine\/#\/schema\/logo\/image\/","url":"https:\/\/www.yvesbeck.wine\/wp-content\/uploads\/frontend\/2016\/07\/20160722-Logo-Sidebar.png","contentUrl":"https:\/\/www.yvesbeck.wine\/wp-content\/uploads\/frontend\/2016\/07\/20160722-Logo-Sidebar.png","width":376,"height":200,"caption":"yvesbeck.wine"},"image":{"@id":"https:\/\/www.yvesbeck.wine\/#\/schema\/logo\/image\/"},"sameAs":["https:\/\/www.facebook.com\/beckustator","https:\/\/x.com\/beckustator","https:\/\/www.instagram.com\/beckustator","https:\/\/www.linkedin.com\/in\/yvesbeck\/"]},{"@type":"Person","@id":"https:\/\/www.yvesbeck.wine\/#\/schema\/person\/33cc92b5916fa8e634fe59f0121a0cad","name":"Yves Beck","sameAs":["https:\/\/www.yvesbeck.wine","https:\/\/www.facebook.com\/beckustator","https:\/\/www.instagram.com\/beckustator","https:\/\/www.linkedin\/in\/yvesbeck"],"url":"https:\/\/www.yvesbeck.wine\/fr\/author\/ddb68\/"}]}},"_links":{"self":[{"href":"https:\/\/www.yvesbeck.wine\/fr\/wp-json\/wp\/v2\/posts\/111790","targetHints":{"allow":["GET"]}}],"collection":[{"href":"https:\/\/www.yvesbeck.wine\/fr\/wp-json\/wp\/v2\/posts"}],"about":[{"href":"https:\/\/www.yvesbeck.wine\/fr\/wp-json\/wp\/v2\/types\/post"}],"author":[{"embeddable":true,"href":"https:\/\/www.yvesbeck.wine\/fr\/wp-json\/wp\/v2\/users\/14"}],"replies":[{"embeddable":true,"href":"https:\/\/www.yvesbeck.wine\/fr\/wp-json\/wp\/v2\/comments?post=111790"}],"version-history":[{"count":4,"href":"https:\/\/www.yvesbeck.wine\/fr\/wp-json\/wp\/v2\/posts\/111790\/revisions"}],"predecessor-version":[{"id":376134,"href":"https:\/\/www.yvesbeck.wine\/fr\/wp-json\/wp\/v2\/posts\/111790\/revisions\/376134"}],"wp:featuredmedia":[{"embeddable":true,"href":"https:\/\/www.yvesbeck.wine\/fr\/wp-json\/wp\/v2\/media\/163175"}],"wp:attachment":[{"href":"https:\/\/www.yvesbeck.wine\/fr\/wp-json\/wp\/v2\/media?parent=111790"}],"wp:term":[{"taxonomy":"category","embeddable":true,"href":"https:\/\/www.yvesbeck.wine\/fr\/wp-json\/wp\/v2\/categories?post=111790"},{"taxonomy":"post_tag","embeddable":true,"href":"https:\/\/www.yvesbeck.wine\/fr\/wp-json\/wp\/v2\/tags?post=111790"}],"curies":[{"name":"wp","href":"https:\/\/api.w.org\/{rel}","templated":true}]}}