{"id":106257,"date":"2022-06-14T15:53:14","date_gmt":"2022-06-14T14:53:14","guid":{"rendered":"https:\/\/www.yvesbeck.wine\/?p=106257"},"modified":"2026-01-04T15:43:34","modified_gmt":"2026-01-04T14:43:34","slug":"chateau-linclassable-de-remy-fauchey","status":"publish","type":"post","link":"https:\/\/www.yvesbeck.wine\/fr\/chateau-linclassable-de-remy-fauchey\/","title":{"rendered":"Ch\u00e2teau L&rsquo;Inclassable de R\u00e9my Fauchey"},"content":{"rendered":"<p style=\"text-align: justify;\">Je ne sais pas vraiment lequel est le plus hors-classe entre L&rsquo;Inclassable et R\u00e9my Fauchey&#8230; les deux ont une forte identit\u00e9 !<\/p>\n<p style=\"text-align: justify;\">Certes l&rsquo;identit\u00e9 du <a href=\"https:\/\/linclassable.com\/presentation-vin-linclassable-famille-fauchey\/\" target=\"_blank\" rel=\"noopener\">Ch\u00e2teau L&rsquo;Inclassable<\/a> (Ch\u00e2teau Lafon jusqu&rsquo;en 2003) est plus r\u00e9cente que le vigneron, par contre l&rsquo;histoire de la propri\u00e9t\u00e9 remonte au 18\u00e8me si\u00e8cle.<\/p>\n<p class=\"mkdf-st-text\" style=\"text-align: justify;\">Au cours du XIX si\u00e8cle, le Ch\u00e2teau L\u2019Inclassable \u00e9tait l\u2019un des plus importants domaines de la commune de <a href=\"https:\/\/fr.wikipedia.org\/wiki\/Prignac-en-M%C3%A9doc\" target=\"_blank\" rel=\"noopener\">Prignac<\/a> en M\u00e9doc. Dans l\u2019\u00e9dition de1868, Bordeaux et ses vins, <a href=\"https:\/\/data.bnf.fr\/fr\/11902555\/edouard_feret\/\" target=\"_blank\" rel=\"noopener\">Edouard F\u00e9ret<\/a> le citait en t\u00eate de sa commune et le consid\u00e9rait d\u00e9j\u00e0 comme Cru Bourgeois.<\/p>\n<h4 style=\"text-align: left;\"><strong>Des chiffres et des lettres<\/strong><\/h4>\n<p><span style=\"color: #800000;\"><strong>Appellation<\/strong> :<\/span> AOC M\u00e9doc<\/p>\n<p>Terroir : Grave et argilo-calcaire<br \/>\nSuperficie totale : 23 hectares<br \/>\nSuperficie L\u2019Inclassable : 10 hectares<br \/>\nDensit\u00e9 de plantation : 6500 \u2013 5000 pieds \/ ha<br \/>\nRendement : 27 hl\/ha<\/p>\n<p><span style=\"color: #800000;\"><strong>Enc\u00e9pagement<\/strong> :<\/span><\/p>\n<p>55% Cabernet Sauvignon<br \/>\n28% Petit Verdot<br \/>\n12% Merlot<br \/>\n5% Cabernet Franc<br \/>\nAge de la vigne : 40 ANS<\/p>\n<p><span style=\"color: #800000;\"><strong>R\u00e9colte<\/strong> :<\/span> manuelle<\/p>\n<p><span style=\"color: #800000;\"><strong>Elevage<\/strong> :<\/span> 12 mois en barriques de 400 litres, renouvel\u00e9es par tiers chaque ann\u00e9e.<\/p>\n<p><span style=\"color: #800000;\"><strong>Propri\u00e9taire<\/strong> :<\/span> Isabelle et R\u00e9my Fauchey<br \/>\n<span style=\"color: #800000;\"><strong>Ma\u00eetre de chai<\/strong> :<\/span> R\u00e9my Fauchey et sa fille Sabine<\/p>\n<p>La <a href=\"https:\/\/linclassable.com\/biodiversite-linclassable-vins-faune-flore-bio-vegan\/\" target=\"_blank\" rel=\"noopener\"><strong>biodiversit\u00e9 et le d\u00e9veloppement durable<\/strong><\/a> font partie des priorit\u00e9s essentielles de la famille Fauchey.<\/p>\n<hr \/>\n<h4 style=\"text-align: center;\"><strong>Compte-rendu de d\u00e9gustation par <a href=\"https:\/\/www.yvesbeck.wine\/fr\/yves-beck\/\" target=\"_blank\" rel=\"noopener\">Yves Beck<\/a><\/strong><\/h4>\n<h5 style=\"text-align: justify;\"><strong><span style=\"color: #800000;\">Ch\u00e2teau Lafon 1993<\/span><\/strong><\/h5>\n<p style=\"text-align: justify; padding-left: 40px;\">Ce 1993 a de quoi surprendre ! Bel \u00e9clat de fruit et d&rsquo;\u00e9pices. Le vin est \u00e9lanc\u00e9, frais et assume son \u00e2ge avec beaucoup d&rsquo;humilit\u00e9 mais \u00e9galement avec une \u00e9vidente prise de conscience de son aptitude \u00e0 se profiler dans un mill\u00e9sime qui n&rsquo;a jamais vraiment eu la cote ! Maintenant &#8211; 2033 <strong>90\/100<\/strong><\/p>\n<h5 style=\"text-align: justify;\"><strong><span style=\"color: #800000;\">Ch\u00e2teau Lafon 1994<\/span><\/strong><\/h5>\n<p style=\"text-align: justify; padding-left: 40px;\">Le 1994 montre de l&rsquo;\u00e9panouissement mais pas de fatigue ! Il a du fruit et de la fra\u00eecheur en bouche tout en \u00e9tant, \u00e0 l&rsquo;image du bouquet, parfaitement \u00e9panoui. Un vin qui rappelle avec conviction que le M\u00e9doc produit de grands vins de garde. Dans ce cas de figure, c&rsquo;est surtout d\u00fb \u00e0 des tannins performants et parfaitement int\u00e9gr\u00e9s. Maintenant &#8211; 2030 <strong>89\/100<\/strong><\/p>\n<h5 style=\"text-align: justify;\"><strong><span style=\"color: #800000;\">Ch\u00e2teau Lafon 1996<\/span><\/strong><\/h5>\n<p style=\"text-align: justify; padding-left: 40px;\">Le Cabernet joue un r\u00f4le pr\u00e9pond\u00e9rant dans la stylistique. Agr\u00e9able fra\u00eecheur et belle expression fruit\u00e9e avec ces nuances d&rsquo;eucalyptus et de fraises. Ce vin incarne parfaitement la stylistique de 1996 qui cumule le c\u00f4t\u00e9 \u00e9l\u00e9gant avec une touche rustiques. Nos vins ne perdent jamais leur c\u00f4t\u00e9 ferme. Ils s&rsquo;arrondissent mais ils ne s&rsquo;affaissent passe explique R\u00e9my Fauchey. Maintenant &#8211; 2032 <strong>91\/100<\/strong><\/p>\n<h5 style=\"text-align: justify;\"><strong><span style=\"color: #800000;\">Ch\u00e2teau Lafon 1997<\/span><\/strong><\/h5>\n<p style=\"text-align: justify; padding-left: 40px;\"><em>\u00ab\u00a0Au d\u00e9part ce vin n\u2019\u00e9tait pas suffisamment gourmand et pas suffisamment velout\u00e9. On l&rsquo;a laiss\u00e9 3 mois de trop en barriques\u2026 j&rsquo;avais mal gout\u00e9 et pas pris la bonne d\u00e9cision : il faut accepter et reconnaitre ses erreurs\u2026 le r\u00e9sultat est quand-m\u00eame pas mal !\u00a0\u00bb<\/em><\/p>\n<p style=\"text-align: justify; padding-left: 40px;\">Quelle belle description par R\u00e9my Fauchey ! Humble mais toujours devant son vin qu&rsquo;il aime tant. Oui, la densit\u00e9 du 1997 est moindre et oui il est un peu plus dur en finale, mais il n&rsquo;en est pas moins en forme\u2026 surtout gr\u00e2ce \u00e0 des tannins qui assument bien les choix pas forc\u00e9ment pertinents\u2026 et je rejoins le vigneron : le r\u00e9sultat est quand-m\u00eame pas mal ! Maintenant &#8211; 2026 <strong>88\/100<\/strong><\/p>\n<p style=\"text-align: center;\"><span style=\"color: #800000;\"><strong>L\u2019\u00e2me d&rsquo;un terroir on la retrouvera tout le temps, avec les nuances appartenant aux mill\u00e9simes ; c&rsquo;est normal.<br \/>\nNous sommes des paysans, pas des scientifiques<\/strong><\/span><\/p>\n<div id=\"attachment_106267\" style=\"width: 441px\" class=\"wp-caption aligncenter\"><img loading=\"lazy\" decoding=\"async\" aria-describedby=\"caption-attachment-106267\" class=\"wp-image-106267 \" src=\"https:\/\/www.yvesbeck.wine\/wp-content\/uploads\/2022\/06\/LInclassable-de-Remy-Fauchey-300x180.png\" alt=\"L'Inclassable de R\u00e9my Fauchey\" width=\"431\" height=\"259\" \/><p id=\"caption-attachment-106267\" class=\"wp-caption-text\"><em>R\u00e9my Fauchey, Ch\u00e2teau L&rsquo;Inclassable<\/em><\/p><\/div>\n<h5 style=\"text-align: justify;\"><strong><span style=\"color: #800000;\">Ch\u00e2teau Lafon 1998<\/span><\/strong><\/h5>\n<p style=\"text-align: justify; padding-left: 40px;\"><em>Le 1998 est assez classique dans le M\u00e9doc,<\/em> explique R\u00e9my Fauchey. Le bouquet montre bien son \u00e2ge et r\u00e9v\u00e8le des nuances de curry vert et puis la fra\u00eecheur du Cabernet. Le vin profite bien de la fra\u00eecheur du terroir gr\u00e2ce \u00e0 une acidit\u00e9 porteuse tandis que les tannins offrent une certaine ampleur. Un vin de caract\u00e8re qui s\u00e8che un peu sur la finale. Maintenant &#8211; 2028 <strong>89\/100<\/strong><\/p>\n<h5 style=\"text-align: justify;\"><strong><span style=\"color: #800000;\">L&rsquo;Inclassable de Lafon 2000<\/span><\/strong><\/h5>\n<p style=\"text-align: justify; padding-left: 40px;\">Superbe fra\u00eecheur dans le bouquet de cette cuv\u00e9e avec d&rsquo;intenses notes florales et fruit\u00e9es. Beaucoup de caract\u00e8re et de finesse avec des tannins \u00e9l\u00e9gants, parfaitement int\u00e9gr\u00e9s et une persistance fruit\u00e9e. Maintenant &#8211; 2034 <strong>92\/100<\/strong><\/p>\n<h5 style=\"text-align: justify;\"><strong><span style=\"color: #800000;\">Ch\u00e2teau L\u2019Inclassable 2000<\/span><\/strong><\/h5>\n<p style=\"text-align: justify; padding-left: 40px;\">Ann\u00e9e difficile pour le vigneron o\u00f9 il a d\u00fb renoncer \u00e0 l&rsquo;utilisation du nom \u00ab\u00a0Lafon\u00a0\u00bb pour lequel il n&rsquo;avait pas renouvel\u00e9 \u00e0 temps la protection y relative. C&rsquo;est ainsi qu&rsquo;est n\u00e9 L&rsquo;Inclassable. Le bouquet r\u00e9v\u00e8le des nuances de feuilles de tabac, de graphite et de baies noires. Le vin est gourmand, invitant et il affiche des tannins tr\u00e8s fins. Belle fra\u00eecheur autant au nez qu&rsquo;en bouche. Un vin invitant, authentique et convaincant. Maintenant &#8211; 2034 <strong>91\/100<\/strong><\/p>\n<hr \/>\n<h4 style=\"text-align: center;\"><strong>Ch\u00e2teau Lafon devient L&rsquo;Inclassable<\/strong><\/h4>\n<p style=\"text-align: justify;\"><em><strong>R\u00e9my Fauchey<\/strong> a connu un coup dur en 2000. Que s&rsquo;est-il pass\u00e9 ? En France, la loi exige le renouvellement de la protection d&rsquo;un nom enregistr\u00e9 tous les dix ans.<\/em><\/p>\n<p style=\"text-align: justify;\"><em>Lors que R\u00e9my Fauchey veut renouveler la protection en 1996, il d\u00e9pose sa demande avec 14 jours de retard. Aucun d\u00e9lai n\u2019\u00e9tant accord\u00e9, on lui recommande alors de red\u00e9poser sa marque. Tout est donc bien qui finit bien\u2026 sauf que en 1999 il re\u00e7oit une assignation \u00e0 compara\u00eetre devant les tribunaux de Bordeaux pour acte de contrefa\u00e7on\u00a0; la demande a \u00e9t\u00e9 d\u00e9pos\u00e9e par la famille Th\u00e9ron, propri\u00e9taire du Ch\u00e2teau Lafon \u00e0 Listrac depuis 1969\u2026<\/em><\/p>\n<p style=\"text-align: justify;\"><em>Aucun argument ne fait le poids ; ni l&rsquo;histoire du Ch\u00e2teau Lafon qui remonte au 19\u00e8me si\u00e8cle, ni le fait que la famille Fauchey en est propri\u00e9taire depuis 104 ans.<\/em><\/p>\n<p style=\"text-align: justify;\"><em>Apr\u00e8s une longue proc\u00e9dure, le verdict d\u00e9finitif tombe en 2000 : R\u00e9my Fauchey n&rsquo;a plus le droit d&rsquo;appeler d\u2019utiliser le nom Lafon pour sa propri\u00e9t\u00e9.<\/em><\/p>\n<hr \/>\n<h5 style=\"text-align: justify;\"><strong><span style=\"color: #800000;\">Ch\u00e2teau L\u2019Inclassable 2001<\/span><\/strong><\/h5>\n<p style=\"text-align: justify; padding-left: 40px;\">Le 2001 a le lourd h\u00e9ritage de suivre au 2000 et nous, nous sommes tr\u00e8s contents de lui ; c&rsquo;est un vieux vin qui se porte bien, explique R\u00e9my Fauchey. Beckustator est d&rsquo;accord avec lui ! Le vin a de la densit\u00e9, des tannins en pleine forme, une belle fra\u00eecheur et m\u00eame de l&rsquo;avenir. Maintenant &#8211; 2034 <strong>91\/100<\/strong><\/p>\n<h5 style=\"text-align: justify;\"><strong><span style=\"color: #800000;\">Ch\u00e2teau L&rsquo;Inclassable 2004<\/span><\/strong><\/h5>\n<p style=\"text-align: justify; padding-left: 40px;\">Le bouquet du 2004 est un v\u00e9ritable cam\u00e9l\u00e9on ; il parvient quand-m\u00eame \u00e0 cumuler fra\u00eecheur, intensit\u00e9 fruit\u00e9e et \u00e9panouissement. Invitantes nuances de cassis et d&rsquo;eucalyputs. Le vin est friand, fruit\u00e9, rond et \u00e9quilibr\u00e9. Une tr\u00e8s belle r\u00e9ussite qui souligne, une fois de plus, l&rsquo;aptitude \u00e0 la garde des vins m\u00e9docains. Maintenant &#8211; 2034 <strong>92\/100<\/strong><\/p>\n<h5 style=\"text-align: center;\">Et un vin en primeurs pour terminer<\/h5>\n<h5><strong><span style=\"color: #800000;\">Ch\u00e2teau L\u2019Inclassable 2021<\/span><\/strong><\/h5>\n<p style=\"text-align: justify; padding-left: 40px;\">60% Cabernet Sauvignon, 25% Petit Verdot, 15% Merlot<br \/>\nQuelle belle fra\u00eecheur dans le bouquet de l&rsquo;Inclassable et quelle \u00e9nergie en bouche. Le vin est juteux, l\u00e9g\u00e8rement cr\u00e9meux et dot\u00e9 de tannins aux trains fins. Beaucoup de sinc\u00e9rit\u00e9, d&rsquo;authenticit\u00e9 et de caract\u00e8re dans ce vin. Il me semble se d\u00e9sint\u00e9resser de la nature du mill\u00e9sime avec s\u00e9r\u00e9nit\u00e9\u2026 il a juste envie de rester inclassable. Ce vin a une histoire \u00e0 raconter, il a des ambitions et dispose d&rsquo;un terroir exceptionnel qui lui permet d&rsquo;assumer les choix de ses g\u00e9niteurs. 2025-2035 <strong>91-93\/100<\/strong><\/p>\n<hr \/>\n<h5 style=\"text-align: left;\"><strong>Contact<\/strong><\/h5>\n<p style=\"text-align: left;\">Ch\u00e2teau l\u2019Inclassable<br \/>\n4 Chemin des Vignes<br \/>\n33340 Blaignan-Prignac<br \/>\nTel. +33 5 56 09 02 17<\/p>\n<p style=\"text-align: left;\"><a href=\"https:\/\/linclassable.com\/presentation-vin-linclassable-famille-fauchey\/\" target=\"_blank\" rel=\"noopener\">Visitez le site internet de la propri\u00e9t\u00e9<\/a><\/p>\n<hr \/>\n<p><strong><a href=\"https:\/\/www.yvesbeck.wine\/fr\/produkt\/abonnement-prive-yvesbeck-wine\/\">Abonnez-vous \u00e0 yvesbeck.wine \u00e0 partir de CHF. 98.00 par ann\u00e9e et acc\u00e9dez \u00e0 38483 notes de d\u00e9gustation en ligne<\/a><\/strong><\/p>\n<p>&nbsp;<\/p>\n","protected":false},"excerpt":{"rendered":"<p>Je ne sais pas vraiment lequel est le plus hors-classe entre L&rsquo;Inclassable et R\u00e9my Fauchey&#8230; les deux ont une forte identit\u00e9 ! Certes l&rsquo;identit\u00e9 du Ch\u00e2teau L&rsquo;Inclassable (Ch\u00e2teau Lafon jusqu&rsquo;en 2003) est plus r\u00e9cente que le vigneron, par contre l&rsquo;histoire de la propri\u00e9t\u00e9 remonte au 18\u00e8me si\u00e8cle. Au cours du XIX si\u00e8cle, le Ch\u00e2teau L\u2019Inclassable [&hellip;]<\/p>\n","protected":false},"author":14,"featured_media":163096,"comment_status":"closed","ping_status":"closed","sticky":false,"template":"","format":"standard","meta":{"_acf_changed":false,"_et_pb_use_builder":"","_et_pb_old_content":"","_et_gb_content_width":"","footnotes":""},"categories":[190],"tags":[8723,13950,10739],"class_list":["post-106257","post","type-post","status-publish","format-standard","has-post-thumbnail","hentry","category-bordeaux-france","tag-bordeaux-fr","tag-linclassable-fr","tag-medoc-fr"],"acf":[],"yoast_head":"<!-- This site is optimized with the Yoast SEO plugin v26.9 - https:\/\/yoast.com\/product\/yoast-seo-wordpress\/ -->\n<title>Ch\u00e2teau L&#039;Inclassable de R\u00e9my Fauchey - Yves Beck<\/title>\n<meta name=\"description\" content=\"Cette propri\u00e9t\u00e9 peut se targuer d&#039;une longue histoire ; elle fut d\u00e9j\u00e0 cit\u00e9e en 1796. Ch\u00e2teau L&#039;Inclassable de R\u00e9my Fauchey est hors-classe !\" \/>\n<meta name=\"robots\" content=\"index, follow, max-snippet:-1, max-image-preview:large, max-video-preview:-1\" \/>\n<link rel=\"canonical\" href=\"https:\/\/www.yvesbeck.wine\/fr\/chateau-linclassable-de-remy-fauchey\/\" \/>\n<meta property=\"og:locale\" content=\"fr_FR\" \/>\n<meta property=\"og:type\" content=\"article\" \/>\n<meta property=\"og:title\" content=\"Ch\u00e2teau L&#039;Inclassable de R\u00e9my Fauchey - Yves Beck\" \/>\n<meta property=\"og:description\" content=\"Cette propri\u00e9t\u00e9 peut se targuer d&#039;une longue histoire ; elle fut d\u00e9j\u00e0 cit\u00e9e en 1796. Ch\u00e2teau L&#039;Inclassable de R\u00e9my Fauchey est hors-classe !\" \/>\n<meta property=\"og:url\" content=\"https:\/\/www.yvesbeck.wine\/fr\/chateau-linclassable-de-remy-fauchey\/\" \/>\n<meta property=\"og:site_name\" content=\"Yves Beck\" \/>\n<meta property=\"article:publisher\" content=\"https:\/\/www.facebook.com\/beckustator\" \/>\n<meta property=\"article:author\" content=\"https:\/\/www.facebook.com\/beckustator\" \/>\n<meta property=\"article:published_time\" content=\"2022-06-14T14:53:14+00:00\" \/>\n<meta property=\"article:modified_time\" content=\"2026-01-04T14:43:34+00:00\" \/>\n<meta property=\"og:image\" content=\"https:\/\/www.yvesbeck.wine\/wp-content\/uploads\/2022\/06\/Chateau-LInclassable-de-Remy-Fauchey-copie.png\" \/>\n\t<meta property=\"og:image:width\" content=\"1300\" \/>\n\t<meta property=\"og:image:height\" content=\"588\" \/>\n\t<meta property=\"og:image:type\" content=\"image\/png\" \/>\n<meta name=\"author\" content=\"Yves Beck\" \/>\n<meta name=\"twitter:card\" content=\"summary_large_image\" \/>\n<meta name=\"twitter:creator\" content=\"@beckustator\" \/>\n<meta name=\"twitter:site\" content=\"@beckustator\" \/>\n<meta name=\"twitter:label1\" content=\"\u00c9crit par\" \/>\n\t<meta name=\"twitter:data1\" content=\"Yves Beck\" \/>\n\t<meta name=\"twitter:label2\" content=\"Dur\u00e9e de lecture estim\u00e9e\" \/>\n\t<meta name=\"twitter:data2\" content=\"7 minutes\" \/>\n<script type=\"application\/ld+json\" class=\"yoast-schema-graph\">{\"@context\":\"https:\/\/schema.org\",\"@graph\":[{\"@type\":\"Article\",\"@id\":\"https:\/\/www.yvesbeck.wine\/fr\/chateau-linclassable-de-remy-fauchey\/#article\",\"isPartOf\":{\"@id\":\"https:\/\/www.yvesbeck.wine\/fr\/chateau-linclassable-de-remy-fauchey\/\"},\"author\":{\"name\":\"Yves Beck\",\"@id\":\"https:\/\/www.yvesbeck.wine\/#\/schema\/person\/33cc92b5916fa8e634fe59f0121a0cad\"},\"headline\":\"Ch\u00e2teau L&rsquo;Inclassable de R\u00e9my Fauchey\",\"datePublished\":\"2022-06-14T14:53:14+00:00\",\"dateModified\":\"2026-01-04T14:43:34+00:00\",\"mainEntityOfPage\":{\"@id\":\"https:\/\/www.yvesbeck.wine\/fr\/chateau-linclassable-de-remy-fauchey\/\"},\"wordCount\":1246,\"publisher\":{\"@id\":\"https:\/\/www.yvesbeck.wine\/#organization\"},\"image\":{\"@id\":\"https:\/\/www.yvesbeck.wine\/fr\/chateau-linclassable-de-remy-fauchey\/#primaryimage\"},\"thumbnailUrl\":\"https:\/\/www.yvesbeck.wine\/wp-content\/uploads\/2022\/06\/Chateau-LInclassable-de-Remy-Fauchey-copie.png\",\"keywords\":[\"Bordeaux\",\"L'Inclassable\",\"M\u00e9doc\"],\"articleSection\":[\"Bordeaux\"],\"inLanguage\":\"fr-FR\"},{\"@type\":\"WebPage\",\"@id\":\"https:\/\/www.yvesbeck.wine\/fr\/chateau-linclassable-de-remy-fauchey\/\",\"url\":\"https:\/\/www.yvesbeck.wine\/fr\/chateau-linclassable-de-remy-fauchey\/\",\"name\":\"Ch\u00e2teau L'Inclassable de R\u00e9my Fauchey - Yves Beck\",\"isPartOf\":{\"@id\":\"https:\/\/www.yvesbeck.wine\/#website\"},\"primaryImageOfPage\":{\"@id\":\"https:\/\/www.yvesbeck.wine\/fr\/chateau-linclassable-de-remy-fauchey\/#primaryimage\"},\"image\":{\"@id\":\"https:\/\/www.yvesbeck.wine\/fr\/chateau-linclassable-de-remy-fauchey\/#primaryimage\"},\"thumbnailUrl\":\"https:\/\/www.yvesbeck.wine\/wp-content\/uploads\/2022\/06\/Chateau-LInclassable-de-Remy-Fauchey-copie.png\",\"datePublished\":\"2022-06-14T14:53:14+00:00\",\"dateModified\":\"2026-01-04T14:43:34+00:00\",\"description\":\"Cette propri\u00e9t\u00e9 peut se targuer d'une longue histoire ; elle fut d\u00e9j\u00e0 cit\u00e9e en 1796. Ch\u00e2teau L'Inclassable de R\u00e9my Fauchey est hors-classe !\",\"breadcrumb\":{\"@id\":\"https:\/\/www.yvesbeck.wine\/fr\/chateau-linclassable-de-remy-fauchey\/#breadcrumb\"},\"inLanguage\":\"fr-FR\",\"potentialAction\":[{\"@type\":\"ReadAction\",\"target\":[\"https:\/\/www.yvesbeck.wine\/fr\/chateau-linclassable-de-remy-fauchey\/\"]}]},{\"@type\":\"ImageObject\",\"inLanguage\":\"fr-FR\",\"@id\":\"https:\/\/www.yvesbeck.wine\/fr\/chateau-linclassable-de-remy-fauchey\/#primaryimage\",\"url\":\"https:\/\/www.yvesbeck.wine\/wp-content\/uploads\/2022\/06\/Chateau-LInclassable-de-Remy-Fauchey-copie.png\",\"contentUrl\":\"https:\/\/www.yvesbeck.wine\/wp-content\/uploads\/2022\/06\/Chateau-LInclassable-de-Remy-Fauchey-copie.png\",\"width\":1300,\"height\":588,\"caption\":\"Ch\u00e2teau L'Inclassable de R\u00e9my Fauchey - yvesbeck.wine\"},{\"@type\":\"BreadcrumbList\",\"@id\":\"https:\/\/www.yvesbeck.wine\/fr\/chateau-linclassable-de-remy-fauchey\/#breadcrumb\",\"itemListElement\":[{\"@type\":\"ListItem\",\"position\":1,\"name\":\"Startseite\",\"item\":\"https:\/\/www.yvesbeck.wine\/fr\/\"},{\"@type\":\"ListItem\",\"position\":2,\"name\":\"Ch\u00e2teau L&rsquo;Inclassable de R\u00e9my Fauchey\"}]},{\"@type\":\"WebSite\",\"@id\":\"https:\/\/www.yvesbeck.wine\/#website\",\"url\":\"https:\/\/www.yvesbeck.wine\/\",\"name\":\"Yves Beck\",\"description\":\"Beckustator\",\"publisher\":{\"@id\":\"https:\/\/www.yvesbeck.wine\/#organization\"},\"potentialAction\":[{\"@type\":\"SearchAction\",\"target\":{\"@type\":\"EntryPoint\",\"urlTemplate\":\"https:\/\/www.yvesbeck.wine\/?s={search_term_string}\"},\"query-input\":{\"@type\":\"PropertyValueSpecification\",\"valueRequired\":true,\"valueName\":\"search_term_string\"}}],\"inLanguage\":\"fr-FR\"},{\"@type\":\"Organization\",\"@id\":\"https:\/\/www.yvesbeck.wine\/#organization\",\"name\":\"yvesbeck.wine\",\"url\":\"https:\/\/www.yvesbeck.wine\/\",\"logo\":{\"@type\":\"ImageObject\",\"inLanguage\":\"fr-FR\",\"@id\":\"https:\/\/www.yvesbeck.wine\/#\/schema\/logo\/image\/\",\"url\":\"https:\/\/www.yvesbeck.wine\/wp-content\/uploads\/frontend\/2016\/07\/20160722-Logo-Sidebar.png\",\"contentUrl\":\"https:\/\/www.yvesbeck.wine\/wp-content\/uploads\/frontend\/2016\/07\/20160722-Logo-Sidebar.png\",\"width\":376,\"height\":200,\"caption\":\"yvesbeck.wine\"},\"image\":{\"@id\":\"https:\/\/www.yvesbeck.wine\/#\/schema\/logo\/image\/\"},\"sameAs\":[\"https:\/\/www.facebook.com\/beckustator\",\"https:\/\/x.com\/beckustator\",\"https:\/\/www.instagram.com\/beckustator\",\"https:\/\/www.linkedin.com\/in\/yvesbeck\/\"]},{\"@type\":\"Person\",\"@id\":\"https:\/\/www.yvesbeck.wine\/#\/schema\/person\/33cc92b5916fa8e634fe59f0121a0cad\",\"name\":\"Yves Beck\",\"sameAs\":[\"https:\/\/www.yvesbeck.wine\",\"https:\/\/www.facebook.com\/beckustator\",\"https:\/\/www.instagram.com\/beckustator\",\"https:\/\/www.linkedin\/in\/yvesbeck\"],\"url\":\"https:\/\/www.yvesbeck.wine\/fr\/author\/ddb68\/\"}]}<\/script>\n<!-- \/ Yoast SEO plugin. -->","yoast_head_json":{"title":"Ch\u00e2teau L'Inclassable de R\u00e9my Fauchey - Yves Beck","description":"Cette propri\u00e9t\u00e9 peut se targuer d'une longue histoire ; elle fut d\u00e9j\u00e0 cit\u00e9e en 1796. Ch\u00e2teau L'Inclassable de R\u00e9my Fauchey est hors-classe !","robots":{"index":"index","follow":"follow","max-snippet":"max-snippet:-1","max-image-preview":"max-image-preview:large","max-video-preview":"max-video-preview:-1"},"canonical":"https:\/\/www.yvesbeck.wine\/fr\/chateau-linclassable-de-remy-fauchey\/","og_locale":"fr_FR","og_type":"article","og_title":"Ch\u00e2teau L'Inclassable de R\u00e9my Fauchey - Yves Beck","og_description":"Cette propri\u00e9t\u00e9 peut se targuer d'une longue histoire ; elle fut d\u00e9j\u00e0 cit\u00e9e en 1796. Ch\u00e2teau L'Inclassable de R\u00e9my Fauchey est hors-classe !","og_url":"https:\/\/www.yvesbeck.wine\/fr\/chateau-linclassable-de-remy-fauchey\/","og_site_name":"Yves Beck","article_publisher":"https:\/\/www.facebook.com\/beckustator","article_author":"https:\/\/www.facebook.com\/beckustator","article_published_time":"2022-06-14T14:53:14+00:00","article_modified_time":"2026-01-04T14:43:34+00:00","og_image":[{"width":1300,"height":588,"url":"https:\/\/www.yvesbeck.wine\/wp-content\/uploads\/2022\/06\/Chateau-LInclassable-de-Remy-Fauchey-copie.png","type":"image\/png"}],"author":"Yves Beck","twitter_card":"summary_large_image","twitter_creator":"@beckustator","twitter_site":"@beckustator","twitter_misc":{"\u00c9crit par":"Yves Beck","Dur\u00e9e de lecture estim\u00e9e":"7 minutes"},"schema":{"@context":"https:\/\/schema.org","@graph":[{"@type":"Article","@id":"https:\/\/www.yvesbeck.wine\/fr\/chateau-linclassable-de-remy-fauchey\/#article","isPartOf":{"@id":"https:\/\/www.yvesbeck.wine\/fr\/chateau-linclassable-de-remy-fauchey\/"},"author":{"name":"Yves Beck","@id":"https:\/\/www.yvesbeck.wine\/#\/schema\/person\/33cc92b5916fa8e634fe59f0121a0cad"},"headline":"Ch\u00e2teau L&rsquo;Inclassable de R\u00e9my Fauchey","datePublished":"2022-06-14T14:53:14+00:00","dateModified":"2026-01-04T14:43:34+00:00","mainEntityOfPage":{"@id":"https:\/\/www.yvesbeck.wine\/fr\/chateau-linclassable-de-remy-fauchey\/"},"wordCount":1246,"publisher":{"@id":"https:\/\/www.yvesbeck.wine\/#organization"},"image":{"@id":"https:\/\/www.yvesbeck.wine\/fr\/chateau-linclassable-de-remy-fauchey\/#primaryimage"},"thumbnailUrl":"https:\/\/www.yvesbeck.wine\/wp-content\/uploads\/2022\/06\/Chateau-LInclassable-de-Remy-Fauchey-copie.png","keywords":["Bordeaux","L'Inclassable","M\u00e9doc"],"articleSection":["Bordeaux"],"inLanguage":"fr-FR"},{"@type":"WebPage","@id":"https:\/\/www.yvesbeck.wine\/fr\/chateau-linclassable-de-remy-fauchey\/","url":"https:\/\/www.yvesbeck.wine\/fr\/chateau-linclassable-de-remy-fauchey\/","name":"Ch\u00e2teau L'Inclassable de R\u00e9my Fauchey - Yves Beck","isPartOf":{"@id":"https:\/\/www.yvesbeck.wine\/#website"},"primaryImageOfPage":{"@id":"https:\/\/www.yvesbeck.wine\/fr\/chateau-linclassable-de-remy-fauchey\/#primaryimage"},"image":{"@id":"https:\/\/www.yvesbeck.wine\/fr\/chateau-linclassable-de-remy-fauchey\/#primaryimage"},"thumbnailUrl":"https:\/\/www.yvesbeck.wine\/wp-content\/uploads\/2022\/06\/Chateau-LInclassable-de-Remy-Fauchey-copie.png","datePublished":"2022-06-14T14:53:14+00:00","dateModified":"2026-01-04T14:43:34+00:00","description":"Cette propri\u00e9t\u00e9 peut se targuer d'une longue histoire ; elle fut d\u00e9j\u00e0 cit\u00e9e en 1796. Ch\u00e2teau L'Inclassable de R\u00e9my Fauchey est hors-classe !","breadcrumb":{"@id":"https:\/\/www.yvesbeck.wine\/fr\/chateau-linclassable-de-remy-fauchey\/#breadcrumb"},"inLanguage":"fr-FR","potentialAction":[{"@type":"ReadAction","target":["https:\/\/www.yvesbeck.wine\/fr\/chateau-linclassable-de-remy-fauchey\/"]}]},{"@type":"ImageObject","inLanguage":"fr-FR","@id":"https:\/\/www.yvesbeck.wine\/fr\/chateau-linclassable-de-remy-fauchey\/#primaryimage","url":"https:\/\/www.yvesbeck.wine\/wp-content\/uploads\/2022\/06\/Chateau-LInclassable-de-Remy-Fauchey-copie.png","contentUrl":"https:\/\/www.yvesbeck.wine\/wp-content\/uploads\/2022\/06\/Chateau-LInclassable-de-Remy-Fauchey-copie.png","width":1300,"height":588,"caption":"Ch\u00e2teau L'Inclassable de R\u00e9my Fauchey - yvesbeck.wine"},{"@type":"BreadcrumbList","@id":"https:\/\/www.yvesbeck.wine\/fr\/chateau-linclassable-de-remy-fauchey\/#breadcrumb","itemListElement":[{"@type":"ListItem","position":1,"name":"Startseite","item":"https:\/\/www.yvesbeck.wine\/fr\/"},{"@type":"ListItem","position":2,"name":"Ch\u00e2teau L&rsquo;Inclassable de R\u00e9my Fauchey"}]},{"@type":"WebSite","@id":"https:\/\/www.yvesbeck.wine\/#website","url":"https:\/\/www.yvesbeck.wine\/","name":"Yves Beck","description":"Beckustator","publisher":{"@id":"https:\/\/www.yvesbeck.wine\/#organization"},"potentialAction":[{"@type":"SearchAction","target":{"@type":"EntryPoint","urlTemplate":"https:\/\/www.yvesbeck.wine\/?s={search_term_string}"},"query-input":{"@type":"PropertyValueSpecification","valueRequired":true,"valueName":"search_term_string"}}],"inLanguage":"fr-FR"},{"@type":"Organization","@id":"https:\/\/www.yvesbeck.wine\/#organization","name":"yvesbeck.wine","url":"https:\/\/www.yvesbeck.wine\/","logo":{"@type":"ImageObject","inLanguage":"fr-FR","@id":"https:\/\/www.yvesbeck.wine\/#\/schema\/logo\/image\/","url":"https:\/\/www.yvesbeck.wine\/wp-content\/uploads\/frontend\/2016\/07\/20160722-Logo-Sidebar.png","contentUrl":"https:\/\/www.yvesbeck.wine\/wp-content\/uploads\/frontend\/2016\/07\/20160722-Logo-Sidebar.png","width":376,"height":200,"caption":"yvesbeck.wine"},"image":{"@id":"https:\/\/www.yvesbeck.wine\/#\/schema\/logo\/image\/"},"sameAs":["https:\/\/www.facebook.com\/beckustator","https:\/\/x.com\/beckustator","https:\/\/www.instagram.com\/beckustator","https:\/\/www.linkedin.com\/in\/yvesbeck\/"]},{"@type":"Person","@id":"https:\/\/www.yvesbeck.wine\/#\/schema\/person\/33cc92b5916fa8e634fe59f0121a0cad","name":"Yves Beck","sameAs":["https:\/\/www.yvesbeck.wine","https:\/\/www.facebook.com\/beckustator","https:\/\/www.instagram.com\/beckustator","https:\/\/www.linkedin\/in\/yvesbeck"],"url":"https:\/\/www.yvesbeck.wine\/fr\/author\/ddb68\/"}]}},"_links":{"self":[{"href":"https:\/\/www.yvesbeck.wine\/fr\/wp-json\/wp\/v2\/posts\/106257","targetHints":{"allow":["GET"]}}],"collection":[{"href":"https:\/\/www.yvesbeck.wine\/fr\/wp-json\/wp\/v2\/posts"}],"about":[{"href":"https:\/\/www.yvesbeck.wine\/fr\/wp-json\/wp\/v2\/types\/post"}],"author":[{"embeddable":true,"href":"https:\/\/www.yvesbeck.wine\/fr\/wp-json\/wp\/v2\/users\/14"}],"replies":[{"embeddable":true,"href":"https:\/\/www.yvesbeck.wine\/fr\/wp-json\/wp\/v2\/comments?post=106257"}],"version-history":[{"count":4,"href":"https:\/\/www.yvesbeck.wine\/fr\/wp-json\/wp\/v2\/posts\/106257\/revisions"}],"predecessor-version":[{"id":376146,"href":"https:\/\/www.yvesbeck.wine\/fr\/wp-json\/wp\/v2\/posts\/106257\/revisions\/376146"}],"wp:featuredmedia":[{"embeddable":true,"href":"https:\/\/www.yvesbeck.wine\/fr\/wp-json\/wp\/v2\/media\/163096"}],"wp:attachment":[{"href":"https:\/\/www.yvesbeck.wine\/fr\/wp-json\/wp\/v2\/media?parent=106257"}],"wp:term":[{"taxonomy":"category","embeddable":true,"href":"https:\/\/www.yvesbeck.wine\/fr\/wp-json\/wp\/v2\/categories?post=106257"},{"taxonomy":"post_tag","embeddable":true,"href":"https:\/\/www.yvesbeck.wine\/fr\/wp-json\/wp\/v2\/tags?post=106257"}],"curies":[{"name":"wp","href":"https:\/\/api.w.org\/{rel}","templated":true}]}}